{"id":143110,"date":"2025-05-27T07:38:08","date_gmt":"2025-05-27T07:38:08","guid":{"rendered":"https:\/\/www.europesays.com\/de\/143110\/"},"modified":"2025-05-27T07:38:08","modified_gmt":"2025-05-27T07:38:08","slug":"everswinkel-gegen-gruenen-skoda-citigo-gefahren-und-gefluechtet","status":"publish","type":"post","link":"https:\/\/www.europesays.com\/de\/143110\/","title":{"rendered":"Everswinkel. Gegen gr\u00fcnen Skoda Citigo gefahren und gefl\u00fcchtet"},"content":{"rendered":"<p class=\"bodytext\">Am Montag, 26.5.2025 fuhr ein unbekannter Fahrzeugf\u00fchrer zwischen 16.15 Uhr und 18.15 Uhr in Everswinkel, Hovestra\u00dfe gegen einen gr\u00fcnen Skoda Citigo. Das an der hinteren Fahrert\u00fcr besch\u00e4digte Auto stand in den Parkl\u00fccken eines Geldinstituts, die zum Magnusplatz ausgerichtet sind. Wer hat den Verkehrsunfall beobachtet? Wer kann Angaben zu dem Verursacher oder dessen Fahrzeug machen? Hinweise nimmt die Polizei in Warendorf, Telefon 02581\/94100-0 oder per E-Mail: poststelle.warendorf@polizei.nrw.de entgegen.<\/p>\n<p>R\u00fcckfragen zur Pressemitteilung bitte an:<\/p>\n<p>Polizei Warendorf Pressestelle Telefon: 02581\/600-230 Fax: 02581\/600-129 E-Mail: pressestelle.warendorf@polizei.nrw.de <a href=\"https:\/\/warendorf.polizei.nrw\/\" target=\"_blank\" rel=\"nofollow noopener\">warendorf.polizei.nrw<\/a><\/p>\n<p>Au\u00dferhalb der B\u00fcrozeiten: Polizei Warendorf Leitstelle Tel.: 02581\/600-230 Fax: 02581\/600-249 Email: poststelle.warendorf@polizei.nrw.de <a href=\"https:\/\/warendorf.polizei.nrw\/\" target=\"_blank\" rel=\"nofollow noopener\">warendorf.polizei.nrw<\/a><\/p>\n<p> Original-Content von: Polizei Warendorf, \u00fcbermittelt durch news aktuell<\/p>\n","protected":false},"excerpt":{"rendered":"Am Montag, 26.5.2025 fuhr ein unbekannter Fahrzeugf\u00fchrer zwischen 16.15 Uhr und 18.15 Uhr in Everswinkel, Hovestra\u00dfe gegen einen&hellip;\n","protected":false},"author":2,"featured_media":122542,"comment_status":"","ping_status":"","sticky":false,"template":"","format":"standard","meta":{"footnotes":""},"categories":[1843],"tags":[3364,29,30,8970,1209,12925],"class_list":{"0":"post-143110","1":"post","2":"type-post","3":"status-publish","4":"format-standard","5":"has-post-thumbnail","7":"category-muenster","8":"tag-de","9":"tag-deutschland","10":"tag-germany","11":"tag-muenster","12":"tag-nordrhein-westfalen","13":"tag-polizeimeldungen"},"share_on_mastodon":{"url":"https:\/\/pubeurope.com\/@de\/114578660031139606","error":""},"_links":{"self":[{"href":"https:\/\/www.europesays.com\/de\/wp-json\/wp\/v2\/posts\/143110","targetHints":{"allow":["GET"]}}],"collection":[{"href":"https:\/\/www.europesays.com\/de\/wp-json\/wp\/v2\/posts"}],"about":[{"href":"https:\/\/www.europesays.com\/de\/wp-json\/wp\/v2\/types\/post"}],"author":[{"embeddable":true,"href":"https:\/\/www.europesays.com\/de\/wp-json\/wp\/v2\/users\/2"}],"replies":[{"embeddable":true,"href":"https:\/\/www.europesays.com\/de\/wp-json\/wp\/v2\/comments?post=143110"}],"version-history":[{"count":0,"href":"https:\/\/www.europesays.com\/de\/wp-json\/wp\/v2\/posts\/143110\/revisions"}],"wp:featuredmedia":[{"embeddable":true,"href":"https:\/\/www.europesays.com\/de\/wp-json\/wp\/v2\/media\/122542"}],"wp:attachment":[{"href":"https:\/\/www.europesays.com\/de\/wp-json\/wp\/v2\/media?parent=143110"}],"wp:term":[{"taxonomy":"category","embeddable":true,"href":"https:\/\/www.europesays.com\/de\/wp-json\/wp\/v2\/categories?post=143110"},{"taxonomy":"post_tag","embeddable":true,"href":"https:\/\/www.europesays.com\/de\/wp-json\/wp\/v2\/tags?post=143110"}],"curies":[{"name":"wp","href":"https:\/\/api.w.org\/{rel}","templated":true}]}}