{"id":143163,"date":"2025-05-27T08:08:08","date_gmt":"2025-05-27T08:08:08","guid":{"rendered":"https:\/\/www.europesays.com\/de\/143163\/"},"modified":"2025-05-27T08:08:08","modified_gmt":"2025-05-27T08:08:08","slug":"stromausfall-in-essen-gleich-mehrere-strassen-ohne-strom","status":"publish","type":"post","link":"https:\/\/www.europesays.com\/de\/143163\/","title":{"rendered":"Stromausfall in Essen: Gleich mehrere Stra\u00dfen ohne Strom"},"content":{"rendered":"<p>Stromausfall in Essen<\/p>\n<p>In vielen H\u00e4usern in Essen-Holsterhausen gab es am Dienstagmorgen (27. Mai) keinen Strom. Gegen 9.10 Uhr ist der Strom rund um die Gemarkenstra\u00dfe, Keplerstra\u00dfe und Savignystra\u00dfe ausgefallen, sagt die Westnetz. Gegen 9.20 Uhr waren die meisten Haushalte wieder versorgt. Techniker der Westnetz waren vor Ort und haben daran gearbeitet, auch die letzten Haushalte wieder ans Stromnetz anzuschlie\u00dfen. Gegen 9.45 Uhr hat das geklappt. Warum der Strom ausgefallen ist und wie viele Haushalte betroffen waren, ist nicht bekannt.<\/p>\n<p>Mehr Nachrichten aus Essen<\/p>\n","protected":false},"excerpt":{"rendered":"Stromausfall in Essen In vielen H\u00e4usern in Essen-Holsterhausen gab es am Dienstagmorgen (27. Mai) keinen Strom. Gegen 9.10&hellip;\n","protected":false},"author":2,"featured_media":143164,"comment_status":"","ping_status":"","sticky":false,"template":"","format":"standard","meta":{"footnotes":""},"categories":[1834],"tags":[3275,3364,29,3688,30,1209,2185,5667],"class_list":{"0":"post-143163","1":"post","2":"type-post","3":"status-publish","4":"format-standard","5":"has-post-thumbnail","7":"category-essen","8":"tag-lokalnachrichten","9":"tag-de","10":"tag-deutschland","11":"tag-essen","12":"tag-germany","13":"tag-nordrhein-westfalen","14":"tag-strom","15":"tag-stromausfall"},"share_on_mastodon":{"url":"","error":""},"_links":{"self":[{"href":"https:\/\/www.europesays.com\/de\/wp-json\/wp\/v2\/posts\/143163","targetHints":{"allow":["GET"]}}],"collection":[{"href":"https:\/\/www.europesays.com\/de\/wp-json\/wp\/v2\/posts"}],"about":[{"href":"https:\/\/www.europesays.com\/de\/wp-json\/wp\/v2\/types\/post"}],"author":[{"embeddable":true,"href":"https:\/\/www.europesays.com\/de\/wp-json\/wp\/v2\/users\/2"}],"replies":[{"embeddable":true,"href":"https:\/\/www.europesays.com\/de\/wp-json\/wp\/v2\/comments?post=143163"}],"version-history":[{"count":0,"href":"https:\/\/www.europesays.com\/de\/wp-json\/wp\/v2\/posts\/143163\/revisions"}],"wp:featuredmedia":[{"embeddable":true,"href":"https:\/\/www.europesays.com\/de\/wp-json\/wp\/v2\/media\/143164"}],"wp:attachment":[{"href":"https:\/\/www.europesays.com\/de\/wp-json\/wp\/v2\/media?parent=143163"}],"wp:term":[{"taxonomy":"category","embeddable":true,"href":"https:\/\/www.europesays.com\/de\/wp-json\/wp\/v2\/categories?post=143163"},{"taxonomy":"post_tag","embeddable":true,"href":"https:\/\/www.europesays.com\/de\/wp-json\/wp\/v2\/tags?post=143163"}],"curies":[{"name":"wp","href":"https:\/\/api.w.org\/{rel}","templated":true}]}}