{"id":143342,"date":"2025-05-27T09:45:09","date_gmt":"2025-05-27T09:45:09","guid":{"rendered":"https:\/\/www.europesays.com\/de\/143342\/"},"modified":"2025-05-27T09:45:09","modified_gmt":"2025-05-27T09:45:09","slug":"hamburg-schwerer-unfall-zwischen-lkw-und-fahrradfahrer-regional","status":"publish","type":"post","link":"https:\/\/www.europesays.com\/de\/143342\/","title":{"rendered":"Hamburg: Schwerer Unfall zwischen Lkw und Fahrradfahrer | Regional"},"content":{"rendered":"<p>Hamburg \u2013 <b>Ein 53-j\u00e4hriger Radfahrer ist bei einem Unfall mit einem Lkw in Hamburg-Hammerbrook schwer verletzt worden.<\/b><\/p>\n<p>Der Vorfall ereignete sich am 27.05.2025 um 9.16 Uhr, als ein 48-j\u00e4hriger bulgarischer Lkw-Fahrer auf dem Heidenkampsweg stadteinw\u00e4rts fuhr und bei gr\u00fcner Ampel rechts in den Bullerdeich abbog. Dabei kollidierte er mit dem Radfahrer, der parallel in gleicher Richtung unterwegs war und ebenfalls bei gr\u00fcn den Bullerdeich \u00fcberqueren wollte.<\/p>\n<p>Auch interessant<\/p>\n<p>Anzeige<\/p>\n<p>Auch interessant<\/p>\n<p>Anzeige<\/p>\n<p>Der Radfahrer st\u00fcrzte und erlitt schwere Verletzungen. Rettungskr\u00e4fte brachten ihn umgehend ins Krankenhaus. Die Stra\u00dfe Bullerdeich ist momentan f\u00fcr die Unfallaufnahme komplett gesperrt.<\/p>\n<p>Ein Sachverst\u00e4ndiger wurde zur Unfallrekonstruktion hinzugezogen, da die Polizei pr\u00fcft, ob \u00fcberh\u00f6hte Geschwindigkeit des Lkw eine Rolle spielte. Die Ermittlungen laufen noch.<\/p>\n<p>Zeugen, die Hinweise zum Unfallhergang geben k\u00f6nnen, werden gebeten, sich unter der Telefonnummer 040\/4286-56789 oder bei einer Polizeidienststelle zu melden.<\/p>\n<p>Dieser Text basiert auf einer offiziellen Beh\u00f6rden-Information und wurde mit Hilfe von KI erstellt.<\/p>\n","protected":false},"excerpt":{"rendered":"Hamburg \u2013 Ein 53-j\u00e4hriger Radfahrer ist bei einem Unfall mit einem Lkw in Hamburg-Hammerbrook schwer verletzt worden. Der&hellip;\n","protected":false},"author":2,"featured_media":78008,"comment_status":"","ping_status":"","sticky":false,"template":"","format":"standard","meta":{"footnotes":""},"categories":[1826],"tags":[29,30,692,2509,121,45,2624],"class_list":{"0":"post-143342","1":"post","2":"type-post","3":"status-publish","4":"format-standard","5":"has-post-thumbnail","7":"category-hamburg","8":"tag-deutschland","9":"tag-germany","10":"tag-hamburg","11":"tag-ki-ots","12":"tag-polizei","13":"tag-texttospeech","14":"tag-unfaelle"},"share_on_mastodon":{"url":"https:\/\/pubeurope.com\/@de\/114579159332388352","error":""},"_links":{"self":[{"href":"https:\/\/www.europesays.com\/de\/wp-json\/wp\/v2\/posts\/143342","targetHints":{"allow":["GET"]}}],"collection":[{"href":"https:\/\/www.europesays.com\/de\/wp-json\/wp\/v2\/posts"}],"about":[{"href":"https:\/\/www.europesays.com\/de\/wp-json\/wp\/v2\/types\/post"}],"author":[{"embeddable":true,"href":"https:\/\/www.europesays.com\/de\/wp-json\/wp\/v2\/users\/2"}],"replies":[{"embeddable":true,"href":"https:\/\/www.europesays.com\/de\/wp-json\/wp\/v2\/comments?post=143342"}],"version-history":[{"count":0,"href":"https:\/\/www.europesays.com\/de\/wp-json\/wp\/v2\/posts\/143342\/revisions"}],"wp:featuredmedia":[{"embeddable":true,"href":"https:\/\/www.europesays.com\/de\/wp-json\/wp\/v2\/media\/78008"}],"wp:attachment":[{"href":"https:\/\/www.europesays.com\/de\/wp-json\/wp\/v2\/media?parent=143342"}],"wp:term":[{"taxonomy":"category","embeddable":true,"href":"https:\/\/www.europesays.com\/de\/wp-json\/wp\/v2\/categories?post=143342"},{"taxonomy":"post_tag","embeddable":true,"href":"https:\/\/www.europesays.com\/de\/wp-json\/wp\/v2\/tags?post=143342"}],"curies":[{"name":"wp","href":"https:\/\/api.w.org\/{rel}","templated":true}]}}