{"id":143488,"date":"2025-05-27T11:06:08","date_gmt":"2025-05-27T11:06:08","guid":{"rendered":"https:\/\/www.europesays.com\/de\/143488\/"},"modified":"2025-05-27T11:06:08","modified_gmt":"2025-05-27T11:06:08","slug":"berlin-brandenburg-verkehrsbehinderungen-wegen-selenskyj-besuch-erwartet","status":"publish","type":"post","link":"https:\/\/www.europesays.com\/de\/143488\/","title":{"rendered":"Berlin &#038; Brandenburg: Verkehrsbehinderungen wegen Selenskyj-Besuch erwartet"},"content":{"rendered":"<p>                    Berlin &amp; Brandenburg<br \/>\n                Verkehrsbehinderungen wegen Selenskyj-Besuch erwartet<\/p>\n<p>\t\t\t\t              27.05.2025, 12:40 Uhr<\/p>\n<p><strong>Der ukrainische Staatspr\u00e4sident ist am Mittwoch wieder in Berlin und trifft Bundespr\u00e4sident Frank-Walter Steinmeier. Sp\u00fcrbar wird das auch f\u00fcr Autofahrer und Nutzer der S-Bahn.<\/strong><\/p>\n<p>Berlin (dpa\/bb) &#8211; Wegen des erneuten Besuchs des ukrainischen Pr\u00e4sidenten Wolodymyr Selenskyj in Berlin und der hohen Sicherheitsvorkehrungen sind am Mittwoch Verkehrsbehinderungen und Ausf\u00e4lle bei der S-Bahn zu erwarten. Voraussichtlich werden rund um das Regierungsviertel Stra\u00dfen gesperrt. An Zufahrtsstra\u00dfen stehen dann Absperrgitter und Polizisten. Autofahrer sollten die Bereiche meiden und m\u00f6glichst weitr\u00e4umig umfahren.\u00a0<\/p>\n<p>Das ukrainische Staatsoberhaupt war zuletzt im Juni und Oktober 2024 in Berlin. Auch damals war der Verkehr massiv beeintr\u00e4chtigt.\u00a0<\/p>\n<p>Die Gewerkschaft der Polizei (GdP) teilte mit, wieder werde in Berlin Weltpolitik gemacht. &#8222;Wir hoffen auf tatkr\u00e4ftige Unterst\u00fctzung aus dem Bundesgebiet, um alle Etappen dieser n\u00e4chsten sehr kurzfristigen Gro\u00dflage bestm\u00f6glich abdecken zu k\u00f6nnen. F\u00fcr den Besuch eines Staatsgastes mit h\u00f6chst denkbarer Gef\u00e4hrdungsstufe brauchen wir Tausende Einsatzkr\u00e4fte.&#8220;\u00a0<\/p>\n<p>Auf der S-Bahnstrecke zwischen Bahnhof Zoo und Ostbahnhof k\u00f6nnten die Z\u00fcge am Mittwoch zeitweise seltener fahren. Die S-Bahnstrecke durch die Innenstadt verl\u00e4uft am Regierungsviertel vorbei und entlang des Parks am Schloss Bellevue, dem Sitz des Bundespr\u00e4sidenten.<\/p>\n<p>F\u00fcr die Berliner Polizei ist der Besuch mit einem Gro\u00dfeinsatz verbunden. Scharfsch\u00fctzen der Spezialeinheiten werden \u00fcblicherweise ebenso postiert wie die Wasserschutzpolizei mit Booten auf der Spree und Hundestaffeln f\u00fcr die Suche nach Sprengstoff.<\/p>\n","protected":false},"excerpt":{"rendered":"Berlin &amp; Brandenburg Verkehrsbehinderungen wegen Selenskyj-Besuch erwartet 27.05.2025, 12:40 Uhr Der ukrainische Staatspr\u00e4sident ist am Mittwoch wieder in&hellip;\n","protected":false},"author":2,"featured_media":143489,"comment_status":"","ping_status":"","sticky":false,"template":"","format":"standard","meta":{"footnotes":""},"categories":[1816],"tags":[1960,1958,1959,1957,296,1956,1890,29,30,51777,4726],"class_list":{"0":"post-143488","1":"post","2":"type-post","3":"status-publish","4":"format-standard","5":"has-post-thumbnail","7":"category-brandenburg","8":"tag-aktuelle-nachrichten-aus-berlin-und-brandenburg","9":"tag-aktuelle-nachrichten-aus-brandenburg","10":"tag-aktuelle-news-aus-berlin-und-brandenburg","11":"tag-aktuelle-news-aus-brandenburg","12":"tag-berlin","13":"tag-berlin-und-brandenburg","14":"tag-brandenburg","15":"tag-deutschland","16":"tag-germany","17":"tag-selenskyj-besuch","18":"tag-verkehrsbehinderungen"},"share_on_mastodon":{"url":"https:\/\/pubeurope.com\/@de\/114579477941856429","error":""},"_links":{"self":[{"href":"https:\/\/www.europesays.com\/de\/wp-json\/wp\/v2\/posts\/143488","targetHints":{"allow":["GET"]}}],"collection":[{"href":"https:\/\/www.europesays.com\/de\/wp-json\/wp\/v2\/posts"}],"about":[{"href":"https:\/\/www.europesays.com\/de\/wp-json\/wp\/v2\/types\/post"}],"author":[{"embeddable":true,"href":"https:\/\/www.europesays.com\/de\/wp-json\/wp\/v2\/users\/2"}],"replies":[{"embeddable":true,"href":"https:\/\/www.europesays.com\/de\/wp-json\/wp\/v2\/comments?post=143488"}],"version-history":[{"count":0,"href":"https:\/\/www.europesays.com\/de\/wp-json\/wp\/v2\/posts\/143488\/revisions"}],"wp:featuredmedia":[{"embeddable":true,"href":"https:\/\/www.europesays.com\/de\/wp-json\/wp\/v2\/media\/143489"}],"wp:attachment":[{"href":"https:\/\/www.europesays.com\/de\/wp-json\/wp\/v2\/media?parent=143488"}],"wp:term":[{"taxonomy":"category","embeddable":true,"href":"https:\/\/www.europesays.com\/de\/wp-json\/wp\/v2\/categories?post=143488"},{"taxonomy":"post_tag","embeddable":true,"href":"https:\/\/www.europesays.com\/de\/wp-json\/wp\/v2\/tags?post=143488"}],"curies":[{"name":"wp","href":"https:\/\/api.w.org\/{rel}","templated":true}]}}