{"id":143506,"date":"2025-05-27T11:16:12","date_gmt":"2025-05-27T11:16:12","guid":{"rendered":"https:\/\/www.europesays.com\/de\/143506\/"},"modified":"2025-05-27T11:16:12","modified_gmt":"2025-05-27T11:16:12","slug":"antenne-thueringen-aktion-roemhild-feiert-die-party-hildburghausen","status":"publish","type":"post","link":"https:\/\/www.europesays.com\/de\/143506\/","title":{"rendered":"Antenne-Th\u00fcringen-Aktion: R\u00f6mhild feiert die Party &#8211; Hildburghausen"},"content":{"rendered":"<p>Es darf gefeiert werden! Und zwar am Samstag, 31. Mai, ab 18 Uhr in R\u00f6mhild. Schon mit Bekanntgabe des Duells zwischen Veilsdorf und R\u00f6mhild war klar, dass die Party-Tour von Antenne Th\u00fcringen im Landkreis <a href=\"https:\/\/www.insuedthueringen.de\/thema\/Hildburghausen\" title=\"Hildburghausen\" class=\"art_thema\" rel=\"nofollow noopener\" target=\"_blank\">Hildburghausen<\/a> Halt machen w\u00fcrde. Nun hat sich entschieden, in welcher Gemeinde die Party mit Iggi Kelly, den Antenne Th\u00fcringen Allstars und Malle-Partykanone Samu steigt. Fast eine Woche hatten die beiden Kontrahenten Zeit, die Liste der 25 Aufgaben abzuarbeiten, die ihnen der Radiosender gestellt hatte. <\/p>\n","protected":false},"excerpt":{"rendered":"Es darf gefeiert werden! Und zwar am Samstag, 31. Mai, ab 18 Uhr in R\u00f6mhild. Schon mit Bekanntgabe&hellip;\n","protected":false},"author":2,"featured_media":143507,"comment_status":"","ping_status":"","sticky":false,"template":"","format":"standard","meta":{"footnotes":""},"categories":[1772],"tags":[51793,29,214,30,9360,1310,1779,810,2450,51795,215,51794],"class_list":{"0":"post-143506","1":"post","2":"type-post","3":"status-publish","4":"format-standard","5":"has-post-thumbnail","7":"category-musik","8":"tag-antenne-thueringen","9":"tag-deutschland","10":"tag-entertainment","11":"tag-germany","12":"tag-hildburghausen","13":"tag-konzert","14":"tag-music","15":"tag-musik","16":"tag-party","17":"tag-roemhild","18":"tag-unterhaltung","19":"tag-veilsdorf"},"share_on_mastodon":{"url":"https:\/\/pubeurope.com\/@de\/114579517313907484","error":""},"_links":{"self":[{"href":"https:\/\/www.europesays.com\/de\/wp-json\/wp\/v2\/posts\/143506","targetHints":{"allow":["GET"]}}],"collection":[{"href":"https:\/\/www.europesays.com\/de\/wp-json\/wp\/v2\/posts"}],"about":[{"href":"https:\/\/www.europesays.com\/de\/wp-json\/wp\/v2\/types\/post"}],"author":[{"embeddable":true,"href":"https:\/\/www.europesays.com\/de\/wp-json\/wp\/v2\/users\/2"}],"replies":[{"embeddable":true,"href":"https:\/\/www.europesays.com\/de\/wp-json\/wp\/v2\/comments?post=143506"}],"version-history":[{"count":0,"href":"https:\/\/www.europesays.com\/de\/wp-json\/wp\/v2\/posts\/143506\/revisions"}],"wp:featuredmedia":[{"embeddable":true,"href":"https:\/\/www.europesays.com\/de\/wp-json\/wp\/v2\/media\/143507"}],"wp:attachment":[{"href":"https:\/\/www.europesays.com\/de\/wp-json\/wp\/v2\/media?parent=143506"}],"wp:term":[{"taxonomy":"category","embeddable":true,"href":"https:\/\/www.europesays.com\/de\/wp-json\/wp\/v2\/categories?post=143506"},{"taxonomy":"post_tag","embeddable":true,"href":"https:\/\/www.europesays.com\/de\/wp-json\/wp\/v2\/tags?post=143506"}],"curies":[{"name":"wp","href":"https:\/\/api.w.org\/{rel}","templated":true}]}}