{"id":143648,"date":"2025-05-27T12:34:10","date_gmt":"2025-05-27T12:34:10","guid":{"rendered":"https:\/\/www.europesays.com\/de\/143648\/"},"modified":"2025-05-27T12:34:10","modified_gmt":"2025-05-27T12:34:10","slug":"neue-buecher-und-mehr-in-der-stadtbibliothek-2","status":"publish","type":"post","link":"https:\/\/www.europesays.com\/de\/143648\/","title":{"rendered":"Neue B\u00fccher und mehr in der Stadtbibliothek"},"content":{"rendered":"<p>Neue B\u00fccher und mehr in der Stadtbibliothek<\/p>\n<p class=\"unterzeile\">Im Mai ist wieder viel Neues entleihbar<\/p>\n<p class=\"anreisser_detail\" itemprop=\"description\"><strong>Wer die Stadtbibliothek regelm\u00e4\u00dfig besucht, kennt diese Liste schon: Das Team hat jetzt wieder zusammengestellt, welche neuen Filme, Romane und Sachb\u00fccher im neuen Monat entleihbar sind.<\/strong><\/p>\n<p><a href=\"https:\/\/www.garbsen.de\/medien\/bilder\/0823_bibliothek.jpg?20210624121537\" class=\"gallerygroup924140dc84c19b31e3072c7fedcc357e\" title=\"Bild vergr\u00f6\u00dfern\" data-id=\"elm_924140dc84c19b31e3072c7fedcc357e\" aria-controls=\"nl-elm_924140dc84c19b31e3072c7fedcc357e\" role=\"button\" aria-haspopup=\"dialog\" aria-expanded=\"false\"><img loading=\"lazy\" decoding=\"async\" src=\"https:\/\/www.europesays.com\/de\/wp-content\/uploads\/2025\/05\/stadtbibliothek-904017997-21200-12.webp\" alt=\"Bibliothek\u00a0\u00a9\u00a0Stadt Garbsen\" title=\"Stadtbibliothek\" style=\"\" width=\"512\" height=\"341\" data-description=\"\" data-copyright=\"\u00a9\u00a0Stadt Garbsen\" data-size=\"579\" data-width=\"1500\" data-height=\"1000\"\/><\/a><\/p>\n<p>Neu in den Bestand aufgenommen wurden unter anderem die Romane David Baldacci: Die Silkwell-Verschw\u00f6rung; Garrett Carr: Der Junge aus dem Meer; Sebastian Fitzek: Horror-Date; Hera Lind: Um jeden Preis; Iny Lorentz: Lied der Rache; Pierre Martin: Madame le Commissaire und die gef\u00e4hrliche Begierde; Johanna Mo: D\u00e4mmersee; Nina Ohlandt: Zornige Brandung; Gisa Pauly: La Paloma und Marc Raabe: Die Nacht.<\/p>\n<p>An Sachb\u00fcchern hinzugekommen sind Madeleine Becker: Hin &amp; weg &#8211; (\u00dcber)Leben auf dem Bauernhof; Burkhard Bohne: Kr\u00e4uter im Hochbeet; Anna B\u00fchler: Darwin gef\u00e4llt das; Anna Hofer: Mein fabelhaftes Einzelkind; Matthias H\u00fcttenrauch: Abstieg &#8211; Demokratische Bedeutungslosigkeit; Lisa Ortgies: Hei\u00dfer Schei\u00df &#8211; Liebe, Wut und Leben f\u00fcr Fortgeschrittene; Jana Ringwald: Digital. Kriminell. Menschlich.; Malte J\u00f6rn Rubach: Warum es uns k\u00fcmmern sollte, wenn in China ein Sack Reis umf\u00e4llt: Lana Sirri: Shababz! Jung. Muslimisch. Selbstbestimmt. sowie Neil deGrasse Tyson: Bis zur Unendlichkeit und noch viel weiter &#8211; eine kosmische Entdeckungsreise.<\/p>\n<p>Im Bereich Kinder- und Jugendb\u00fccher neu dabei sind Theresa Bell: Sepia und die Verschw\u00f6rung von Flohall; Rike Drust: Alle helfen &#8211; 25 Berufe, die die Welt besser machen; Susanne Gr\u00f6hlich: Was ist ein Mensch? Ein Hamster fragt nach; Ines Korth: Das Regelwerk; Mai Thi Nguyen-Kim: Sind Dinos wirklich alle tot?; Alice Panterm\u00fcller: Mein Lotta-Leben &#8211; Sei kein Trottel, Axolotl; Anna Maria Sophie Pra\u00dfler: Rettet Omas Boa!; Britta Sabbag: \u00dcbermorgen vertragen wir uns; Annie Silvestro: Der Waldbuchclub in der Schule und Jean-Christophe Tixier:\u00a0 Guilty &#8211; Du wirst daf\u00fcr b\u00fc\u00dfen.<\/p>\n<p>Zu den neuen Filmen auf DVD z\u00e4hlen Better man, Emilia Perez, Heretic, Kraven, Mufasa &#8211; Der K\u00f6nig der L\u00f6wen, Nosferatu, Paw Patrol &#8211; Rescue wheels, Riefenstahl, Sonic the hedgehog 3 und We live in time.<\/p>\n<p>\u00a0<\/p>\n<p>\u00a0<\/p>\n","protected":false},"excerpt":{"rendered":"Neue B\u00fccher und mehr in der Stadtbibliothek Im Mai ist wieder viel Neues entleihbar Wer die Stadtbibliothek regelm\u00e4\u00dfig&hellip;\n","protected":false},"author":2,"featured_media":143649,"comment_status":"","ping_status":"","sticky":false,"template":"","format":"standard","meta":{"footnotes":""},"categories":[1774],"tags":[1784,1785,29,214,30,215],"class_list":{"0":"post-143648","1":"post","2":"type-post","3":"status-publish","4":"format-standard","5":"has-post-thumbnail","7":"category-buecher","8":"tag-books","9":"tag-buecher","10":"tag-deutschland","11":"tag-entertainment","12":"tag-germany","13":"tag-unterhaltung"},"share_on_mastodon":{"url":"https:\/\/pubeurope.com\/@de\/114579824652701238","error":""},"_links":{"self":[{"href":"https:\/\/www.europesays.com\/de\/wp-json\/wp\/v2\/posts\/143648","targetHints":{"allow":["GET"]}}],"collection":[{"href":"https:\/\/www.europesays.com\/de\/wp-json\/wp\/v2\/posts"}],"about":[{"href":"https:\/\/www.europesays.com\/de\/wp-json\/wp\/v2\/types\/post"}],"author":[{"embeddable":true,"href":"https:\/\/www.europesays.com\/de\/wp-json\/wp\/v2\/users\/2"}],"replies":[{"embeddable":true,"href":"https:\/\/www.europesays.com\/de\/wp-json\/wp\/v2\/comments?post=143648"}],"version-history":[{"count":0,"href":"https:\/\/www.europesays.com\/de\/wp-json\/wp\/v2\/posts\/143648\/revisions"}],"wp:featuredmedia":[{"embeddable":true,"href":"https:\/\/www.europesays.com\/de\/wp-json\/wp\/v2\/media\/143649"}],"wp:attachment":[{"href":"https:\/\/www.europesays.com\/de\/wp-json\/wp\/v2\/media?parent=143648"}],"wp:term":[{"taxonomy":"category","embeddable":true,"href":"https:\/\/www.europesays.com\/de\/wp-json\/wp\/v2\/categories?post=143648"},{"taxonomy":"post_tag","embeddable":true,"href":"https:\/\/www.europesays.com\/de\/wp-json\/wp\/v2\/tags?post=143648"}],"curies":[{"name":"wp","href":"https:\/\/api.w.org\/{rel}","templated":true}]}}