{"id":143730,"date":"2025-05-27T13:20:08","date_gmt":"2025-05-27T13:20:08","guid":{"rendered":"https:\/\/www.europesays.com\/de\/143730\/"},"modified":"2025-05-27T13:20:08","modified_gmt":"2025-05-27T13:20:08","slug":"tennenloher-forst-waldbrand-bei-erlangen-geloescht-bayern","status":"publish","type":"post","link":"https:\/\/www.europesays.com\/de\/143730\/","title":{"rendered":"Tennenloher Forst &#8211; Waldbrand bei Erlangen gel\u00f6scht &#8211; Bayern"},"content":{"rendered":"<p data-manual=\"paragraph\" data-schema-org-speakable=\"true\" class=\"css-1ylqqlw\">Erlangen (dpa\/lby) &#8211; Der Waldbrand bei Erlangen ist fast einem Monat nach dem Ausbruch endg\u00fcltig gel\u00f6scht. Die Aufr\u00e4umarbeiten werden voraussichtlich noch bis Ende der Woche dauern, teilte das Landratsamt Erlangen-H\u00f6chstadt mit. Die Wege in dem betroffenen Gebiet blieben deshalb weiterhin gesperrt.\u00a0<\/p>\n<p data-manual=\"paragraph\" data-schema-org-speakable=\"true\" class=\"css-1ylqqlw\">Das Feuer war Ende April in dem Forst rund um einen ehemaligen Truppen\u00fcbungsplatz ausgebrochen. Rund 40.000 Quadratmeter, verteilt auf mehrere Fl\u00e4chen, waren nach Angaben des Landratsamtes betroffen. Dieses rief zwischenzeitlich den Katastrophenfall aus. Neun Feuerwehrleute wurden leicht verletzt.\u00a0<\/p>\n<p>Hubschrauber und L\u00f6schroboter im Einsatz<\/p>\n<p data-manual=\"paragraph\" data-schema-org-speakable=\"true\" class=\"css-1ylqqlw\">Munitionsreste im Boden erschwerten die L\u00f6scharbeiten. Die Feuerwehrleute konnten das Gel\u00e4nde deshalb nur bedingt betreten. Hubschrauber mussten aus der Luft gegen die Flammen k\u00e4mpfen. L\u00f6schroboter waren ebenfalls im Einsatz. Das Feuer war bald unter Kontrolle, allerdings glimmten Glutnester \u00fcber l\u00e4ngere Zeit weiter.\u00a0<\/p>\n<p data-manual=\"paragraph\" data-schema-org-speakable=\"true\" class=\"css-1ylqqlw\">Die Polizei ermittelt wegen vors\u00e4tzlicher Brandstiftung und pr\u00fcft auch einen Zusammenhang mit weiteren Br\u00e4nden rund um Erlangen. Dabei waren Baumst\u00fcmpfe angez\u00fcndet worden. Ein Gutachten eines Spezialisten vom Landeskriminalamt zur Brandursache und dem genauen Ort des Ausbruchs wird in einigen Wochen erwartet.<\/p>\n<p data-manual=\"paragraph\" data-schema-org-speakable=\"true\" class=\"css-1ylqqlw\">\u00a9 dpa-infocom, dpa:250527-930-598008\/1<\/p>\n","protected":false},"excerpt":{"rendered":"Erlangen (dpa\/lby) &#8211; Der Waldbrand bei Erlangen ist fast einem Monat nach dem Ausbruch endg\u00fcltig gel\u00f6scht. Die Aufr\u00e4umarbeiten&hellip;\n","protected":false},"author":2,"featured_media":143731,"comment_status":"","ping_status":"","sticky":false,"template":"","format":"standard","meta":{"footnotes":""},"categories":[1837],"tags":[772,986,3364,29,987,30,1584,4156,3783,1974,149,51875],"class_list":{"0":"post-143730","1":"post","2":"type-post","3":"status-publish","4":"format-standard","5":"has-post-thumbnail","7":"category-nuernberg","8":"tag-bayern","9":"tag-braende","10":"tag-de","11":"tag-deutschland","12":"tag-feuer","13":"tag-germany","14":"tag-kriminalitaet","15":"tag-mittelfranken","16":"tag-nuernberg","17":"tag-panorama","18":"tag-sueddeutsche-zeitung","19":"tag-tennenloher-forst"},"share_on_mastodon":{"url":"https:\/\/pubeurope.com\/@de\/114580004799593770","error":""},"_links":{"self":[{"href":"https:\/\/www.europesays.com\/de\/wp-json\/wp\/v2\/posts\/143730","targetHints":{"allow":["GET"]}}],"collection":[{"href":"https:\/\/www.europesays.com\/de\/wp-json\/wp\/v2\/posts"}],"about":[{"href":"https:\/\/www.europesays.com\/de\/wp-json\/wp\/v2\/types\/post"}],"author":[{"embeddable":true,"href":"https:\/\/www.europesays.com\/de\/wp-json\/wp\/v2\/users\/2"}],"replies":[{"embeddable":true,"href":"https:\/\/www.europesays.com\/de\/wp-json\/wp\/v2\/comments?post=143730"}],"version-history":[{"count":0,"href":"https:\/\/www.europesays.com\/de\/wp-json\/wp\/v2\/posts\/143730\/revisions"}],"wp:featuredmedia":[{"embeddable":true,"href":"https:\/\/www.europesays.com\/de\/wp-json\/wp\/v2\/media\/143731"}],"wp:attachment":[{"href":"https:\/\/www.europesays.com\/de\/wp-json\/wp\/v2\/media?parent=143730"}],"wp:term":[{"taxonomy":"category","embeddable":true,"href":"https:\/\/www.europesays.com\/de\/wp-json\/wp\/v2\/categories?post=143730"},{"taxonomy":"post_tag","embeddable":true,"href":"https:\/\/www.europesays.com\/de\/wp-json\/wp\/v2\/tags?post=143730"}],"curies":[{"name":"wp","href":"https:\/\/api.w.org\/{rel}","templated":true}]}}