{"id":143761,"date":"2025-05-27T13:37:14","date_gmt":"2025-05-27T13:37:14","guid":{"rendered":"https:\/\/www.europesays.com\/de\/143761\/"},"modified":"2025-05-27T13:37:14","modified_gmt":"2025-05-27T13:37:14","slug":"handball-bundesligist-tvb-stuttgart-bleiben-sie-auch-im-fall-des-abstiegs-geschaeftsfuehrer-juergen-schweikardt","status":"publish","type":"post","link":"https:\/\/www.europesays.com\/de\/143761\/","title":{"rendered":"Handball-Bundesligist TVB Stuttgart: Bleiben Sie auch im Fall des Abstiegs Gesch\u00e4ftsf\u00fchrer, J\u00fcrgen Schweikardt?"},"content":{"rendered":"<p>Der TVB Stuttgart bangt um den Klassenverbleib. Im Fokus steht J\u00fcrgen Schweikardt: Der Trainer und Gesch\u00e4ftsf\u00fchrer ist \u00fcberzeugt vom Potenzial des Teams.<\/p>\n<p class=\"interviewQuestion\">Herr Schweikardt, wie prek\u00e4r ist die Lage des TVB Stuttgart?<\/p>\n<p class=\"interviewAnswer\">Sie ist angespannt. Wir haben die direkten Duelle zu Hause gegen den HC Erlangen und die SG BBM Bietigheim verloren \u2013 das hatten wir uns nat\u00fcrlich anders vorgestellt. <\/p>\n<p class=\"interviewQuestion\">Sie wollten sich mit Ihrem Team Luft verschaffen.<\/p>\n<p class=\"interviewAnswer\">Richtig, aber das ist uns nicht gelungen. Jetzt ist das Rennen um den Klassenverbleib v\u00f6llig offen. Genau das wollten wir vermeiden.<\/p>\n<p class=\"interviewQuestion\">Warum hat dies nicht geklappt?<\/p>\n<p class=\"interviewAnswer\">Weil wir es nicht geschafft haben, in diesen beiden wichtigen Spielen an die guten Leistungen anzukn\u00fcpfen, die wir zuvor auch gegen Topteams gezeigt haben. Und wir haben es in beiden Spielen verpasst, das Momentum auf unsere Seite zu ziehen, was sicher m\u00f6glich gewesen w\u00e4re.<\/p>\n<p class=\"interviewQuestion\">Ihr Team wirkte gegen Erlangen und Bietigheim gehemmt.<\/p>\n<p class=\"interviewAnswer\">Es w\u00e4re verwunderlich gewesen, wenn wir in der Lage, in der wir uns befinden, frei aufgespielt h\u00e4tten. Nat\u00fcrlich ist der gro\u00dfe Druck, unter dem wir stehen, sp\u00fcrbar. Wir haben es in beiden Partien in der Anfangsphase verpasst, uns abzusetzen, sind dann schlecht aus der Pause gekommen und mussten einem R\u00fcckstand hinterherlaufen. Das meinte ich, als ich sagte, wir h\u00e4tten das Momentum nutzen m\u00fcssen.<\/p>\n<p>   <img decoding=\"async\" loading=\"lazy\" src=\"https:\/\/www.europesays.com\/de\/wp-content\/uploads\/2025\/05\/media.media.1ab4bfa8-33e4-4397-b309-70372e6e3255.original1024.media.jpeg\"\/>     Kai H\u00e4fner (li.) und J\u00fcrgen Schweikardt.    Foto: Baumann    <\/p>\n<p class=\"interviewQuestion\">Ihr F\u00fchrungsspieler Kai H\u00e4fner hatte gegen die SG BBM Bietigheim nicht seinen besten Tag, wirkte allerdings auch angeschlagen.<\/p>\n<p class=\"interviewAnswer\"> Kai H\u00e4fner hatte Magenprobleme, musste sich in der Pause \u00fcbergeben und ist seither krank. Etwas Bl\u00f6deres h\u00e4tte nicht passieren k\u00f6nnen. Ich hoffe, dass er am Mittwoch wieder trainieren und am Donnerstag im Spiel bei den Rhein-Neckar L\u00f6wen dabei sein kann, doch sicher ist das nicht. Dazu kam gegen Bietigheim ja auch noch, dass Torben Matzken nach einem Pferdekuss in der 40. Minute ausgefallen ist. <\/p>\n<p class=\"interviewQuestion\">Sie haben viel versucht und oft umgestellt, wor\u00fcber es unter den Fans geteilte Meinungen gab. Die einen meinten, der Trainer habe alles probiert, andere unterstellten Ihnen Ratlosigkeit.<\/p>\n<p class=\"interviewAnswer\">Ich war sicher nicht ratlos. Aber nat\u00fcrlich ist es riskant gewesen, Dinge zu machen, die in unserem Spiel nicht etabliert sind. Doch wir mussten angesichts des R\u00fcckstands alles versuchen, sind dann ja auch noch mal auf ein Tor rangekommen. Die entscheidenden Szenen gingen dann aber an unseren Gegner. <\/p>\n<p class=\"interviewQuestion\">Wie viele Punkte muss Ihr Team in den letzten vier Spielen holen, um in der Bundesliga zu bleiben? <\/p>\n<p class=\"interviewAnswer\">Wir haben vor den Duellen gegen Erlangen und Bietigheim gerechnet, dass wir mit zwei Siegen durch w\u00e4ren. Es kam anders, daraus haben wir gelernt. Klar ist, dass wir noch Punkte brauchen, aber es gibt keine Rechnereien, gegen wen wir diese am ehesten holen k\u00f6nnten. Wir konzentrieren uns nun allein auf unsere Performance bei den L\u00f6wen. <\/p>\n<p class=\"interviewQuestion\">Werden zwei Punkte aus vier Spielen reichen, oder m\u00fcssen es mehr sein?<\/p>\n<p class=\"interviewAnswer\">Ich werde mich an solchen Rechenspielen nicht beteiligen. Sie d\u00fcrfen dar\u00fcber gerne spekulieren. <\/p>\n<p class=\"interviewQuestion\">Ihr Team hat im Jahr 2025 bisher nur zwei Spiele gewonnen. Wie gro\u00df ist Ihre Zuversicht, dass es trotzdem reicht, um mindestens Drittletzter zu werden?<\/p>\n<p class=\"interviewAnswer\">Wir haben zu wenige Punkte geholt, das ist offensichtlich. Andererseits h\u00e4tte es von den Leistungen her oft zu mehr reichen k\u00f6nnen. F\u00fcr mich ist klar: Unsere Mannschaft hat das Leistungsverm\u00f6gen, um den Klassenverbleib schaffen zu k\u00f6nnen. Wenn wir unser Potenzial abrufen, haben wir in jedem Spiel die Chance zu punkten.<\/p>\n<p class=\"interviewQuestion\">Auch im n\u00e4chsten Heimspiel gegen Tabellenf\u00fchrer F\u00fcchse Berlin?<\/p>\n<p class=\"interviewAnswer\">Auch gegen die F\u00fcchse \u2013 die Chance in diesem Spiel ist aber sicher am geringsten.<\/p>\n<p class=\"interviewQuestion\">Sie sind Anfang November ins Risiko gegangen, als Sie neben Ihrem Job als Gesch\u00e4ftsf\u00fchrer auch noch das Traineramt \u00fcbernommen haben. War dieses Risiko wom\u00f6glich zu gro\u00df?<\/p>\n<p class=\"interviewAnswer\">Ich werde jetzt sicher noch kein Saisonfazit ziehen. Mir fehlt die Kapazit\u00e4t, um mich damit zu besch\u00e4ftigen. Eines aber steht fest: Es ging nie um mich und meine Person, sondern darum, den TVB Stuttgart m\u00f6glichst gut aufzustellen. In den vergangenen Monaten haben wir gute und wichtige Schritte getan, in Misha Kaufmann einen Toptrainer und starke Neuzug\u00e4nge verpflichtet, dazu in der WGV einen weiteren Hauptsponsor gewonnen. Mit diesen Entwicklungen sind wir sehr zufrieden \u2013 nach der Saison wird dann gen\u00fcgend Zeit f\u00fcr eine vollst\u00e4ndige Analyse sein. <\/p>\n<p class=\"interviewQuestion\">Gelten die Vertr\u00e4ge der Neuen auch f\u00fcr die zweite Liga?<\/p>\n<p class=\"interviewAnswer\">Ich werde nicht zu einzelnen Vertr\u00e4gen ins Detail gehen. Nur so viel: Die Vertr\u00e4ge von Misha Kaufmann und von vielen Spielern, auch den Zug\u00e4ngen, gelten f\u00fcr beide Ligen.<\/p>\n<p class=\"interviewQuestion\">Als Trainer m\u00fcssen Sie stets positiv denken, als Gesch\u00e4ftsf\u00fchrer zweigleisig planen. Wie schwierig ist dieser Spagat?<\/p>\n<p class=\"interviewAnswer\">Er ist anstrengend, doch zugleich kann ich sagen: Wir sind auf beide Szenarien schon lange vorbereitet. Personell und im Umfeld ist der TVB Stuttgart sehr gut aufgestellt \u2013 auch f\u00fcr die zweite Liga.<\/p>\n<p class=\"interviewQuestion\">Wie einschneidend w\u00e4re ein Abstieg?<\/p>\n<p class=\"interviewAnswer\">Er w\u00fcrde f\u00fcr unsere Entwicklung einen Knacks bedeuten, aber keinen langfristigen Schaden. Was nichts daran \u00e4ndert, dass unser sportlicher Ehrgeiz, in der Bundesliga zu bleiben, riesig ist.<\/p>\n<p class=\"interviewQuestion\">W\u00fcrden Sie im Falle des Abstiegs Gesch\u00e4ftsf\u00fchrer bleiben?<\/p>\n<p class=\"interviewAnswer\">Mein Vertrag l\u00e4uft bis Sommer 2026, und ich habe keine anderen Pl\u00e4ne.<\/p>\n<p class=\"interviewQuestion\">Der Etat des TVB Stuttgart soll bei rund 6,5 Millionen Euro liegen. Warum reicht das nicht, um sich in der Bundesliga im gesicherten Mittelfeld zu etablieren?<\/p>\n<p class=\"interviewAnswer\">Erst einmal haben wir unsere Etatzahlen nie ver\u00f6ffentlicht. Und zweitens ist es immer schwierig, Gesamtetats von Vereinen zu vergleichen.<\/p>\n<p class=\"interviewQuestion\">Warum? <\/p>\n<p class=\"interviewAnswer\">Weil man darauf schauen muss, wie gro\u00df der Anteil ist, der in den Sport gesteckt werden kann. Wir in Stuttgart haben im Bereich Entertainment gro\u00dfe Konkurrenz und m\u00fcssen einen hohen Aufwand betreiben, um wahrgenommen zu werden. Bei uns flie\u00dft deshalb prozentual weniger Geld in den Sport als bei vielen anderen Vereinen. Wir sind, was die finanziellen M\u00f6glichkeiten angeht, etlichen unserer Konkurrenten sicherlich nicht um L\u00e4ngen voraus.<\/p>\n<p class=\"interviewQuestion\">Was nichts daran \u00e4ndert, dass auch Ihre eigenen Erwartungen h\u00f6her sind.<\/p>\n<p class=\"interviewAnswer\">Das stimmt. Wir haben den Anspruch und sicher auch die M\u00f6glichkeiten, um Platz zehn zu erreichen. An diesem Anspruch \u00e4ndert unsere derzeitige Situation nichts.<\/p>\n<p class=\"interviewQuestion\">Sie mussten Anfang November Ihren Bruder Michael als Trainer entlassen. Reden Sie mit ihm \u00fcber die aktuell prek\u00e4re Lage?<\/p>\n<p class=\"interviewAnswer\"> Ich war damals in den Prozess involviert, die Entscheidung aber habe nicht ich getroffen, sondern die Gesellschafterversammlung. \u00dcber die aktuelle Situation sprechen Michael und ich nicht. <\/p>\n<p class=\"interviewQuestion\">Am 8. Juni gastiert zum letzten Spiel der Saison das Team aus Leipzig in der Porsche-Arena. Was passiert danach?<\/p>\n<p class=\"interviewAnswer\">Wir k\u00f6nnen hoffentlich den Klassenverbleib feiern und anschlie\u00dfend die Saison in Ruhe aufarbeiten. <\/p>\n","protected":false},"excerpt":{"rendered":"Der TVB Stuttgart bangt um den Klassenverbleib. Im Fokus steht J\u00fcrgen Schweikardt: Der Trainer und Gesch\u00e4ftsf\u00fchrer ist \u00fcberzeugt&hellip;\n","protected":false},"author":2,"featured_media":143762,"comment_status":"","ping_status":"","sticky":false,"template":"","format":"standard","meta":{"footnotes":""},"categories":[1830],"tags":[1634,299,3364,29,30,17227,44077,7404,20455,51890,51891,7400,1441,5843,7401],"class_list":{"0":"post-143761","1":"post","2":"type-post","3":"status-publish","4":"format-standard","5":"has-post-thumbnail","7":"category-stuttgart","8":"tag-baden-wuerttemberg","9":"tag-bundesliga","10":"tag-de","11":"tag-deutschland","12":"tag-germany","13":"tag-geschaeftsfuehrer","14":"tag-hc-erlangen","15":"tag-juergen-schweikardt","16":"tag-kai-haefner","17":"tag-kampf-gegen-den-abstieg","18":"tag-misha-kaufmann","19":"tag-sportmeldungen","20":"tag-stuttgart","21":"tag-trainer","22":"tag-tvb-stuttgart"},"share_on_mastodon":{"url":"https:\/\/pubeurope.com\/@de\/114580071673260152","error":""},"_links":{"self":[{"href":"https:\/\/www.europesays.com\/de\/wp-json\/wp\/v2\/posts\/143761","targetHints":{"allow":["GET"]}}],"collection":[{"href":"https:\/\/www.europesays.com\/de\/wp-json\/wp\/v2\/posts"}],"about":[{"href":"https:\/\/www.europesays.com\/de\/wp-json\/wp\/v2\/types\/post"}],"author":[{"embeddable":true,"href":"https:\/\/www.europesays.com\/de\/wp-json\/wp\/v2\/users\/2"}],"replies":[{"embeddable":true,"href":"https:\/\/www.europesays.com\/de\/wp-json\/wp\/v2\/comments?post=143761"}],"version-history":[{"count":0,"href":"https:\/\/www.europesays.com\/de\/wp-json\/wp\/v2\/posts\/143761\/revisions"}],"wp:featuredmedia":[{"embeddable":true,"href":"https:\/\/www.europesays.com\/de\/wp-json\/wp\/v2\/media\/143762"}],"wp:attachment":[{"href":"https:\/\/www.europesays.com\/de\/wp-json\/wp\/v2\/media?parent=143761"}],"wp:term":[{"taxonomy":"category","embeddable":true,"href":"https:\/\/www.europesays.com\/de\/wp-json\/wp\/v2\/categories?post=143761"},{"taxonomy":"post_tag","embeddable":true,"href":"https:\/\/www.europesays.com\/de\/wp-json\/wp\/v2\/tags?post=143761"}],"curies":[{"name":"wp","href":"https:\/\/api.w.org\/{rel}","templated":true}]}}