{"id":143812,"date":"2025-05-27T14:04:09","date_gmt":"2025-05-27T14:04:09","guid":{"rendered":"https:\/\/www.europesays.com\/de\/143812\/"},"modified":"2025-05-27T14:04:09","modified_gmt":"2025-05-27T14:04:09","slug":"heizungsgesetz-zwanglos-waerme-pumpen-zeit-online","status":"publish","type":"post","link":"https:\/\/www.europesays.com\/de\/143812\/","title":{"rendered":"Heizungsgesetz: Zwanglos W\u00e4rme pumpen | ZEIT ONLINE"},"content":{"rendered":"<p>    Inhalt<br \/>\n    <a class=\"article-toc__fullview z-text-button\" href=\"https:\/\/www.zeit.de\/2025\/23\/heizungsgesetz-union-energiewende-waermepumpe-hausbesitzer\/komplettansicht\" data-ct-label=\"all\" rel=\"nofollow noopener\" target=\"_blank\"><br \/>\n        Auf einer Seite lesen    <\/a><\/p>\n<p>                        Inhalt<\/p>\n<ol class=\"article-toc__list\">\n<li class=\"article-toc__list-item\">\n<p>Seite 1Zwanglos W\u00e4rme pumpen<\/p>\n<\/li>\n<li class=\"article-toc__list-item\"><a class=\"article-toc__item article-toc__link\" href=\"https:\/\/www.zeit.de\/2025\/23\/heizungsgesetz-union-energiewende-waermepumpe-hausbesitzer\/seite-2\" data-ct-label=\"2\" rel=\"nofollow noopener\" target=\"_blank\"><br \/>\n                    Seite 2Eine \u00dcberarbeitung der \u00dcberarbeitung<br \/>\n                <\/a><\/li>\n<li class=\"article-toc__list-item\"><a class=\"article-toc__item article-toc__link\" href=\"https:\/\/www.zeit.de\/2025\/23\/heizungsgesetz-union-energiewende-waermepumpe-hausbesitzer\/seite-3\" data-ct-label=\"3\" rel=\"nofollow noopener\" target=\"_blank\"><br \/>\n                    Seite 3&#8243;Die Situation, die wir zurzeit haben, schadet wirklich jedem&#8220;<br \/>\n                <\/a><\/li>\n<\/ol>\n<p class=\"paragraph article__item\">Eine Entscheidung f\u00fcr eine neue <a class=\"rtr-entity\" href=\"https:\/\/www.zeit.de\/thema\/heizung\" rel=\"nofollow noopener\" target=\"_blank\">Heizung<\/a> ist eine f\u00fcr 20 Jahre. Das ist die normale Lebensdauer einer solchen Anlage, oft h\u00e4lt sie sogar l\u00e4nger. Wer sich heute einen neuen Gaskessel einbauen l\u00e4sst, will ihn also bis mindestens 2045 nutzen. Nur: Bis 2045 will Deutschland klimaneutral sein, fossiles Erdgas darf dann nicht mehr verbrannt werden. Wer jetzt noch eine Gasheizung installiert, wird sie vermutlich vorzeitig wieder ausbauen m\u00fcssen.\n<\/p>\n<p class=\"paragraph article__item\">Wie also h\u00e4lt man Menschen davon ab, sich heute f\u00fcr eine Heizung zu entscheiden, die langfristig zum Problem wird?\n<\/p>\n<p class=\"paragraph article__item\">Die Politik hat dabei im Wesentlichen drei Hebel: Sie kann erstens die Energiepreise beeinflussen, indem sie zum Beispiel Erdgas verteuert oder Strom, den man f\u00fcr eine <a class=\"rtr-entity\" href=\"https:\/\/www.zeit.de\/thema\/waermepumpe\" rel=\"nofollow noopener\" target=\"_blank\">W\u00e4rmepumpe<\/a> braucht, verbilligt. Sie kann zweitens die Anschaffungskosten f\u00fcr Verbraucher reduzieren, indem sie klimaschonende Technik finanziell f\u00f6rdert. Und sie kann drittens Gesetze erlassen, die den B\u00fcrgern konkrete Vorgaben machen.\n<\/p>\n<p class=\"paragraph article__item\">Die Ampelregierung entschied sich zun\u00e4chst f\u00fcr die Vorgaben. Im Fr\u00fchjahr 2023 gelangte ein geheimer Entwurf an die \u00d6ffentlichkeit, <a href=\"https:\/\/www.zeit.de\/politik\/deutschland\/2023-09\/gebaeudeenergiegesetz-heizungsgesetz-bundestag-ampel-koalition\" class=\"\" target=\"_blank\" rel=\"nofollow noopener\">der bald darauf als &#8222;Heizungsgesetz&#8220; bekannt wurde<\/a>. Neue \u00d6l- und Gasheizungen sollten demnach ab 2024 verboten werden. Die Aufregung im Land war gro\u00df, \u00fcber Wochen und Monate lief in den Medien die Diskussion um &#8222;Habecks Heizhammer&#8220; und das &#8222;Reinregieren in den Heizungskeller&#8220;. Auch weil die staatliche F\u00f6rderung f\u00fcr Alternativen wie die W\u00e4rmepumpe lange nicht feststand. Selbst als das komplette Verbot f\u00fcr neue \u00d6l- und Gasheizungen gekippt und aus dem Gesetzesentwurf verschwunden war, blieb der Eindruck, die Politik zwinge den Menschen neue Ger\u00e4te auf.\n<\/p>\n<p>    <a class=\"volume-teaser__link\" href=\"https:\/\/www.zeit.de\/2025\/23\/index?utm_campaign=wall_abo&amp;utm_content=premium_packshot_cover_zei&amp;utm_medium=fix&amp;utm_source=zeitde_zonpme_int&amp;wt_zmc=fix.int.zonpme.zeitde.wall_abo.premium.packshot.cover.zei\" title=\"Zur Ausgabe 23\/2025\" rel=\"nofollow noopener\" target=\"_blank\"><\/p>\n<p>                <img loading=\"lazy\" decoding=\"async\" class=\"volume-teaser__media-item volume-teaser__media-item--landscape\"  src=\"https:\/\/www.europesays.com\/de\/wp-content\/uploads\/2025\/05\/1748354649_555_original__120x85.jpeg\" alt=\"\" width=\"120\" height=\"86\"\/><\/p>\n<p>        Dieser Artikel stammt aus der ZEIT Nr. 23\/2025. Hier k\u00f6nnen Sie ab 17 Uhr die gesamte Ausgabe lesen.<\/p>\n<p>            Ausgabe entdecken<\/p>\n<p>    <\/a><\/p>\n<p class=\"paragraph article__item\">Nach dem Scheitern der Ampel wollte die CDU diesen Eindruck f\u00fcr sich nutzen. Im Wahlkampf forderte sie die &#8222;Abschaffung des Heizungsgesetzes&#8220;. Und sorgte nach der Wahl daf\u00fcr, dass es diese Forderung in den Koalitionsvertrag schaffte.\n<\/p>\n<p>                            \u00a9\u00a0ZEIT ONLINE<\/p>\n<p>\n                    Newsletter<\/p>\n<p>                    ZEIT Geldkurs<\/p>\n<p class=\"newsletter-signup__text\">Tsch\u00fcss, Finanzchaos: In acht Wochen erkl\u00e4ren wir Schritt f\u00fcr Schritt, wie Sie bessere Geldroutinen aufbauen und das mit den ETFs endlich angehen. Anschlie\u00dfend erhalten Sie unseren Geld-Newsletter mit den besten Artikeln rund um Finanzen.<\/p>\n<p class=\"newsletter-signup__datapolicy\" hidden=\"\">\n            Mit Ihrer Registrierung nehmen Sie die <a href=\"https:\/\/datenschutz.zeit.de\/zon#Newsletter\" target=\"_blank\" rel=\"nofollow noopener\">Datenschutzerkl\u00e4rung<\/a> zur Kenntnis.\n        <\/p>\n<p>    Vielen Dank! Wir haben Ihnen eine E-Mail geschickt.<\/p>\n<p>Pr\u00fcfen Sie Ihr Postfach und best\u00e4tigen Sie das Newsletter-Abonnement.<\/p>\n<p class=\"paragraph article__item\">Seitdem r\u00e4tselt die Branche, was genau die Regierung damit meint. Hersteller und Verb\u00e4nde blicken gespannt nach Berlin. Denn ein <a class=\"rtr-entity\" href=\"https:\/\/www.zeit.de\/thema\/heizungsgesetz\" rel=\"nofollow noopener\" target=\"_blank\">Heizungsgesetz<\/a> als solches gibt es nicht. Was die Ampelregierung im Herbst 2023 beschloss, war eine Novelle des Geb\u00e4udeenergiegesetzes. Es soll dabei helfen, dass Deutschland seine Klimaziele im Geb\u00e4udesektor erreicht \u2013 und stammt von der CDU-gef\u00fchrten Vorg\u00e4ngerregierung unter Bundeskanzlerin Angela Merkel, die es bereits 2020 verabschiedete. Auch der neue Kanzler Friedrich Merz will dieses Geb\u00e4udeenergiegesetz behalten, es aber &#8222;technologieoffener, flexibler und einfacher&#8220; machen, wie es im Koalitionsvertrag hei\u00dft. Aber was bedeutet das konkret f\u00fcr den Heizungskauf?\n<\/p>\n<p>                        Je mehr \u00d6l- und Gaskessel noch eingebaut werden, desto teurer wird es        <\/p>\n<p class=\"paragraph article__item\">Aktuell ist es so: Wer einen funktionierenden Kessel im Keller hat, braucht in der Regel nichts zu tun. Zwar sind viele Heizungen im Land veraltet, knapp 18 Prozent der Gas- und \u00d6lheizungen wurden vor 1995 eingebaut, wie Zahlen der Deutschen Energie-Agentur zeigen. Aber nur in einem Sonderfall d\u00fcrfen mehr als 30 Jahre alte Kessel nicht mehr betrieben werden. Das Verbot gilt f\u00fcr sogenannte Standardheizkessel, die immer mit der gleichen Systemtemperatur laufen m\u00fcssen \u2013 egal, wie hoch der Energiebedarf oder die Au\u00dfentemperatur ist. Diese Kessel gelten aber ohnehin als Auslaufmodell. Die Ank\u00fcndigung der neuen Bundeswirtschaftsministerin Katherina Reiche bei ihrer Antrittsrede Mitte Mai im Bundestag, als &#8222;erste Ma\u00dfnahme&#8220; das &#8222;Betriebsverbot f\u00fcr Heizkessel&#8220; abzuschaffen, d\u00fcrfte also kaum Auswirkungen haben.\n<\/p>\n<p class=\"paragraph article__item\">Entscheidend sind die Vorgaben, die die Ampel f\u00fcr den Heizungstausch eingef\u00fchrt hat. Sie sind in Paragraf 71 des Gesetzes geregelt. Geht eine Anlage kaputt, soll die neue k\u00fcnftig mit mindestens 65\u00a0Prozent erneuerbaren Energien laufen. Diese Anforderung, davon gehen viele Beobachter aus, will die neue Regierung kippen. In einem Interview mit dem Handelsblatt sagte Reiche: &#8222;Es muss Schluss sein mit dem Zwang zur W\u00e4rmepumpe.&#8220;<\/p>\n","protected":false},"excerpt":{"rendered":"Inhalt Auf einer Seite lesen Inhalt Seite 1Zwanglos W\u00e4rme pumpen Seite 2Eine \u00dcberarbeitung der \u00dcberarbeitung Seite 3&#8243;Die Situation,&hellip;\n","protected":false},"author":2,"featured_media":143813,"comment_status":"","ping_status":"","sticky":false,"template":"","format":"standard","meta":{"footnotes":""},"categories":[2],"tags":[1173,29,1520,43281,30,13,632,9858,14,15,12,14276,1136,10,8,9,11,1139,55],"class_list":{"0":"post-143812","1":"post","2":"type-post","3":"status-publish","4":"format-standard","5":"has-post-thumbnail","7":"category-deutschland","8":"tag-bundesregierung","9":"tag-deutschland","10":"tag-energiewende","11":"tag-gaspreis","12":"tag-germany","13":"tag-headlines","14":"tag-heizung","15":"tag-heizungsgesetz","16":"tag-nachrichten","17":"tag-news","18":"tag-schlagzeilen","19":"tag-strompreis","20":"tag-stromversorgung","21":"tag-top-news","22":"tag-top-meldungen","23":"tag-topmeldungen","24":"tag-topnews","25":"tag-waermepumpe","26":"tag-wirtschaft"},"share_on_mastodon":{"url":"https:\/\/pubeurope.com\/@de\/114580177889565274","error":""},"_links":{"self":[{"href":"https:\/\/www.europesays.com\/de\/wp-json\/wp\/v2\/posts\/143812","targetHints":{"allow":["GET"]}}],"collection":[{"href":"https:\/\/www.europesays.com\/de\/wp-json\/wp\/v2\/posts"}],"about":[{"href":"https:\/\/www.europesays.com\/de\/wp-json\/wp\/v2\/types\/post"}],"author":[{"embeddable":true,"href":"https:\/\/www.europesays.com\/de\/wp-json\/wp\/v2\/users\/2"}],"replies":[{"embeddable":true,"href":"https:\/\/www.europesays.com\/de\/wp-json\/wp\/v2\/comments?post=143812"}],"version-history":[{"count":0,"href":"https:\/\/www.europesays.com\/de\/wp-json\/wp\/v2\/posts\/143812\/revisions"}],"wp:featuredmedia":[{"embeddable":true,"href":"https:\/\/www.europesays.com\/de\/wp-json\/wp\/v2\/media\/143813"}],"wp:attachment":[{"href":"https:\/\/www.europesays.com\/de\/wp-json\/wp\/v2\/media?parent=143812"}],"wp:term":[{"taxonomy":"category","embeddable":true,"href":"https:\/\/www.europesays.com\/de\/wp-json\/wp\/v2\/categories?post=143812"},{"taxonomy":"post_tag","embeddable":true,"href":"https:\/\/www.europesays.com\/de\/wp-json\/wp\/v2\/tags?post=143812"}],"curies":[{"name":"wp","href":"https:\/\/api.w.org\/{rel}","templated":true}]}}