{"id":143824,"date":"2025-05-27T14:10:12","date_gmt":"2025-05-27T14:10:12","guid":{"rendered":"https:\/\/www.europesays.com\/de\/143824\/"},"modified":"2025-05-27T14:10:12","modified_gmt":"2025-05-27T14:10:12","slug":"wochenmaerkte-verschieben-sich-wegen-vatertag","status":"publish","type":"post","link":"https:\/\/www.europesays.com\/de\/143824\/","title":{"rendered":"Wochenm\u00e4rkte verschieben sich wegen Vatertag"},"content":{"rendered":"<p>Diese Woche <\/p>\n<p>Stadt verschiebt diese Wochenm\u00e4rkte<\/p>\n<p>27.05.2025 &#8211; 15:50 UhrLesedauer: 1 Min.<\/p>\n<p><a href=\"#focus-0\" class=\"transition-colors duration-200 focus-within:text-magenta block text-current relative\" data-sctrack=\"FocusGalleryImage.Reference\"><img fetchpriority=\"high\" data-testid=\"Opener.Image\" style=\"--lqipURL:url('https:\/\/images.t-online.de\/2022\/12\/GYlCsHyGXhti\/0x209:4000x2250\/fit-in\/150x0\/filters:blur(25)\/wochenmarkt-in-deutschland-symbolbild-die-deutsche-wirtschaft-steuert-in-eine-rezession.jpg')\"   loading=\"eager\" src=\"https:\/\/www.europesays.com\/de\/wp-content\/uploads\/2025\/05\/wochenmarkt-in-deutschland-symbolbild-die-deutsche-wirtschaft-steuert-in-eine-rezession.jpg\" alt=\"Wochenmarkt in Deutschland (Symbolbild): Die deutsche Wirtschaft steuert in eine Rezession.\" title=\"Wochenmarkt in Deutschland (Symbolbild): Die deutsche Wirtschaft steuert in eine Rezession.\" width=\"4000\" height=\"2250\" class=\"bg-[url:var(--lqipURL)] bg-cover bg-center flex w-full max-w-full h-full\" decoding=\"async\"\/><img style=\"--width:32;--height:32\" loading=\"lazy\" src=\"https:\/\/www.europesays.com\/de\/wp-content\/uploads\/2025\/05\/zoom-in.f7dae02f.svg.svg+xml\" alt=\"Vergr\u00f6\u00dfern des Bildes\" title=\"Vergr\u00f6\u00dfern des Bildes\" class=\"&#10;        block&#10;        h-[calc(var(--height)_\/_16_*_1rem)]&#10;        w-[calc(var(--width)_\/_16_*_1rem)]&#10;        max-w-none&#10;        absolute bottom-8 right-8 rounded-4 bg-snow p-8\" decoding=\"async\"\/><\/a><\/p>\n<p>Wochenmarkt (Symbolbild): In Braunschweig verschieben sich einige M\u00e4rkte. (Quelle: Hauke-Christian Dittrich)<\/p>\n<p class=\"font-bold text-18 leading-17\">Vorverlegt: Einige M\u00e4rkte in Braunschweig k\u00f6nnen diese Woche nicht wie gewohnt stattfinden.<\/p>\n<p class=\"text-18 leading-17\">W\u00e4hrend der Wochenmarkt auf dem Altstadtmarkt am Mittwoch (28. Mai) wie \u00fcblich stattfinden kann, werden andere M\u00e4rkte in dieser Woche verschoben. Grund daf\u00fcr ist der Feiertag am Donnerstag, also <a class=\"transition-colors duration-200 cursor-pointer text-inherit no-underline text-salemsfur md:hover:text-magenta md:hover:border-magenta md:focus:text-magenta border-current border-b border-solid break-words\" href=\"https:\/\/www.t-online.de\/leben\/familie\/familie-und-beruf\/id_62787734\/himmelfahrt-2025-das-steckt-hinter-dem-christlichen-feiertag.html\" data-sctrack=\"BodyAnchor\" target=\"_blank\" rel=\"noopener\">Christi Himmelfahrt<\/a>, teilt die Stadt <a class=\"transition-colors duration-200 cursor-pointer text-inherit no-underline text-salemsfur md:hover:text-magenta md:hover:border-magenta md:focus:text-magenta border-current border-b border-solid break-words\" href=\"https:\/\/www.t-online.de\/themen\/braunschweig\/\" data-sctrack=\"BodyAnchor\" target=\"_blank\" rel=\"noopener\">Braunschweig<\/a> mit.<\/p>\n<p class=\"text-18 leading-17\">So wird der st\u00e4dtische Wochenmarkt Weststadt, Einkaufszentrum Elbestra\u00dfe, auf Mittwoch, 28. Mai, von 8 bis 13 Uhr vorverlegt. Der st\u00e4dtische Wochenmarkt Stadtpark in der Herzogin-Elisabeth-Stra\u00dfe ebenfalls auf Mittwoch, 28. Mai, von 14 bis 18 Uhr vorverlegt. Die Stadt weist darauf hin, dass das auf dem Wochenmarkt Stadtpark g\u00fcltige absolute Halteverbot auch f\u00fcr den vorgezogenen Markt gilt.<\/p>\n<p class=\"text-18 leading-17\">Die st\u00e4dtischen Wochenm\u00e4rkte Lehndorf und Magnikirchplatz fallen indes aus, informiert die Stadt Braunschweig.<\/p>\n","protected":false},"excerpt":{"rendered":"Diese Woche Stadt verschiebt diese Wochenm\u00e4rkte 27.05.2025 &#8211; 15:50 UhrLesedauer: 1 Min. Wochenmarkt (Symbolbild): In Braunschweig verschieben sich&hellip;\n","protected":false},"author":2,"featured_media":143825,"comment_status":"","ping_status":"","sticky":false,"template":"","format":"standard","meta":{"footnotes":""},"categories":[1850],"tags":[33854,6429,28331,3364,29,548,663,3934,2415,30,13,14,15,1411,12,12043],"class_list":{"0":"post-143824","1":"post","2":"type-post","3":"status-publish","4":"format-standard","5":"has-post-thumbnail","7":"category-braunschweig","8":"tag-altstadtmarkt","9":"tag-braunschweig","10":"tag-christi-himmelfahrt","11":"tag-de","12":"tag-deutschland","13":"tag-eu","14":"tag-europa","15":"tag-europe","16":"tag-feiertag","17":"tag-germany","18":"tag-headlines","19":"tag-nachrichten","20":"tag-news","21":"tag-niedersachsen","22":"tag-schlagzeilen","23":"tag-wochenmarkt"},"share_on_mastodon":{"url":"https:\/\/pubeurope.com\/@de\/114580201429903854","error":""},"_links":{"self":[{"href":"https:\/\/www.europesays.com\/de\/wp-json\/wp\/v2\/posts\/143824","targetHints":{"allow":["GET"]}}],"collection":[{"href":"https:\/\/www.europesays.com\/de\/wp-json\/wp\/v2\/posts"}],"about":[{"href":"https:\/\/www.europesays.com\/de\/wp-json\/wp\/v2\/types\/post"}],"author":[{"embeddable":true,"href":"https:\/\/www.europesays.com\/de\/wp-json\/wp\/v2\/users\/2"}],"replies":[{"embeddable":true,"href":"https:\/\/www.europesays.com\/de\/wp-json\/wp\/v2\/comments?post=143824"}],"version-history":[{"count":0,"href":"https:\/\/www.europesays.com\/de\/wp-json\/wp\/v2\/posts\/143824\/revisions"}],"wp:featuredmedia":[{"embeddable":true,"href":"https:\/\/www.europesays.com\/de\/wp-json\/wp\/v2\/media\/143825"}],"wp:attachment":[{"href":"https:\/\/www.europesays.com\/de\/wp-json\/wp\/v2\/media?parent=143824"}],"wp:term":[{"taxonomy":"category","embeddable":true,"href":"https:\/\/www.europesays.com\/de\/wp-json\/wp\/v2\/categories?post=143824"},{"taxonomy":"post_tag","embeddable":true,"href":"https:\/\/www.europesays.com\/de\/wp-json\/wp\/v2\/tags?post=143824"}],"curies":[{"name":"wp","href":"https:\/\/api.w.org\/{rel}","templated":true}]}}