{"id":143826,"date":"2025-05-27T14:11:20","date_gmt":"2025-05-27T14:11:20","guid":{"rendered":"https:\/\/www.europesays.com\/de\/143826\/"},"modified":"2025-05-27T14:11:20","modified_gmt":"2025-05-27T14:11:20","slug":"willich-programm-fuer-kulturrucksack-2025","status":"publish","type":"post","link":"https:\/\/www.europesays.com\/de\/143826\/","title":{"rendered":"Willich: Programm f\u00fcr Kulturrucksack 2025"},"content":{"rendered":"<p class=\"text_ohne_einzug richtext text-em-55 !leading-serif mx-6 desktop:mx-0\"> Eine Rennstrecke bauen, <a href=\"https:\/\/rp-online.de\/thema\/graffiti\/\" rel=\"nofollow noopener\" target=\"_blank\">Graffiti<\/a> spr\u00fchen, aus Ton Landschaften formen oder Schlagzeug spielen: Das Programm Kulturrucksack bietet Kindern und Jugendlichen in <a href=\"https:\/\/rp-online.de\/thema\/willich\/\" rel=\"nofollow noopener\" target=\"_blank\">Willich<\/a> auch in diesem Jahr wieder einige M\u00f6glichkeiten, kreativ zu werden. Insgesamt acht Workshops sind geplant, die ersten im Juli, die letzten im Oktober. \u201eDie Teilnahme an allen Projekten ist kostenlos\u201c, sagt Jutta Saum vom Willicher Kulturteam, die f\u00fcr das Programm Kulturrucksack zust\u00e4ndig ist. Weil die Teilnehmerzahlen begrenzt sind, r\u00e4t sie dazu, sich schnell anzumelden. Mitmachen d\u00fcrfen allerdings nur Zehn- bis 14-J\u00e4hrige.<\/p>\n","protected":false},"excerpt":{"rendered":"Eine Rennstrecke bauen, Graffiti spr\u00fchen, aus Ton Landschaften formen oder Schlagzeug spielen: Das Programm Kulturrucksack bietet Kindern und&hellip;\n","protected":false},"author":2,"featured_media":143827,"comment_status":"","ping_status":"","sticky":false,"template":"","format":"standard","meta":{"footnotes":""},"categories":[1849],"tags":[3364,29,548,663,3934,30,12530,51920,13,18355,38326,51919,4455,14,15,1209,7789,51918,12,17532,17289,22955],"class_list":{"0":"post-143826","1":"post","2":"type-post","3":"status-publish","4":"format-standard","5":"has-post-thumbnail","7":"category-moenchengladbach","8":"tag-de","9":"tag-deutschland","10":"tag-eu","11":"tag-europa","12":"tag-europe","13":"tag-germany","14":"tag-graffiti","15":"tag-graffitikuenstlern","16":"tag-headlines","17":"tag-jugendlichen","18":"tag-jutta","19":"tag-kulturrucksack","20":"tag-moenchengladbach","21":"tag-nachrichten","22":"tag-news","23":"tag-nordrhein-westfalen","24":"tag-programm","25":"tag-saum","26":"tag-schlagzeilen","27":"tag-schlagzeug","28":"tag-willich","29":"tag-willicher"},"share_on_mastodon":{"url":"https:\/\/pubeurope.com\/@de\/114580205301756245","error":""},"_links":{"self":[{"href":"https:\/\/www.europesays.com\/de\/wp-json\/wp\/v2\/posts\/143826","targetHints":{"allow":["GET"]}}],"collection":[{"href":"https:\/\/www.europesays.com\/de\/wp-json\/wp\/v2\/posts"}],"about":[{"href":"https:\/\/www.europesays.com\/de\/wp-json\/wp\/v2\/types\/post"}],"author":[{"embeddable":true,"href":"https:\/\/www.europesays.com\/de\/wp-json\/wp\/v2\/users\/2"}],"replies":[{"embeddable":true,"href":"https:\/\/www.europesays.com\/de\/wp-json\/wp\/v2\/comments?post=143826"}],"version-history":[{"count":0,"href":"https:\/\/www.europesays.com\/de\/wp-json\/wp\/v2\/posts\/143826\/revisions"}],"wp:featuredmedia":[{"embeddable":true,"href":"https:\/\/www.europesays.com\/de\/wp-json\/wp\/v2\/media\/143827"}],"wp:attachment":[{"href":"https:\/\/www.europesays.com\/de\/wp-json\/wp\/v2\/media?parent=143826"}],"wp:term":[{"taxonomy":"category","embeddable":true,"href":"https:\/\/www.europesays.com\/de\/wp-json\/wp\/v2\/categories?post=143826"},{"taxonomy":"post_tag","embeddable":true,"href":"https:\/\/www.europesays.com\/de\/wp-json\/wp\/v2\/tags?post=143826"}],"curies":[{"name":"wp","href":"https:\/\/api.w.org\/{rel}","templated":true}]}}