{"id":143894,"date":"2025-05-27T14:47:09","date_gmt":"2025-05-27T14:47:09","guid":{"rendered":"https:\/\/www.europesays.com\/de\/143894\/"},"modified":"2025-05-27T14:47:09","modified_gmt":"2025-05-27T14:47:09","slug":"waffenverbot-an-bahnhoefen-in-hannover-und-bremen-bleibt","status":"publish","type":"post","link":"https:\/\/www.europesays.com\/de\/143894\/","title":{"rendered":"Waffenverbot an Bahnh\u00f6fen in Hannover und Bremen bleibt"},"content":{"rendered":"<p>&#13;<br \/>\n            Hannover\/Bremen. Waffen bleiben an den Hauptbahnh\u00f6fen in Bremen und Hannover verboten. Die Regelung wird bis zum 30. Juni 2025 verl\u00e4ngert, wie die Bundespolizei mitteilte. Untersagt sind gef\u00e4hrliche Werkzeuge, Schusswaffen, Schreckschusswaffen, Hieb-, Sto\u00df- und Stichwaffen sowie Messer. Wer sich nicht daran h\u00e4lt, muss mit Konsequenzen wie einem Platzverweis oder Bahnhofsverbot rechnen. Bei uneinsichtigen Menschen sei auch ein Zwangsgeld m\u00f6glich, hie\u00df es. Das Verbot gilt rund um die Uhr. Ziel ist, die Sicherheit zu erh\u00f6hen. <\/p>\n<p>An den Hauptbahnh\u00f6fen in Bremen und Hannover sind Waffen seit November 2024 untersagt. Die entsprechenden Allgemeinverf\u00fcgungen wurden monatlich verl\u00e4ngert. Ausnahmen gelten etwa f\u00fcr Einsatzkr\u00e4fte von Polizei, Zoll und Bundeswehr.\u00a0 <\/p>\n<p>          &#13;<br \/>\n            Bundespolizei empfiehlt Taschenalarm <\/p>\n<p>Die Bundespolizei verweist darauf, dass der Einsatz von Waffen schnell zu lebensbedrohlichen Verletzungen f\u00fchren kann. Auch wenn sie zur Selbstverteidigung gedacht sind, bieten sie demnach eine tr\u00fcgerische Sicherheit. \u201eSie k\u00f6nnen die eigene Risikobereitschaft erh\u00f6hen, zur Gewalteskalation beitragen und zu einer Schadensvergr\u00f6\u00dferung f\u00fchren\u201c, hie\u00df es. Die Bundespolizei empfiehlt einen sogenannten Schrillalarm oder Taschenalarm, um in Gefahrensituationen auf sich aufmerksam zu machen und T\u00e4ter abzuschrecken. <\/p>\n","protected":false},"excerpt":{"rendered":"&#13; Hannover\/Bremen. Waffen bleiben an den Hauptbahnh\u00f6fen in Bremen und Hannover verboten. Die Regelung wird bis zum 30.&hellip;\n","protected":false},"author":2,"featured_media":143895,"comment_status":"","ping_status":"","sticky":false,"template":"","format":"standard","meta":{"footnotes":""},"categories":[1824],"tags":[2420,3364,29,30,177,1411,4743],"class_list":{"0":"post-143894","1":"post","2":"type-post","3":"status-publish","4":"format-standard","5":"has-post-thumbnail","7":"category-bremen","8":"tag-bremen","9":"tag-de","10":"tag-deutschland","11":"tag-germany","12":"tag-kriminalitt","13":"tag-niedersachsen","14":"tag-waffen"},"share_on_mastodon":{"url":"https:\/\/pubeurope.com\/@de\/114580346821862631","error":""},"_links":{"self":[{"href":"https:\/\/www.europesays.com\/de\/wp-json\/wp\/v2\/posts\/143894","targetHints":{"allow":["GET"]}}],"collection":[{"href":"https:\/\/www.europesays.com\/de\/wp-json\/wp\/v2\/posts"}],"about":[{"href":"https:\/\/www.europesays.com\/de\/wp-json\/wp\/v2\/types\/post"}],"author":[{"embeddable":true,"href":"https:\/\/www.europesays.com\/de\/wp-json\/wp\/v2\/users\/2"}],"replies":[{"embeddable":true,"href":"https:\/\/www.europesays.com\/de\/wp-json\/wp\/v2\/comments?post=143894"}],"version-history":[{"count":0,"href":"https:\/\/www.europesays.com\/de\/wp-json\/wp\/v2\/posts\/143894\/revisions"}],"wp:featuredmedia":[{"embeddable":true,"href":"https:\/\/www.europesays.com\/de\/wp-json\/wp\/v2\/media\/143895"}],"wp:attachment":[{"href":"https:\/\/www.europesays.com\/de\/wp-json\/wp\/v2\/media?parent=143894"}],"wp:term":[{"taxonomy":"category","embeddable":true,"href":"https:\/\/www.europesays.com\/de\/wp-json\/wp\/v2\/categories?post=143894"},{"taxonomy":"post_tag","embeddable":true,"href":"https:\/\/www.europesays.com\/de\/wp-json\/wp\/v2\/tags?post=143894"}],"curies":[{"name":"wp","href":"https:\/\/api.w.org\/{rel}","templated":true}]}}