{"id":143912,"date":"2025-05-27T14:56:12","date_gmt":"2025-05-27T14:56:12","guid":{"rendered":"https:\/\/www.europesays.com\/de\/143912\/"},"modified":"2025-05-27T14:56:12","modified_gmt":"2025-05-27T14:56:12","slug":"asbest-sicherheitstrupps-schliessen-u-bahn-fenster","status":"publish","type":"post","link":"https:\/\/www.europesays.com\/de\/143912\/","title":{"rendered":"Asbest \u2013 Sicherheitstrupps schlie\u00dfen U-Bahn-Fenster"},"content":{"rendered":"<p class=\"text_ohne_einzug richtext text-em-55 !leading-serif mx-6 desktop:mx-0\">Die <a href=\"https:\/\/rp-online.de\/thema\/rheinbahn\/\" target=\"_blank\" rel=\"noopener\">Rheinbahn<\/a> hat noch einmal die Sicherheitsvorkehrungen erh\u00f6ht, um m\u00f6gliche Gesundheitsgefahren wegen einer Asbest-Belastung an der U-Bahn-Station Nordstra\u00dfe so gut es geht auszuschlie\u00dfen. Seit Freitagabend sind an den Haltestellen \u201eHeinrich-Heine-Allee\u201c und auch \u201eErgo-Platz\/Klever Stra\u00dfe\u201c Sicherheitsteams im Einsatz, die nach dem Halt der Bahnen einsteigen, die Fenster in diesen schlie\u00dfen und wieder aussteigen. Auf dieses Vorgehen wird auch kurz vorher in den Bahnen per Durchsage hingewiesen.<\/p>\n","protected":false},"excerpt":{"rendered":"Die Rheinbahn hat noch einmal die Sicherheitsvorkehrungen erh\u00f6ht, um m\u00f6gliche Gesundheitsgefahren wegen einer Asbest-Belastung an der U-Bahn-Station Nordstra\u00dfe&hellip;\n","protected":false},"author":2,"featured_media":143913,"comment_status":"","ping_status":"","sticky":false,"template":"","format":"standard","meta":{"footnotes":""},"categories":[1831],"tags":[1739,3364,29,3405,30,1209,4102],"class_list":{"0":"post-143912","1":"post","2":"type-post","3":"status-publish","4":"format-standard","5":"has-post-thumbnail","7":"category-duesseldorf","8":"tag-bahn","9":"tag-de","10":"tag-deutschland","11":"tag-duesseldorf","12":"tag-germany","13":"tag-nordrhein-westfalen","14":"tag-rheinbahn"},"share_on_mastodon":{"url":"https:\/\/pubeurope.com\/@de\/114580382278388038","error":""},"_links":{"self":[{"href":"https:\/\/www.europesays.com\/de\/wp-json\/wp\/v2\/posts\/143912","targetHints":{"allow":["GET"]}}],"collection":[{"href":"https:\/\/www.europesays.com\/de\/wp-json\/wp\/v2\/posts"}],"about":[{"href":"https:\/\/www.europesays.com\/de\/wp-json\/wp\/v2\/types\/post"}],"author":[{"embeddable":true,"href":"https:\/\/www.europesays.com\/de\/wp-json\/wp\/v2\/users\/2"}],"replies":[{"embeddable":true,"href":"https:\/\/www.europesays.com\/de\/wp-json\/wp\/v2\/comments?post=143912"}],"version-history":[{"count":0,"href":"https:\/\/www.europesays.com\/de\/wp-json\/wp\/v2\/posts\/143912\/revisions"}],"wp:featuredmedia":[{"embeddable":true,"href":"https:\/\/www.europesays.com\/de\/wp-json\/wp\/v2\/media\/143913"}],"wp:attachment":[{"href":"https:\/\/www.europesays.com\/de\/wp-json\/wp\/v2\/media?parent=143912"}],"wp:term":[{"taxonomy":"category","embeddable":true,"href":"https:\/\/www.europesays.com\/de\/wp-json\/wp\/v2\/categories?post=143912"},{"taxonomy":"post_tag","embeddable":true,"href":"https:\/\/www.europesays.com\/de\/wp-json\/wp\/v2\/tags?post=143912"}],"curies":[{"name":"wp","href":"https:\/\/api.w.org\/{rel}","templated":true}]}}