{"id":143999,"date":"2025-05-27T15:42:09","date_gmt":"2025-05-27T15:42:09","guid":{"rendered":"https:\/\/www.europesays.com\/de\/143999\/"},"modified":"2025-05-27T15:42:09","modified_gmt":"2025-05-27T15:42:09","slug":"washington-medien-trump-will-harvard-restliche-bundesmittel-streichen","status":"publish","type":"post","link":"https:\/\/www.europesays.com\/de\/143999\/","title":{"rendered":"Washington | Medien: Trump will Harvard restliche Bundesmittel streichen"},"content":{"rendered":"<p class=\"bodytext\">Washington (dpa) &#8211; Im Streit mit der Elite-Universit\u00e4t Harvard will die US-Regierung von Pr\u00e4sident Donald Trump Medienberichten zufolge noch einen Schritt weitergehen. Die Regierung wolle die verbleibenden Vertr\u00e4ge mit der Universit\u00e4t mit Sitz in Cambridge im US-Bundesstaat Massachusetts streichen, berichteten mehrere US-Medien \u00fcbereinstimmend. Der \u00abNew York Times\u00bb lag eigenen Angaben nach der Entwurf eines entsprechenden Schreibens der US-Regierung vor, das zust\u00e4ndige Beh\u00f6rden anweise, bestehende Vertr\u00e4ge mit Harvard aufzul\u00f6sen.\u00a0<\/p>\n<p>US-Medien zufolge haben diese zusammengefasst ungef\u00e4hr einen Wert von 100 Millionen US-Dollar (88 Millionen Euro). Eine offizielle Best\u00e4tigung des Wei\u00dfen Hauses f\u00fcr die Pl\u00e4ne gab es zun\u00e4chst nicht.\u00a0<\/p>\n<p>Die Trump-Regierung hatte mehrere Universit\u00e4ten, denen sie eine linksliberale Ausrichtung vorwirft, mit finanziellem Druck an die Leine genommen, um etwa Diversit\u00e4tsprogramme zu stoppen. Sie wirft den Universit\u00e4ten au\u00dferdem vor, zu wenig gegen die Bek\u00e4mpfung von Antisemitismus zu tun. Sie begr\u00fcndet dies mit propal\u00e4stinensischen Protesten an US-Universit\u00e4ten, die zwar nicht mehr so gro\u00df wie zu Beginn des Gaza-Kriegs ausfallen, aber weiterhin andauern. Hochschulen wie Harvard wird vorgeworfen, antisemitische Vorf\u00e4lle auf dem Campus zu dulden.<\/p>\n<p>Harvard wehrt sich gegen Trumps Vorgehen<\/p>\n<p>Anders als andere Hochschulen widersetzt sich Harvard den weitreichenden Forderungen der US-Regierung &#8211; etwa zu Zulassungsverfahren, Verhaltensregeln und Personalentscheidungen. Trumps Regierung strich der Universit\u00e4t daraufhin Zusch\u00fcsse in Milliardenh\u00f6he. Au\u00dferdem ordnete sie vergangene Woche an, dass Harvard k\u00fcnftig keine neuen Studierenden aus dem Ausland mehr aufnehmen d\u00fcrfe. Bereits eingeschriebene Ausl\u00e4nder m\u00fcssten an andere Hochschulen wechseln ? sonst verl\u00f6ren sie ihren Aufenthaltsstatus in den USA.\u00a0<\/p>\n<p>Harvard wehrt sich juristisch gegen das Vorgehen Trumps &#8211; und konnte einen ersten Erfolg erzielen. Eine Richterin stoppte am Freitag per einstweiliger Verf\u00fcgung den Zulassungsstopp f\u00fcr ausl\u00e4ndische Studierende. Das letzte Wort d\u00fcrfte in diesem Rechtsstreit allerdings noch nicht gesprochen sein.<\/p>\n","protected":false},"excerpt":{"rendered":"Washington (dpa) &#8211; Im Streit mit der Elite-Universit\u00e4t Harvard will die US-Regierung von Pr\u00e4sident Donald Trump Medienberichten zufolge&hellip;\n","protected":false},"author":2,"featured_media":144000,"comment_status":"","ping_status":"","sticky":false,"template":"","format":"standard","meta":{"footnotes":""},"categories":[1841],"tags":[1605,752,3364,29,1721,30,1209,139,64],"class_list":{"0":"post-143999","1":"post","2":"type-post","3":"status-publish","4":"format-standard","5":"has-post-thumbnail","7":"category-bielefeld","8":"tag-bielefeld","9":"tag-bildung","10":"tag-de","11":"tag-deutschland","12":"tag-finanzen","13":"tag-germany","14":"tag-nordrhein-westfalen","15":"tag-regierung","16":"tag-usa"},"share_on_mastodon":{"url":"https:\/\/pubeurope.com\/@de\/114580563126588279","error":""},"_links":{"self":[{"href":"https:\/\/www.europesays.com\/de\/wp-json\/wp\/v2\/posts\/143999","targetHints":{"allow":["GET"]}}],"collection":[{"href":"https:\/\/www.europesays.com\/de\/wp-json\/wp\/v2\/posts"}],"about":[{"href":"https:\/\/www.europesays.com\/de\/wp-json\/wp\/v2\/types\/post"}],"author":[{"embeddable":true,"href":"https:\/\/www.europesays.com\/de\/wp-json\/wp\/v2\/users\/2"}],"replies":[{"embeddable":true,"href":"https:\/\/www.europesays.com\/de\/wp-json\/wp\/v2\/comments?post=143999"}],"version-history":[{"count":0,"href":"https:\/\/www.europesays.com\/de\/wp-json\/wp\/v2\/posts\/143999\/revisions"}],"wp:featuredmedia":[{"embeddable":true,"href":"https:\/\/www.europesays.com\/de\/wp-json\/wp\/v2\/media\/144000"}],"wp:attachment":[{"href":"https:\/\/www.europesays.com\/de\/wp-json\/wp\/v2\/media?parent=143999"}],"wp:term":[{"taxonomy":"category","embeddable":true,"href":"https:\/\/www.europesays.com\/de\/wp-json\/wp\/v2\/categories?post=143999"},{"taxonomy":"post_tag","embeddable":true,"href":"https:\/\/www.europesays.com\/de\/wp-json\/wp\/v2\/tags?post=143999"}],"curies":[{"name":"wp","href":"https:\/\/api.w.org\/{rel}","templated":true}]}}