{"id":14420,"date":"2025-04-08T01:08:23","date_gmt":"2025-04-08T01:08:23","guid":{"rendered":"https:\/\/www.europesays.com\/de\/14420\/"},"modified":"2025-04-08T01:08:23","modified_gmt":"2025-04-08T01:08:23","slug":"sachsen-revision-beendet-historische-standseilbahn-faehrt-wieder","status":"publish","type":"post","link":"https:\/\/www.europesays.com\/de\/14420\/","title":{"rendered":"Sachsen: Revision beendet: Historische Standseilbahn f\u00e4hrt wieder"},"content":{"rendered":"<p>                    Sachsen<br \/>\n                Revision beendet: Historische Standseilbahn f\u00e4hrt wieder<\/p>\n<p>\t\t\t\t              05.04.2025, 13:46 Uhr<\/p>\n<p><strong>Nach zwei Wochen Pause wieder in Betrieb: Die historische Standseilbahn in Dresden verbindet nicht nur Ortsteile, sondern bietet auch eine reizvolle Strecke.<\/strong><\/p>\n<p>Dresden (dpa\/sn) &#8211; Nach ihrer Fr\u00fchjahrsrevision hat die historische Dresdner Standseilbahn wieder ihren Betrieb aufgenommen. W\u00e4hrend der knapp zweiw\u00f6chigen Pause wurde laut den Dresdner Verkehrsbetrieben das Zugseil \u00fcberpr\u00fcft und die beiden Enden neu vergossen. Mit dem Abschluss der Arbeiten verkehrt die Bahn fortan nach erweiterten Sommerfahrplan.<\/p>\n<p>Fahrt auf reizvoller Strecke<\/p>\n<p>Die Bahn verbindet seit 1895 die Ortsteile Loschwitz und Wei\u00dfer Hirsch. Inzwischen steht sie unter Denkmalschutz. Wegen ihrer reizvollen Strecke samt eines gut 100 Meter langen Viadukts ist sie bei Touristen und Ausfl\u00fcglern beliebt. Die beiden Wagen sind per Zugseil verbunden und werden durch eine station\u00e4re F\u00f6rdermaschine angetrieben. Die Fahrt dauert etwa f\u00fcnf Minuten.<\/p>\n","protected":false},"excerpt":{"rendered":"Sachsen Revision beendet: Historische Standseilbahn f\u00e4hrt wieder 05.04.2025, 13:46 Uhr Nach zwei Wochen Pause wieder in Betrieb: Die&hellip;\n","protected":false},"author":2,"featured_media":14421,"comment_status":"","ping_status":"","sticky":false,"template":"","format":"standard","meta":{"footnotes":"","_share_on_mastodon":"0"},"categories":[1835],"tags":[3364,29,2386,30,10007,4896,859,7934],"class_list":["post-14420","post","type-post","status-publish","format-standard","has-post-thumbnail","category-dresden","tag-de","tag-deutschland","tag-dresden","tag-germany","tag-historische","tag-revision","tag-sachsen","tag-standseilbahn"],"share_on_mastodon":{"url":"https:\/\/pubeurope.com\/@de\/114299673316535579","error":""},"_links":{"self":[{"href":"https:\/\/www.europesays.com\/de\/wp-json\/wp\/v2\/posts\/14420","targetHints":{"allow":["GET"]}}],"collection":[{"href":"https:\/\/www.europesays.com\/de\/wp-json\/wp\/v2\/posts"}],"about":[{"href":"https:\/\/www.europesays.com\/de\/wp-json\/wp\/v2\/types\/post"}],"author":[{"embeddable":true,"href":"https:\/\/www.europesays.com\/de\/wp-json\/wp\/v2\/users\/2"}],"replies":[{"embeddable":true,"href":"https:\/\/www.europesays.com\/de\/wp-json\/wp\/v2\/comments?post=14420"}],"version-history":[{"count":0,"href":"https:\/\/www.europesays.com\/de\/wp-json\/wp\/v2\/posts\/14420\/revisions"}],"wp:featuredmedia":[{"embeddable":true,"href":"https:\/\/www.europesays.com\/de\/wp-json\/wp\/v2\/media\/14421"}],"wp:attachment":[{"href":"https:\/\/www.europesays.com\/de\/wp-json\/wp\/v2\/media?parent=14420"}],"wp:term":[{"taxonomy":"category","embeddable":true,"href":"https:\/\/www.europesays.com\/de\/wp-json\/wp\/v2\/categories?post=14420"},{"taxonomy":"post_tag","embeddable":true,"href":"https:\/\/www.europesays.com\/de\/wp-json\/wp\/v2\/tags?post=14420"}],"curies":[{"name":"wp","href":"https:\/\/api.w.org\/{rel}","templated":true}]}}