{"id":144230,"date":"2025-05-27T17:47:14","date_gmt":"2025-05-27T17:47:14","guid":{"rendered":"https:\/\/www.europesays.com\/de\/144230\/"},"modified":"2025-05-27T17:47:14","modified_gmt":"2025-05-27T17:47:14","slug":"der-kader-von-vincent-kompany","status":"publish","type":"post","link":"https:\/\/www.europesays.com\/de\/144230\/","title":{"rendered":"Der Kader von Vincent Kompany"},"content":{"rendered":"<p class=\"css-1q8kfuz\">Mit der Klub-WM wartet im Sommer ein neues Turnier auf die besten Mannschaften der Welt. Auch der FC Bayern M\u00fcnchen ist mit von der Partie und will um den Titel k\u00e4mpfen.<\/p>\n<p class=\"css-1cmglxz\">Die <a href=\"https:\/\/www.ran.de\/sports\/fussball\/bundesliga\" target=\"_blank\" rel=\"noopener\">Bundesliga<\/a>-Saison ist Geschichte. Mit einem souver\u00e4nen Sieg bei der TSG Hoffenheim verabschiedete sich der<a href=\"https:\/\/www.ran.de\/sports\/fussball\/fc-bayern-muenchen\" target=\"_blank\" rel=\"noopener\"> FC Bayern M\u00fcnchen<\/a> positiv aus der Saison. Die Meisterschaft soll aber nicht der einzige Titel f\u00fcr den Rekordmeister bleiben.<\/p>\n<p class=\"css-1cmglxz\">Im Sommer steht erstmals die neuartige <a data-li-document-ref=\"83923\" href=\"https:\/\/www.ran.de\/sports\/fussball\/klub-wm\" target=\"_blank\" rel=\"noopener\">Klub-WM<\/a> an &#8211; in den USA spielen 32 Mannschaften in einem gro\u00dfen Turnier um den Sieg und die Troph\u00e4e.<\/p>\n<p class=\"css-1cmglxz\">F\u00fcr den FC Bayern steht bereits vor dem Turnier fest: &#8222;Wir wollen so weit wie m\u00f6glich kommen. Wenn du als Bayern M\u00fcnchen antrittst, hast du auch den Anspruch, das Turnier zu gewinnen.&#8220; Worte von Sportvorstand <a href=\"https:\/\/www.ran.de\/sports\/stars\/max-eberl\" target=\"_blank\" rel=\"noopener\">Max Eberl<\/a>, die die Ambitionen unterstreichen.<\/p>\n<p class=\"css-1cmglxz\">Um dieses Ziel zu erreichen, setzt Trainer <a href=\"https:\/\/www.ran.de\/sports\/stars\/vincent-kompany\" target=\"_blank\" rel=\"noopener\">Vincent Kompany<\/a> auf seine besten Spieler. In der Gruppenphase trifft die Mannschaft um den belgischen Coach auf Auckland City, Benfica Lissabon und die Boca Juniors.<\/p>\n<p class=\"css-1cmglxz\"><strong>ran<\/strong> gibt einen \u00dcberblick \u00fcber den Kader des FC Bayern bei der Klub-WM.<\/p>\n<p>Klub-WM: Das Aufgebot vom FC Bayern M\u00fcnchen<\/p>\n<p class=\"css-1cmglxz\">Kompany setzt bei der Klub-WM auf sein Stammpersonal um Manuel Neuer, <a href=\"https:\/\/www.ran.de\/sports\/stars\/joshua-kimmich\" target=\"_blank\" rel=\"noopener\">Joshua Kimmich<\/a> und <a href=\"https:\/\/www.ran.de\/sports\/stars\/harry-kane\" target=\"_blank\" rel=\"noopener\">Harry Kane<\/a>. Gleichzeitig darf sich der deutsche Rekordmeister auf einige Verletzungs-R\u00fcckkehrer freuen &#8211; auch die Jugend bekommt eine Chance bei dem Turnier.<\/p>\n<p>FC Bayern M\u00fcnchen: Die Torh\u00fcter<\/p>\n<p class=\"css-1cmglxz\">Kapit\u00e4n Manuel Neuer wird als gesetzte Nummer Eins in das Turnier gehen. Nach seiner Verletzung w\u00e4hrend der Saison stand der 39-J\u00e4hrige zum Saison-Endspurt noch zweimal im M\u00fcnchner Kasten. Dabei hielt der Routinier jeweils die Null.<\/p>\n<p class=\"css-1cmglxz\">Neben Neuer werden auch Jonas Urbig, Daniel Peretz und Sven Ulreich mit in die USA reisen. Ersterer d\u00fcrfte Neuers Platz einnehmen, falls dieser ausfallen sollte.<\/p>\n<p>Dieser Inhalt stammt von externen Anbietern wie Facebook, Instagram oder Youtube. Aktiviere bitte Personalisierte Anzeigen und Inhalte sowie Anbieter au\u00dferhalb des CMP Standards, um diese Inhalte anzuzeigen.Privatsph\u00e4re-Einstellungen<img alt=\"Manuel Neuer\" loading=\"lazy\" decoding=\"async\" data-nimg=\"fill\" class=\"css-1y20zlf\" style=\"position:absolute;height:100%;width:100%;left:0;top:0;right:0;bottom:0;object-fit:contain;color:transparent\" src=\"https:\/\/www.europesays.com\/de\/wp-content\/uploads\/2025\/05\/1748368030_378_profile:original\"\/>Manuel Neuer\u00a9 Icon Sport via Getty ImagesFC Bayern M\u00fcnchen: Die Defensive<\/p>\n<p class=\"css-1cmglxz\">In der Defensive plagten den FC Bayern in den vergangenen Monaten enorme Verletzungssorgen. F\u00fcr <a href=\"https:\/\/www.ran.de\/sports\/stars\/alphonso-davies\" target=\"_blank\" rel=\"noopener\">Alphonso Davies<\/a> und Hiroki Ito kommt das Turnier in den USA zu fr\u00fch &#8211; Dayot Upamecano und Min-jae Kim stehen Kompany jedoch zur Verf\u00fcgung.<\/p>\n<p class=\"css-1cmglxz\">Zudem setzt der Belgier auf Konrad Laimer, Josip Stanisic, Sacha Boey und Raphael Guerreiro. Eric Dier steht in M\u00fcnchen noch bis zum 30. Juni unter Vertrag, bevor der Brite zur AS Monaco wechselt. Er wird also lediglich die Gruppenphase bestreiten k\u00f6nnen.<\/p>\n<p class=\"css-1cmglxz\">Nach seiner Leihe in Spanien kehrt auch Linksverteidiger Adam Aznou wieder ins M\u00fcnchner Aufgebot zur\u00fcck.<\/p>\n<p><img alt=\"Min-jae Kim (l.) und Dayot Upamecano\" loading=\"lazy\" decoding=\"async\" data-nimg=\"fill\" class=\"css-1y20zlf\" style=\"position:absolute;height:100%;width:100%;left:0;top:0;right:0;bottom:0;object-fit:contain;color:transparent\" src=\"https:\/\/www.europesays.com\/de\/wp-content\/uploads\/2025\/05\/1748368031_320_profile:original\"\/>Min-jae Kim (l.) und Dayot Upamecano\u00a9 DeFodi Images via Getty ImagesFC Bayern M\u00fcnchen: Das Mittelfeld<\/p>\n<p class=\"css-1cmglxz\">Auf der Sechs wird Joshua Kimmich auflaufen, daneben h\u00f6chstwahrscheinlich Landsmann <a href=\"https:\/\/www.ran.de\/sports\/stars\/aleksandar-pavlovic\" target=\"_blank\" rel=\"noopener\">Aleksandar Pavlovic<\/a>. Auch<a href=\"https:\/\/www.ran.de\/sports\/stars\/leon-goretzka\" target=\"_blank\" rel=\"noopener\"> Leon Goretzka<\/a> und Joao Palhinha werden mit in die USA reisen &#8211; Konkurrenz kommt aus Hoffenheim: Neuverpflichtung Tom Bischof wird auch mit von der Partie sein.<\/p>\n<p class=\"css-1cmglxz\">Im offensiven Mittelfeld kann das Trainerteam wieder mit Jamal Musiala rechnen, der nach seiner Verletzung zur\u00fcckkehrt. Der Fokus wird aber wohl auf Vereinsikone <a href=\"https:\/\/www.ran.de\/sports\/stars\/thomas-mueller\" target=\"_blank\" rel=\"noopener\">Thomas M\u00fcller <\/a>liegen: Der Ur-Bayer wird bei der Klub-WM seine letzten Spiele f\u00fcr die M\u00fcnchner bestreiten.<\/p>\n<p class=\"css-1cmglxz\">Nach seiner Leihe zum 1. FC Heidenheim wird auch <a href=\"https:\/\/www.ran.de\/sports\/stars\/paul-wanner\" target=\"_blank\" rel=\"noopener\">Paul Wanner<\/a> wieder zur\u00fcck sein und mit nach Nordamerika reisen. Auch Mega-Talent Lennart Karl darf wertvolle Einblicke sammeln.<\/p>\n<p><img alt=\"Joshua Kimmich (l.) und Aleksandar Pavlovic\" loading=\"lazy\" decoding=\"async\" data-nimg=\"fill\" class=\"css-1y20zlf\" style=\"position:absolute;height:100%;width:100%;left:0;top:0;right:0;bottom:0;object-fit:contain;color:transparent\" src=\"https:\/\/www.europesays.com\/de\/wp-content\/uploads\/2025\/05\/1748368032_472_profile:original\"\/>Joshua Kimmich (l.) und Aleksandar Pavlovic\u00a9 Getty ImagesFC Bayern M\u00fcnchen: Der Sturm<\/p>\n<p class=\"css-1cmglxz\">Auf dem rechten Fl\u00fcgel ist Shooting-Star Michael Olise gesetzt. Die linke Seite wird zum Dreikampf zwischen <a href=\"https:\/\/www.ran.de\/sports\/stars\/leroy-sane\" target=\"_blank\" rel=\"noopener\">Leroy Sane<\/a>, Serge Gnabry und Kingsley Coman. Im Sturm wird Harry Kane erneut auf Torejagd gehen.<\/p>\n<p class=\"css-1cmglxz\">Sportdirektor Christoph Freund best\u00e4tigte zudem bereits vor Saisonende, dass Jonah Kusi-Asare als Backup f\u00fcr den Engl\u00e4nder im Angriff agieren darf. Auch Bryan Zaragoza wird nach seiner einj\u00e4hrigen Leihe Teil des Kaders sein. Das gleiche gilt f\u00fcr Mathys Tel und auch Gabriel Vidovic. Letzterer kehrte bereits im Winter von seiner Leihe beim 1. FSV Mainz 05 zur\u00fcck an die S\u00e4bener Stra\u00dfe.<\/p>\n<p class=\"css-1cmglxz\">F\u00fcr Juwel Wisdom Mike wird die Klub-WM auch zum ersten gro\u00dfen Highlight.<\/p>\n<p><img alt=\"Harry Kane, Michael Olise und Serge Gnabry (v.l.)\" loading=\"lazy\" decoding=\"async\" data-nimg=\"fill\" class=\"css-1y20zlf\" style=\"position:absolute;height:100%;width:100%;left:0;top:0;right:0;bottom:0;object-fit:contain;color:transparent\" src=\"https:\/\/www.europesays.com\/de\/wp-content\/uploads\/2025\/05\/1748368033_762_profile:original\"\/>Harry Kane, Michael Olise und Serge Gnabry (v.l.)\u00a9 Getty ImagesKlub-WM: Diese Stars fehlen im Bayern-Aufgebot<\/p>\n<p class=\"css-1cmglxz\">Auf ein paar Spieler muss Kompany verzichten &#8211; verletzungsbedingt fehlt dem Bayern-Trainer das defensive Trio aus Alphonso Davies, Hiroki Ito und Tarek Buchmann.<\/p>\n<ul class=\"css-cnf5h5\">\n<li class=\"css-834hqg\">Alphonso Davies (verletzt)<\/li>\n<\/ul>\n<ul class=\"css-cnf5h5\">\n<li class=\"css-834hqg\">Tarek Buchmann (verletzt)<\/li>\n<\/ul>\n<p><img alt=\"Alphonso Davies\" loading=\"lazy\" decoding=\"async\" data-nimg=\"fill\" class=\"css-1y20zlf\" style=\"position:absolute;height:100%;width:100%;left:0;top:0;right:0;bottom:0;object-fit:contain;color:transparent\" src=\"https:\/\/www.europesays.com\/de\/wp-content\/uploads\/2025\/05\/1748368034_15_profile:original\"\/>Alphonso Davies\u00a9 ANP via Getty Images<\/p>\n","protected":false},"excerpt":{"rendered":"Mit der Klub-WM wartet im Sommer ein neues Turnier auf die besten Mannschaften der Welt. Auch der FC&hellip;\n","protected":false},"author":2,"featured_media":144231,"comment_status":"","ping_status":"","sticky":false,"template":"","format":"standard","meta":{"footnotes":""},"categories":[1827],"tags":[772,29,458,16074,30,21300,13975,1268,1086],"class_list":{"0":"post-144230","1":"post","2":"type-post","3":"status-publish","4":"format-standard","5":"has-post-thumbnail","7":"category-muenchen","8":"tag-bayern","9":"tag-deutschland","10":"tag-fc-bayern-muenchen","11":"tag-fcb","12":"tag-germany","13":"tag-kader","14":"tag-klub-wm","15":"tag-muenchen","16":"tag-vincent-kompany"},"share_on_mastodon":{"url":"https:\/\/pubeurope.com\/@de\/114581054698520437","error":""},"_links":{"self":[{"href":"https:\/\/www.europesays.com\/de\/wp-json\/wp\/v2\/posts\/144230","targetHints":{"allow":["GET"]}}],"collection":[{"href":"https:\/\/www.europesays.com\/de\/wp-json\/wp\/v2\/posts"}],"about":[{"href":"https:\/\/www.europesays.com\/de\/wp-json\/wp\/v2\/types\/post"}],"author":[{"embeddable":true,"href":"https:\/\/www.europesays.com\/de\/wp-json\/wp\/v2\/users\/2"}],"replies":[{"embeddable":true,"href":"https:\/\/www.europesays.com\/de\/wp-json\/wp\/v2\/comments?post=144230"}],"version-history":[{"count":0,"href":"https:\/\/www.europesays.com\/de\/wp-json\/wp\/v2\/posts\/144230\/revisions"}],"wp:featuredmedia":[{"embeddable":true,"href":"https:\/\/www.europesays.com\/de\/wp-json\/wp\/v2\/media\/144231"}],"wp:attachment":[{"href":"https:\/\/www.europesays.com\/de\/wp-json\/wp\/v2\/media?parent=144230"}],"wp:term":[{"taxonomy":"category","embeddable":true,"href":"https:\/\/www.europesays.com\/de\/wp-json\/wp\/v2\/categories?post=144230"},{"taxonomy":"post_tag","embeddable":true,"href":"https:\/\/www.europesays.com\/de\/wp-json\/wp\/v2\/tags?post=144230"}],"curies":[{"name":"wp","href":"https:\/\/api.w.org\/{rel}","templated":true}]}}