{"id":144259,"date":"2025-05-27T18:03:13","date_gmt":"2025-05-27T18:03:13","guid":{"rendered":"https:\/\/www.europesays.com\/de\/144259\/"},"modified":"2025-05-27T18:03:13","modified_gmt":"2025-05-27T18:03:13","slug":"dfb-co-trainer-mit-bundesligist-augsburg-einig","status":"publish","type":"post","link":"https:\/\/www.europesays.com\/de\/144259\/","title":{"rendered":"DFB-Co-Trainer mit Bundesligist Augsburg einig"},"content":{"rendered":"<p>Scheidender DFB-Co-Trainer <\/p>\n<p>Sandro Wagner mit Bundesligist einig<\/p>\n<p>Aktualisiert am 27.05.2025 &#8211; 19:55 UhrLesedauer: 2 Min.<\/p>\n<p><a href=\"#focus-0\" class=\"transition-colors duration-200 focus-within:text-magenta block text-current relative\" data-sctrack=\"FocusGalleryImage.Reference\"><img fetchpriority=\"high\" data-testid=\"Opener.Image\" style=\"--lqipURL:url('https:\/\/images.t-online.de\/2025\/05\/TeOOe6WJ0o3L\/1017x119:2497x1405\/fit-in\/150x0\/filters:blur(25)\/sandro-wagner-er-war-bislang-co-trainer-von-julian-nagelsmann-bei-der-nationalmannschaft.jpg')\"   loading=\"eager\" src=\"https:\/\/www.europesays.com\/de\/wp-content\/uploads\/2025\/05\/sandro-wagner-er-war-bislang-co-trainer-von-julian-nagelsmann-bei-der-nationalmannschaft.jpg\" alt=\"Sandro Wagner: Er war bislang Co-Trainer von Julian Nagelsmann bei der Nationalmannschaft.\" title=\"Sandro Wagner: Er war bislang Co-Trainer von Julian Nagelsmann bei der Nationalmannschaft.\" width=\"2497\" height=\"1405\" class=\"bg-[url:var(--lqipURL)] bg-cover bg-center flex w-full max-w-full h-full\" decoding=\"async\"\/><img style=\"--width:32;--height:32\" loading=\"lazy\" src=\"https:\/\/www.europesays.com\/de\/wp-content\/uploads\/2025\/05\/zoom-in.f7dae02f.svg.svg+xml\" alt=\"Vergr\u00f6\u00dfern des Bildes\" title=\"Vergr\u00f6\u00dfern des Bildes\" class=\"&#10;        block&#10;        h-[calc(var(--height)_\/_16_*_1rem)]&#10;        w-[calc(var(--width)_\/_16_*_1rem)]&#10;        max-w-none&#10;        absolute bottom-8 right-8 rounded-4 bg-snow p-8\" decoding=\"async\"\/><\/a><\/p>\n<p>Sandro Wagner: Er war bislang Co-Trainer von Julian Nagelsmann bei der Nationalmannschaft. (Quelle: Maximilian Koch\/imago-images-bilder)<\/p>\n<p class=\"font-bold text-18 leading-17\">Nach seinem verk\u00fcndeten Abschied vom DFB war klar, dass es Sandro Wagner wohl in die Bundesliga zieht. Jetzt ist er sich mit einem Verein einig.<\/p>\n<p class=\"text-18 leading-17\">Sandro Wagner wird offenbar neuer Trainer von Bundesligist <a class=\"transition-colors duration-200 cursor-pointer text-inherit no-underline text-salemsfur md:hover:text-magenta md:hover:border-magenta md:focus:text-magenta border-current border-b border-solid break-words\" href=\"https:\/\/www.t-online.de\/themen\/fc-augsburg\/\" data-sctrack=\"BodyAnchor\" rel=\"nofollow noopener\" target=\"_blank\">FC Augsburg<\/a>. Das best\u00e4tigte der Klub am Dienstag der Deutschen Presseagentur. Er erh\u00e4lt einen Vertrag bis 2028. Zuvor hatte bereits die &#8222;Bild&#8220;-Zeitung berichtet. Dem Bericht zufolge sind sich beide Parteien nach dem Rauswurf von Trainer Jess Thorup nach zahlreichen Gespr\u00e4chen am Wochenende einig geworden. Der Vertrag soll am Mittwoch unterschrieben werden.<\/p>\n<p class=\"text-18 leading-17\">Laut &#8222;Bild&#8220; soll Augsburg-Gesch\u00e4ftsf\u00fchrer Michael Str\u00f6ll alles f\u00fcr eine Wagner-Verpflichtung getan haben. Der bisherige Assistent von Bundestrainer <a class=\"transition-colors duration-200 cursor-pointer text-inherit no-underline text-salemsfur md:hover:text-magenta md:hover:border-magenta md:focus:text-magenta border-current border-b border-solid break-words\" href=\"https:\/\/www.t-online.de\/themen\/julian-nagelsmann\/\" data-sctrack=\"BodyAnchor\" rel=\"nofollow noopener\" target=\"_blank\">Julian Nagelsmann<\/a> hatte Ende April seinen Abschied vom DFB-Team nach dem Final Four der <a class=\"transition-colors duration-200 cursor-pointer text-inherit no-underline text-salemsfur md:hover:text-magenta md:hover:border-magenta md:focus:text-magenta border-current border-b border-solid break-words\" href=\"https:\/\/www.t-online.de\/sport\/fussball\/nations-league\/\" data-sctrack=\"BodyAnchor\" rel=\"nofollow noopener\" target=\"_blank\">Nations League<\/a> verk\u00fcndet und soll seither auch Interesse von Wolfsburg, Leverkusen, Leipzig, Bremen, K\u00f6ln sowie von Klubs aus England geweckt haben. Hoffenheim soll Wagner bereits Anfang Mai abgesagt haben, seither besch\u00e4ftigte man sich laut &#8222;Bild&#8220; mit der Personalie in Augsburg, musste jedoch zun\u00e4chst die Saisonanalyse mit Thorup abschlie\u00dfen.<\/p>\n<p class=\"text-18 leading-17\">Wagner hat es von Unterhaching, wo er mit seiner Familie wohnt, nicht weit nach Augsburg. Dennoch m\u00f6chte er dem Bericht zufolge in die Fuggerstadt ziehen, um seine neue Rolle optimal ausf\u00fchren zu k\u00f6nnen. Die Klub-Verantwortlichen erhofften sich von der Wagner-Verpflichtung eine aktivere und offensivere Spielweise sowie die F\u00f6rderung der jungen Talente.<\/p>\n<p class=\"text-18 leading-17\">Vor dieser Saison hatte Augsburgs Gesch\u00e4ftsf\u00fchrer Michael Str\u00f6ll den Wunsch ge\u00e4u\u00dfert, das Image der Grauen Maus in deren 14. Bundesligasaison endlich abzustreifen.<\/p>\n<p class=\"text-18 leading-17\">Doch wie schon in der Spielzeit 2023\/24, als f\u00fcnf Niederlagen im Endspurt einen internationalen Startplatz kosteten, brach der FC Augsburg auch jetzt ein. Nach vier Niederlagen am St\u00fcck und beendete die Mannschaft um Kapit\u00e4n Jeffrey Gouweleeuw die Saison als Tabellenzw\u00f6lfter. Nach dem 1:2 gegen <a class=\"transition-colors duration-200 cursor-pointer text-inherit no-underline text-salemsfur md:hover:text-magenta md:hover:border-magenta md:focus:text-magenta border-current border-b border-solid break-words\" href=\"https:\/\/www.t-online.de\/themen\/1-fc-union-berlin\/\" data-sctrack=\"BodyAnchor\" rel=\"nofollow noopener\" target=\"_blank\">Union Berlin<\/a> hatten die Augsburger die Saison-Analyse angek\u00fcndigt \u2013 mit der gravierenden personellen Konsequenz.<\/p>\n<p class=\"text-18 leading-17\">Vor seinem Engagement beim <a class=\"transition-colors duration-200 cursor-pointer text-inherit no-underline text-salemsfur md:hover:text-magenta md:hover:border-magenta md:focus:text-magenta border-current border-b border-solid break-words\" href=\"https:\/\/www.t-online.de\/themen\/dfb\/\" data-sctrack=\"BodyAnchor\" rel=\"nofollow noopener\" target=\"_blank\">DFB<\/a> war Wagner als Trainer in Unterhaching t\u00e4tig und f\u00fchrte den damaligen Regionalligisten zum Drittliga-Aufstieg. Danach verlie\u00df er den Verein. Seit September 2023 war er gemeinsam mit Benjamin Gl\u00fcck Assistenztrainer von Nagelsmann. Zuvor war er Co-Trainer der U 20-Nationalmannschaft gewesen und hatte schon zusammen mit Cheftrainer Hannes Wolf ein A-L\u00e4nderspiel unter dem damaligen Interims-Teamchef <a class=\"transition-colors duration-200 cursor-pointer text-inherit no-underline text-salemsfur md:hover:text-magenta md:hover:border-magenta md:focus:text-magenta border-current border-b border-solid break-words\" href=\"https:\/\/www.t-online.de\/themen\/rudi-voeller\/\" data-sctrack=\"BodyAnchor\" rel=\"nofollow noopener\" target=\"_blank\">Rudi V\u00f6ller<\/a> absolviert.<\/p>\n","protected":false},"excerpt":{"rendered":"Scheidender DFB-Co-Trainer Sandro Wagner mit Bundesligist einig Aktualisiert am 27.05.2025 &#8211; 19:55 UhrLesedauer: 2 Min. Sandro Wagner: Er&hellip;\n","protected":false},"author":2,"featured_media":144260,"comment_status":"","ping_status":"","sticky":false,"template":"","format":"standard","meta":{"footnotes":"","_share_on_mastodon":"0"},"categories":[136],"tags":[4654,680,9492,2420,2520,29,481,5974,3058,483,30,8844,34114,2602,1420,71,2375,52014,15179,265,5534,605],"class_list":["post-144259","post","type-post","status-publish","format-standard","has-post-thumbnail","category-sport","tag-wolf","tag-augsburg","tag-bild-zeitung","tag-bremen","tag-deutsche-presse-agentur","tag-deutschland","tag-dfb","tag-dfb-team","tag-england","tag-fc-augsburg","tag-germany","tag-hoffenheim","tag-jess-thorup","tag-julian-nagelsmann","tag-koeln","tag-leipzig","tag-leverkusen","tag-michael-stroell","tag-sandro-wagner","tag-sport","tag-unterhaching","tag-wolfsburg"],"share_on_mastodon":{"url":"https:\/\/pubeurope.com\/@de\/114581117575309291","error":""},"_links":{"self":[{"href":"https:\/\/www.europesays.com\/de\/wp-json\/wp\/v2\/posts\/144259","targetHints":{"allow":["GET"]}}],"collection":[{"href":"https:\/\/www.europesays.com\/de\/wp-json\/wp\/v2\/posts"}],"about":[{"href":"https:\/\/www.europesays.com\/de\/wp-json\/wp\/v2\/types\/post"}],"author":[{"embeddable":true,"href":"https:\/\/www.europesays.com\/de\/wp-json\/wp\/v2\/users\/2"}],"replies":[{"embeddable":true,"href":"https:\/\/www.europesays.com\/de\/wp-json\/wp\/v2\/comments?post=144259"}],"version-history":[{"count":0,"href":"https:\/\/www.europesays.com\/de\/wp-json\/wp\/v2\/posts\/144259\/revisions"}],"wp:featuredmedia":[{"embeddable":true,"href":"https:\/\/www.europesays.com\/de\/wp-json\/wp\/v2\/media\/144260"}],"wp:attachment":[{"href":"https:\/\/www.europesays.com\/de\/wp-json\/wp\/v2\/media?parent=144259"}],"wp:term":[{"taxonomy":"category","embeddable":true,"href":"https:\/\/www.europesays.com\/de\/wp-json\/wp\/v2\/categories?post=144259"},{"taxonomy":"post_tag","embeddable":true,"href":"https:\/\/www.europesays.com\/de\/wp-json\/wp\/v2\/tags?post=144259"}],"curies":[{"name":"wp","href":"https:\/\/api.w.org\/{rel}","templated":true}]}}