{"id":144275,"date":"2025-05-27T18:11:12","date_gmt":"2025-05-27T18:11:12","guid":{"rendered":"https:\/\/www.europesays.com\/de\/144275\/"},"modified":"2025-05-27T18:11:12","modified_gmt":"2025-05-27T18:11:12","slug":"kommt-wolodymyr-selenskyj-in-nach-aachen","status":"publish","type":"post","link":"https:\/\/www.europesays.com\/de\/144275\/","title":{"rendered":"Kommt Wolodymyr Selenskyj in nach Aachen?"},"content":{"rendered":"<p>Karlspreistr\u00e4ger 2023 <\/p>\n<p>Bericht: Kommt Selenskyj 2025 zur\u00fcck nach Aachen?<\/p>\n<p>27.05.2025 &#8211; 19:00 UhrLesedauer: 2 Min.<\/p>\n<p><a href=\"#focus-0\" class=\"transition-colors duration-200 focus-within:text-magenta block text-current relative\" data-sctrack=\"FocusGalleryImage.Reference\"><img fetchpriority=\"high\" data-testid=\"Opener.Image\" style=\"--lqipURL:url('https:\/\/images.t-online.de\/2025\/05\/PKLc0KRrpQVC\/0x156:3000x1687\/fit-in\/150x0\/filters:blur(25)\/image.jpg')\"   loading=\"eager\" src=\"https:\/\/www.europesays.com\/de\/wp-content\/uploads\/2025\/05\/1748369470_205_image.jpg\" alt=\"imago images 0820708310\" title=\"imago images 0820708310\" width=\"3000\" height=\"1687\" class=\"bg-[url:var(--lqipURL)] bg-cover bg-center flex w-full max-w-full h-full\" decoding=\"async\"\/><img style=\"--width:32;--height:32\" loading=\"lazy\" src=\"https:\/\/www.europesays.com\/de\/wp-content\/uploads\/2025\/05\/zoom-in.f7dae02f.svg.svg+xml\" alt=\"Vergr\u00f6\u00dfern des Bildes\" title=\"Vergr\u00f6\u00dfern des Bildes\" class=\"&#10;        block&#10;        h-[calc(var(--height)_\/_16_*_1rem)]&#10;        w-[calc(var(--width)_\/_16_*_1rem)]&#10;        max-w-none&#10;        absolute bottom-8 right-8 rounded-4 bg-snow p-8\" decoding=\"async\"\/><\/a><\/p>\n<p>Der ukrainische Pr\u00e4sident Wolodymyr Selenskyj (Archivbild): 2023 nahm er selbst den Karlspreis in Aachen entgegen. (Quelle: IMAGO\/Ukraine Presidency via Bestimage)<\/p>\n<p class=\"font-bold text-18 leading-17\">Hohe politische Prominenz wird zur Verleihung des Karlspreises an Ursula von der Leyen in Aachen erwartet. Kommt auch der ukrainische Pr\u00e4sident Wolodymyr Selenskyj?<\/p>\n<p class=\"text-18 leading-17\">Zur Verleihung des Internationalen Karlspreises an EU-Kommissionspr\u00e4sidentin <a class=\"transition-colors duration-200 cursor-pointer text-inherit no-underline text-salemsfur md:hover:text-magenta md:hover:border-magenta md:focus:text-magenta border-current border-b border-solid break-words\" href=\"https:\/\/www.t-online.de\/themen\/ursula-von-der-leyen\/\" data-sctrack=\"BodyAnchor\" target=\"_blank\" rel=\"noopener\">Ursula von der Leyen<\/a> am Donnerstag in <a class=\"transition-colors duration-200 cursor-pointer text-inherit no-underline text-salemsfur md:hover:text-magenta md:hover:border-magenta md:focus:text-magenta border-current border-b border-solid break-words\" href=\"https:\/\/www.t-online.de\/themen\/aachen\/\" data-sctrack=\"BodyAnchor\" target=\"_blank\" rel=\"noopener\">Aachen<\/a> wird hohe politische Prominenz erwartet. Fest zugesagt haben Bundeskanzler <a class=\"transition-colors duration-200 cursor-pointer text-inherit no-underline text-salemsfur md:hover:text-magenta md:hover:border-magenta md:focus:text-magenta border-current border-b border-solid break-words\" href=\"https:\/\/www.t-online.de\/themen\/friedrich-merz\/\" data-sctrack=\"BodyAnchor\" target=\"_blank\" rel=\"noopener\">Friedrich Merz<\/a> (CDU) und Spaniens K\u00f6nig Felipe VI., die beide die Festreden halten werden. Ob auch der ukrainische Pr\u00e4sident <a class=\"transition-colors duration-200 cursor-pointer text-inherit no-underline text-salemsfur md:hover:text-magenta md:hover:border-magenta md:focus:text-magenta border-current border-b border-solid break-words\" href=\"https:\/\/www.t-online.de\/themen\/wolodymyr-selenskyj\/\" data-sctrack=\"BodyAnchor\" target=\"_blank\" rel=\"noopener\">Wolodymyr Selenskyj<\/a> anreist, ist bislang offen.<\/p>\n<p class=\"text-18 leading-17\">Selenskyj soll am Mittwoch in <a class=\"transition-colors duration-200 cursor-pointer text-inherit no-underline text-salemsfur md:hover:text-magenta md:hover:border-magenta md:focus:text-magenta border-current border-b border-solid break-words\" href=\"https:\/\/www.t-online.de\/region\/berlin\/\" data-sctrack=\"BodyAnchor\" target=\"_blank\" rel=\"noopener\">Berlin<\/a> mit Bundeskanzler Merz \u00fcber die Lage in der <a class=\"transition-colors duration-200 cursor-pointer text-inherit no-underline text-salemsfur md:hover:text-magenta md:hover:border-magenta md:focus:text-magenta border-current border-b border-solid break-words\" href=\"https:\/\/www.t-online.de\/themen\/ukraine\/\" data-sctrack=\"BodyAnchor\" target=\"_blank\" rel=\"noopener\">Ukraine<\/a> sprechen. Am Donnerstag sei eine Weiterreise vorgesehen \u2013 ob sie ihn nach Aachen f\u00fchrt, habe das Umfeld des Pr\u00e4sidenten bislang unbeantwortet gelassen, schreibt die &#8222;Aachener Zeitung&#8220;. Hinter den Kulissen wird jedoch intensiv spekuliert.<\/p>\n<p class=\"text-18 leading-17\">Ein Besuch Selenskyjs in Aachen w\u00fcrde nicht nur symbolische Strahlkraft entfalten, sondern auch Raum f\u00fcr bilaterale Gespr\u00e4che bieten, so die Lokalpresse. Aus dem Umfeld des Karlspreises sei zu h\u00f6ren, dass ein Treffen mit Gro\u00dfbritanniens Premierminister <a class=\"transition-colors duration-200 cursor-pointer text-inherit no-underline text-salemsfur md:hover:text-magenta md:hover:border-magenta md:focus:text-magenta border-current border-b border-solid break-words\" href=\"https:\/\/www.t-online.de\/themen\/keir-starmer\/\" data-sctrack=\"BodyAnchor\" target=\"_blank\" rel=\"noopener\">Keir Starmer<\/a> m\u00f6glich w\u00e4re, sollte dieser ebenfalls anreisen. F\u00fcr die Ukraine w\u00e4re das ein wichtiges Signal der europ\u00e4ischen Geschlossenheit.<\/p>\n<p class=\"text-18 leading-17\">Starmer gelte als einer der engsten Partner der Ukraine im Kampf gegen <a class=\"transition-colors duration-200 cursor-pointer text-inherit no-underline text-salemsfur md:hover:text-magenta md:hover:border-magenta md:focus:text-magenta border-current border-b border-solid break-words\" href=\"https:\/\/www.t-online.de\/themen\/russland\/\" data-sctrack=\"BodyAnchor\" target=\"_blank\" rel=\"noopener\">Russland<\/a>. Sein Erscheinen in Aachen w\u00fcrde zugleich als Zeichen f\u00fcr eine Ann\u00e4herung Gro\u00dfbritanniens an die EU nach dem <a class=\"transition-colors duration-200 cursor-pointer text-inherit no-underline text-salemsfur md:hover:text-magenta md:hover:border-magenta md:focus:text-magenta border-current border-b border-solid break-words\" href=\"https:\/\/www.t-online.de\/themen\/brexit\/\" data-sctrack=\"BodyAnchor\" target=\"_blank\" rel=\"noopener\">Brexit<\/a> gewertet.<\/p>\n<p class=\"text-18 leading-17\">F\u00fcr die Aachener Sicherheitsbeh\u00f6rden h\u00e4tte eine spontane Teilnahme Selenskyjs weitreichende Folgen. Schon 2023 war sein Besuch mit massiven Schutzma\u00dfnahmen verbunden. Da sich die Sicherheitslage seither kaum ver\u00e4ndert hat, m\u00fcsste auch dieses Mal ein umfassendes Sicherheitskonzept greifen.<\/p>\n<p class=\"text-18 leading-17\">Das Karlspreisdirektorium wisse manchmal selbst bis kurz vor der Beginn der Verleihung im Kr\u00f6nungssaal nicht, wer tats\u00e4chlich komme und wer nicht. Das sagte J\u00fcrgen Linden, Vorsitzender des Karlspreis-Direktoriums, der &#8222;Aachener Zeitung&#8220;.<\/p>\n","protected":false},"excerpt":{"rendered":"Karlspreistr\u00e4ger 2023 Bericht: Kommt Selenskyj 2025 zur\u00fcck nach Aachen? 27.05.2025 &#8211; 19:00 UhrLesedauer: 2 Min. Der ukrainische Pr\u00e4sident&hellip;\n","protected":false},"author":2,"featured_media":144276,"comment_status":"","ping_status":"","sticky":false,"template":"","format":"standard","meta":{"footnotes":""},"categories":[1853],"tags":[1424,2945,296,31,3364,29,548,663,3934,44515,775,30,551,13,44514,5554,14,15,1209,4987,12,4026,317,1493,51249,107],"class_list":{"0":"post-144275","1":"post","2":"type-post","3":"status-publish","4":"format-standard","5":"has-post-thumbnail","7":"category-aachen","8":"tag-aachen","9":"tag-aachener-zeitung","10":"tag-berlin","11":"tag-cdu","12":"tag-de","13":"tag-deutschland","14":"tag-eu","15":"tag-europa","16":"tag-europe","17":"tag-felipe-vi","18":"tag-friedrich-merz","19":"tag-germany","20":"tag-grossbritannien","21":"tag-headlines","22":"tag-karlspreis","23":"tag-keir-starmer","24":"tag-nachrichten","25":"tag-news","26":"tag-nordrhein-westfalen","27":"tag-prominenz","28":"tag-schlagzeilen","29":"tag-spanien","30":"tag-ukraine","31":"tag-ursula-von-der-leyen","32":"tag-verleihung","33":"tag-wolodymyr-selenskyj"},"share_on_mastodon":{"url":"https:\/\/pubeurope.com\/@de\/114581149106105644","error":""},"_links":{"self":[{"href":"https:\/\/www.europesays.com\/de\/wp-json\/wp\/v2\/posts\/144275","targetHints":{"allow":["GET"]}}],"collection":[{"href":"https:\/\/www.europesays.com\/de\/wp-json\/wp\/v2\/posts"}],"about":[{"href":"https:\/\/www.europesays.com\/de\/wp-json\/wp\/v2\/types\/post"}],"author":[{"embeddable":true,"href":"https:\/\/www.europesays.com\/de\/wp-json\/wp\/v2\/users\/2"}],"replies":[{"embeddable":true,"href":"https:\/\/www.europesays.com\/de\/wp-json\/wp\/v2\/comments?post=144275"}],"version-history":[{"count":0,"href":"https:\/\/www.europesays.com\/de\/wp-json\/wp\/v2\/posts\/144275\/revisions"}],"wp:featuredmedia":[{"embeddable":true,"href":"https:\/\/www.europesays.com\/de\/wp-json\/wp\/v2\/media\/144276"}],"wp:attachment":[{"href":"https:\/\/www.europesays.com\/de\/wp-json\/wp\/v2\/media?parent=144275"}],"wp:term":[{"taxonomy":"category","embeddable":true,"href":"https:\/\/www.europesays.com\/de\/wp-json\/wp\/v2\/categories?post=144275"},{"taxonomy":"post_tag","embeddable":true,"href":"https:\/\/www.europesays.com\/de\/wp-json\/wp\/v2\/tags?post=144275"}],"curies":[{"name":"wp","href":"https:\/\/api.w.org\/{rel}","templated":true}]}}