{"id":144393,"date":"2025-05-27T19:19:16","date_gmt":"2025-05-27T19:19:16","guid":{"rendered":"https:\/\/www.europesays.com\/de\/144393\/"},"modified":"2025-05-27T19:19:16","modified_gmt":"2025-05-27T19:19:16","slug":"angeklagter-marvin-s-bricht-ueberraschend-sein-schweigen","status":"publish","type":"post","link":"https:\/\/www.europesays.com\/de\/144393\/","title":{"rendered":"Angeklagter Marvin S. bricht \u00fcberraschend sein Schweigen"},"content":{"rendered":"<p class=\"tspBWlm tspBWln\">Die Abiturientin, die halb tot in der Wohnung von Marvin S. gefunden wurde, hatte die H\u00e4nde gefaltet. Was nach zweimonatigem Prozess geschah, f\u00fchlte sich f\u00fcr die junge Frau, die Nebenkl\u00e4gerin ist, wohl wie eine Katastrophe an. Der Mann, der sie mit Drogen bet\u00e4ubt und schwer misshandelt haben soll, brach am Dienstag sein Schweigen. Einer seiner Verteidiger verlas eine Erkl\u00e4rung mit seiner Version. \u201eDie Stimmung war flirty\u201c, hie\u00df es darin.&#13;<\/p>\n<p><a href=\"https:\/\/abo.tagesspiegel.de\/tagesspiegel-app?icid=single-topic_13766059___\" data-gtm-class=\"article-mzt-link\" class=\"tspB7mj\" rel=\"nofollow noopener\" target=\"_blank\">Die Tagesspiegel-App Aktuelle Nachrichten, Hintergr\u00fcnde und Analysen direkt auf Ihr Smartphone. Dazu die digitale Zeitung. Hier gratis herunterladen.  <\/a><\/p>\n<p class=\"tspBWlm\">Eigentlich stand der Prozess vor der Schlussphase. Pl\u00e4doyers waren angek\u00fcndigt in dem Verfahren um Vergewaltigung und schwere K\u00f6rperverletzung, das Landgericht wollte zu einem Urteil kommen. Die Verteidiger machten ein Strich durch die Rechnung. Sie pr\u00e4sentierten eine Erkl\u00e4rung, stellten Beweisantr\u00e4ge. Und sie lehnten einen Gutachter als befangen ab, der die Angaben der Abiturientin als plausibel eingesch\u00e4tzt hatte.&#13;<\/p>\n<p class=\"tspBWlm\">In der Version von S. ist von einem enormen Kokain-Konsum die Rede \u2013 Anfang 2022 habe er bis zu 1000 Euro am Tag daf\u00fcr ausgegeben. Sein Leben sei ihm entglitten, erkl\u00e4rte der Mann, der einst gemeinsam mit seinem Vater den Familienbetrieb leitete.<\/p>\n<p> An der Bushaltestelle abgefangen <\/p>\n<p class=\"tspBWlm\">Die Abiturientin sah er in der Nacht zum 22. April 2022 an einer Bushaltestelle in Steglitz. Sie war auf dem Heimweg. Im Rucksack ihr Schachbrett. Eigentlich wollte sie mit ihrer Freundin spielen. Doch der Abend verlief nicht gut. Nach reichlich Wein und Wodka machte sich die 20-J\u00e4hrige auf den Heimweg.&#13;<\/p>\n<p class=\"tspQck\">Empfohlener redaktioneller Inhalt<\/p>\n<p> An dieser Stelle finden Sie einen von unseren Redakteuren ausgew\u00e4hlten, externen Inhalt, der den Artikel f\u00fcr Sie mit zus\u00e4tzlichen Informationen anreichert. Sie k\u00f6nnen sich hier den externen Inhalt mit einem Klick anzeigen lassen oder wieder ausblenden. <\/p>\n<p> Externen Inhalt anzeigen <\/p>\n<p class=\"tspQcq\"> Ich bin damit einverstanden, dass mir der externe Inhalt angezeigt wird. Damit k\u00f6nnen personenbezogene Daten an Drittplattformen \u00fcbermittelt werden.  Mehr Informationen dazu erhalten Sie in den Datenschutz-Einstellungen. Diese finden Sie ganz unten auf unserer Seite im Footer, sodass Sie Ihre Einstellungen jederzeit verwalten oder widerrufen k\u00f6nnen. <\/p>\n<p><a href=\"https:\/\/www.tagesspiegel.de\/berlin\/wenn-ich-mich-nicht-in-einer-stunde-melde-bin-ich-tot-berliner-schulerin-nach-mutmasslicher-vergewaltigung-funf-tage-im-koma--urteil-erwartet-13751764.html?icid=single-topic_13766059___\" data-gtm-class=\"article-mzt-link\" class=\"tspB7mj\" rel=\"nofollow noopener\" target=\"_blank\">\u201eWenn ich mich nicht in einer Stunde melde, bin ich tot\u201c\u00a0 Berliner Sch\u00fclerin nach mutma\u00dflicher Vergewaltigung f\u00fcnf Tage im Koma \u2013 Urteil erwartet <\/a><\/p>\n<p class=\"tspBWlm\">Laut Anklage soll Marvin S. ihre Situation ausgenutzt haben. Er bestritt das nun: \u201eIch hatte nicht den Eindruck, dass sie betrunken war.\u201c Sie h\u00e4tten gescherzt, schnell geflirtet. Weil sie von einem furchtbaren Abend sprach, habe er sie tr\u00f6sten wollen. Sie h\u00e4tten sich ber\u00fchrt, Sex sei einvernehmlichen gewesen \u2013 \u201eich fragte, ob ich ein Video machen darf, sie hatte nichts dagegen\u201c.&#13;<\/p>\n<p class=\"tspBWlm\">Sie h\u00e4tten gemeinsam konsumiert \u2013 erst Kokain, dann Heroin. \u201eSie wollte es probieren\u201c, so der Angeklagte. Er bereue, dass er sie gelassen habe. Als sie schlief, habe er weiter Heroin geraucht, sich dann entschlossen, \u201eeine Aufnahme zu erstellen\u201c. Es sei zu einer sexuellen Handlung gekommen, als die junge Frau schlief. Er habe ihr das Video am n\u00e4chsten Morgen zeigen wollen \u2013 \u201eich dachte, es gef\u00e4llt ihr\u201c. Als sie Stunden sp\u00e4ter keine Atmung hatte, habe er den Rettungsdienst gerufen.<\/p>\n<p class=\"tspBWlm\">Die Nebenkl\u00e4gerin h\u00f6rte die Erkl\u00e4rung \u00e4u\u00dferlich regungslos. Marvin S. soll die damals 20-J\u00e4hrige laut Anklage mit einem Kokain-Heroin-Gemisch bet\u00e4ubt, sie \u00fcber Stunden hinweg schwer misshandelt und vergewaltigt haben. Den K\u00f6rper der Bewusstlosen habe er beschmiert mit frauenverachtenden Worten. Die Taten soll er zum Teil gefilmt haben.&#13;<\/p>\n<p> Polizei unterlie\u00df Ermittlungsarbeit <\/p>\n<p class=\"tspBWlm\">Die Polizei sah zun\u00e4chst keinen Anfangsverdacht f\u00fcr eine Straftat. S. hatte bereits damals von einer Art Drogenunfall gesprochen, man nahm es hin. Es wurden zun\u00e4chst keine Beweise gesichert, es erfolgte keine rechtsmedizinische Untersuchung. \u201eEine fast tote Frau in einer verw\u00fcsteten Wohnung, der K\u00f6rper beschmiert, es war v\u00f6llig abwegig, keine Ermittlungen aufzunehmen\u201c, so Christina Clemm, Anw\u00e4ltin der Abiturientin.&#13;<\/p>\n<p class=\"tspBWlm\">Die Familie der Sch\u00fclerin lie\u00df nicht locker. Am 15. Juni 2022 wurde die Wohnung von S. durchsucht, Datentr\u00e4ger beschlagnahmt, auch Kinderpornografie sei gefunden worden. Ende 2022 kam S. zwar in U-Haft, war aber bald wieder frei. Das Gericht sah nur einen hinreichenden, keinen dringenden Tatverdacht. W\u00e4hrend des jetzigen Prozesses wurde er im Saal verhaftet \u2013 wegen weiterer Vorw\u00fcrfe.&#13;<\/p>\n<p> Lesen Sie auch <a href=\"https:\/\/www.tagesspiegel.de\/politik\/eine-bilanz-des-schreckens-opferberatungsstellen-registrieren-hochststand-bei-rechter-gewalt-13720828.html?icid=topic-list_13766059___\" data-gtm-class=\"article-mzt-link\" class=\"tspB7mj\" rel=\"nofollow noopener\" target=\"_blank\">\u201eEine Bilanz des Schreckens\u201c Opferberatungsstellen registrieren H\u00f6chststand bei rechter Gewalt  <\/a><a href=\"https:\/\/www.tagesspiegel.de\/berlin\/polizei-justiz\/manchmal-wartet-die-justiz-nur-bis-der-tater-14-wird-wie-die-polizei-bei-gewalt-von-kindern-ermittelt-13745293.html?icid=topic-list_13766059___\" data-gtm-class=\"article-mzt-link\" class=\"tspB7mj\" rel=\"nofollow noopener\" target=\"_blank\">\u201eManchmal wartet die Justiz nur, bis der T\u00e4ter 14 wird\u201c Wie die Polizei bei Gewalt von Kindern ermittelt <\/a><a href=\"https:\/\/www.tagesspiegel.de\/politik\/mindestens-funf-jahre-gefangnis-der-bundesrat-will-strengere-strafen-bei-ko-tropfen-13738228.html?icid=topic-list_13766059___\" data-gtm-class=\"article-mzt-link\" class=\"tspB7mj\" rel=\"nofollow noopener\" target=\"_blank\">Mindestens f\u00fcnf Jahre Gef\u00e4ngnis Der Bundesrat will strengere Strafen bei K.-o.-Tropfen <\/a><\/p>\n<p class=\"tspBWlm\">Inzwischen stellt sich die Frage: Ist Marvin S. m\u00f6glicherweise ein Serient\u00e4ter? Es soll weitere Opfer geben. Eine zweite Anklage gegen S. wurde am 30. April 2025 erhoben. Es gehe um eine mutma\u00dfliche Vergewaltigung im Februar 2020. In einem dritten Fall gehe es um eine junge Frau, die 2021 in der Wohnung von S. gewesen sei, hie\u00df es am Rande der Verhandlung. Der Prozess geht am 13. Juni weiter.&#13;<\/p>\n","protected":false},"excerpt":{"rendered":"Die Abiturientin, die halb tot in der Wohnung von Marvin S. gefunden wurde, hatte die H\u00e4nde gefaltet. Was&hellip;\n","protected":false},"author":2,"featured_media":144394,"comment_status":"","ping_status":"","sticky":false,"template":"","format":"standard","meta":{"footnotes":""},"categories":[1825],"tags":[296,29,3085,30,682,121,1269,3255,523],"class_list":{"0":"post-144393","1":"post","2":"type-post","3":"status-publish","4":"format-standard","5":"has-post-thumbnail","7":"category-berlin","8":"tag-berlin","9":"tag-deutschland","10":"tag-droge","11":"tag-germany","12":"tag-koerperverletzung","13":"tag-polizei","14":"tag-prozess","15":"tag-sexualisierte-gewalt","16":"tag-steglitz-zehlendorf"},"share_on_mastodon":{"url":"https:\/\/pubeurope.com\/@de\/114581416554526632","error":""},"_links":{"self":[{"href":"https:\/\/www.europesays.com\/de\/wp-json\/wp\/v2\/posts\/144393","targetHints":{"allow":["GET"]}}],"collection":[{"href":"https:\/\/www.europesays.com\/de\/wp-json\/wp\/v2\/posts"}],"about":[{"href":"https:\/\/www.europesays.com\/de\/wp-json\/wp\/v2\/types\/post"}],"author":[{"embeddable":true,"href":"https:\/\/www.europesays.com\/de\/wp-json\/wp\/v2\/users\/2"}],"replies":[{"embeddable":true,"href":"https:\/\/www.europesays.com\/de\/wp-json\/wp\/v2\/comments?post=144393"}],"version-history":[{"count":0,"href":"https:\/\/www.europesays.com\/de\/wp-json\/wp\/v2\/posts\/144393\/revisions"}],"wp:featuredmedia":[{"embeddable":true,"href":"https:\/\/www.europesays.com\/de\/wp-json\/wp\/v2\/media\/144394"}],"wp:attachment":[{"href":"https:\/\/www.europesays.com\/de\/wp-json\/wp\/v2\/media?parent=144393"}],"wp:term":[{"taxonomy":"category","embeddable":true,"href":"https:\/\/www.europesays.com\/de\/wp-json\/wp\/v2\/categories?post=144393"},{"taxonomy":"post_tag","embeddable":true,"href":"https:\/\/www.europesays.com\/de\/wp-json\/wp\/v2\/tags?post=144393"}],"curies":[{"name":"wp","href":"https:\/\/api.w.org\/{rel}","templated":true}]}}