{"id":144805,"date":"2025-05-27T23:09:09","date_gmt":"2025-05-27T23:09:09","guid":{"rendered":"https:\/\/www.europesays.com\/de\/144805\/"},"modified":"2025-05-27T23:09:09","modified_gmt":"2025-05-27T23:09:09","slug":"stadtreinigung-leipzig-bereitet-sich-auf-deutsches-turnfest-vor-%c2%b7-leipziger-zeitung","status":"publish","type":"post","link":"https:\/\/www.europesays.com\/de\/144805\/","title":{"rendered":"Stadtreinigung Leipzig bereitet sich auf Deutsches Turnfest vor \u00b7 Leipziger Zeitung"},"content":{"rendered":"<p>Anl\u00e4sslich des Deutschen Turnfests, das vom 28. Mai bis zum 1. Juni 2025 in Leipzig stattfindet, bereitet sich die Stadtreinigung Leipzig mit einem angepassten Entsorgungskonzept auf den erwarteten Besucherandrang vor. Ziel ist es, w\u00e4hrend der gesamten Veranstaltungsdauer in der Innenstadt sowie an zentralen Veranstaltungs-<\/p>\n<p>orten f\u00fcr ein sauberes Stadtbild und eine verl\u00e4ssliche Abfallentsorgung zu sorgen. Daf\u00fcr werden zus\u00e4tzliche Beh\u00e4lter bereitgestellt, Reinigungsintervalle angepasst und gezielte Ma\u00dfnahmen zur F\u00f6rderung der Abfalltrennung umgesetzt.<\/p>\n<p>Ein besonderer Baustein des Konzepts ist der Einsatz mobiler Recyclingboxen. Diese erm\u00f6glichen die getrennte Erfassung von Wertstoffen wie Papier\/Pappe, Plastik, Mischglas und Restabfall \u2013 ein Prinzip, das sich im \u00f6ffentlichen Raum bereits bew\u00e4hrt hat. Neu ist jedoch die Herstellung der Boxen aus wiederverwendetem<\/p>\n<p>Sperrm\u00fcll, die im Rahmen des Zero-Waste-Konzepts der Stadtreinigung Leipzig entwickelt wurden. Damit wird ein weiteres Signal f\u00fcr Ressourcenschonung und kreative Wiederverwendung gesetzt.<\/p>\n<p>\u201eDie Recyclingboxen sind eine sinnvolle Erg\u00e4nzung unseres Entsorgungskonzepts. Sie f\u00f6rdern die korrekte Trennung von Wertstoffen im \u00f6ffentlichen Raum und leisten gleichzeitig einen Beitrag zur Nachhaltigkeit \u2013sowohl durch ihr Material als auch durch ihren praktischen Nutzen. Beim Turnfest setzen wir die Boxen erstmals ein, um Erfahrungen f\u00fcr den weiteren Einsatz bei Veranstaltungen zu sammeln\u201c, so Elke Br\u00f6cker, Kaufm\u00e4nnische Leiterin des Eigenbetriebs Stadtreinigung Leipzig.<\/p>\n<p>Die Aufstellung zus\u00e4tzlicher Abfallbeh\u00e4lter erfolgt standortbezogen und orientiert sich an den jeweiligen Besucherstr\u00f6men. Auch auf stark frequentierten Park+Ride-Fl\u00e4chen wird die Entsorgungsinfrastruktur entsprechend erweitert, um eine bedarfsgerechte Sammlung von Restabf\u00e4llen sicherzustellen.<\/p>\n<p>F\u00fcr die Dauer des Turnfests ist die manuelle und maschinelle Stra\u00dfenreinigung stadtweit mit erh\u00f6hter Einsatzfrequenz unterwegs. Ein besonderer Fokus liegt dabei auf dem Bahnhofsumfeld, dem Innenstadtring sowie den zentralen Veranstaltungsfl\u00e4chen.<\/p>\n<p>Mit diesem Ma\u00dfnahmenpaket liegt der Fokus auf einer verl\u00e4sslichen Abfallentsorgung, gepflegten Veranstaltungsfl\u00e4chen und der Unterst\u00fctzung einer nachhaltigen, korrekt funktionierenden Abfalltrennung im \u00f6ffentlichen Raum.<\/p>\n","protected":false},"excerpt":{"rendered":"Anl\u00e4sslich des Deutschen Turnfests, das vom 28. Mai bis zum 1. Juni 2025 in Leipzig stattfindet, bereitet sich&hellip;\n","protected":false},"author":2,"featured_media":144806,"comment_status":"","ping_status":"","sticky":false,"template":"","format":"standard","meta":{"footnotes":""},"categories":[1832],"tags":[3364,29,30,71,859,4094,30699],"class_list":{"0":"post-144805","1":"post","2":"type-post","3":"status-publish","4":"format-standard","5":"has-post-thumbnail","7":"category-leipzig","8":"tag-de","9":"tag-deutschland","10":"tag-germany","11":"tag-leipzig","12":"tag-sachsen","13":"tag-stadtreinigung","14":"tag-turnfest"},"share_on_mastodon":{"url":"https:\/\/pubeurope.com\/@de\/114582320904764455","error":""},"_links":{"self":[{"href":"https:\/\/www.europesays.com\/de\/wp-json\/wp\/v2\/posts\/144805","targetHints":{"allow":["GET"]}}],"collection":[{"href":"https:\/\/www.europesays.com\/de\/wp-json\/wp\/v2\/posts"}],"about":[{"href":"https:\/\/www.europesays.com\/de\/wp-json\/wp\/v2\/types\/post"}],"author":[{"embeddable":true,"href":"https:\/\/www.europesays.com\/de\/wp-json\/wp\/v2\/users\/2"}],"replies":[{"embeddable":true,"href":"https:\/\/www.europesays.com\/de\/wp-json\/wp\/v2\/comments?post=144805"}],"version-history":[{"count":0,"href":"https:\/\/www.europesays.com\/de\/wp-json\/wp\/v2\/posts\/144805\/revisions"}],"wp:featuredmedia":[{"embeddable":true,"href":"https:\/\/www.europesays.com\/de\/wp-json\/wp\/v2\/media\/144806"}],"wp:attachment":[{"href":"https:\/\/www.europesays.com\/de\/wp-json\/wp\/v2\/media?parent=144805"}],"wp:term":[{"taxonomy":"category","embeddable":true,"href":"https:\/\/www.europesays.com\/de\/wp-json\/wp\/v2\/categories?post=144805"},{"taxonomy":"post_tag","embeddable":true,"href":"https:\/\/www.europesays.com\/de\/wp-json\/wp\/v2\/tags?post=144805"}],"curies":[{"name":"wp","href":"https:\/\/api.w.org\/{rel}","templated":true}]}}