{"id":144921,"date":"2025-05-28T00:11:13","date_gmt":"2025-05-28T00:11:13","guid":{"rendered":"https:\/\/www.europesays.com\/de\/144921\/"},"modified":"2025-05-28T00:11:13","modified_gmt":"2025-05-28T00:11:13","slug":"der-vorsitzende-der-tuerkischen-gemeinde-in-deutschland-goekay-sofuoglu-geht-nicht-davon-aus-dass","status":"publish","type":"post","link":"https:\/\/www.europesays.com\/de\/144921\/","title":{"rendered":"Der Vorsitzende der T\u00fcrkischen Gemeinde in Deutschland, G\u00f6kay Sofuoglu, geht nicht davon aus, dass"},"content":{"rendered":"<p>&#8222;Diese Korrektur wird keine gro\u00dfen Auswirkungen haben&#8220;, sagte er dem &#8222;Redaktionsnetzwerk Deutschland&#8220;. &#8222;Denn sie betrifft nicht sehr viele Menschen. Und diejenigen, die sie betrifft, warten einfach noch zwei Jahre.&#8220; <\/p>\n<p>Sofuoglu f\u00fcgte hinzu: &#8222;Trotzdem ist es schade, dass die Reform an dem Punkt zur\u00fcckgenommen werden soll. Denn die Turbo-Einb\u00fcrgerung ist eine zus\u00e4tzliche Motivation, sich ehrenamtlich zu engagieren, etwa beim Roten Kreuz oder bei der Freiwilligen Feuerwehr.&#8220;<br \/>\nEr sagte zugleich: &#8222;Wichtig w\u00e4re, dass in den zust\u00e4ndigen Beh\u00f6rden mehr Menschen eingestellt w\u00fcrden, die Einb\u00fcrgerungsantr\u00e4ge auch bearbeiten k\u00f6nnen. Denn die Wartezeiten sind zu lang.&#8220; Zudem beklagte Sofuoglu, dass sich der Bundesinnenminister in der Migrationspolitik &#8222;zu sehr von der AfD treiben&#8220; lasse.<br \/>\nBei besonderen Integrationsleistungen sollen Ausl\u00e4nder bereits nach drei und nicht erst nach f\u00fcnf Jahren Deutsche werden k\u00f6nnen. Bundesinnenminister Alexander Dobrindt (CSU) will diesen Anreiz im Staatsb\u00fcrgerschaftsrecht wieder streichen.\t<\/p>\n","protected":false},"excerpt":{"rendered":"&#8222;Diese Korrektur wird keine gro\u00dfen Auswirkungen haben&#8220;, sagte er dem &#8222;Redaktionsnetzwerk Deutschland&#8220;. &#8222;Denn sie betrifft nicht sehr viele&hellip;\n","protected":false},"author":2,"featured_media":144922,"comment_status":"","ping_status":"","sticky":false,"template":"","format":"standard","meta":{"footnotes":""},"categories":[2],"tags":[331,3924,332,3922,3364,29,52244,11867,30,52246,13,14,3923,15,3921,12501,52248,12,52247,52249,52243,52245],"class_list":{"0":"post-144921","1":"post","2":"type-post","3":"status-publish","4":"format-standard","5":"has-post-thumbnail","7":"category-deutschland","8":"tag-aktuelle-nachrichten","9":"tag-aktuelle-nachrichten-aus-deutschland","10":"tag-aktuelle-news","11":"tag-aktuelle-news-aus-deutschland","12":"tag-de","13":"tag-deutschland","14":"tag-einbuergerungsbehoerden","15":"tag-gemeinde","16":"tag-germany","17":"tag-goekay","18":"tag-headlines","19":"tag-nachrichten","20":"tag-nachrichten-aus-deutschland","21":"tag-news","22":"tag-news-aus-deutschland","23":"tag-personal","24":"tag-ruecknahme","25":"tag-schlagzeilen","26":"tag-sofuoglu","27":"tag-turbo-einwanderung","28":"tag-tuerkische","29":"tag-tuerkischen"},"share_on_mastodon":{"url":"https:\/\/pubeurope.com\/@de\/114582564565906384","error":""},"_links":{"self":[{"href":"https:\/\/www.europesays.com\/de\/wp-json\/wp\/v2\/posts\/144921","targetHints":{"allow":["GET"]}}],"collection":[{"href":"https:\/\/www.europesays.com\/de\/wp-json\/wp\/v2\/posts"}],"about":[{"href":"https:\/\/www.europesays.com\/de\/wp-json\/wp\/v2\/types\/post"}],"author":[{"embeddable":true,"href":"https:\/\/www.europesays.com\/de\/wp-json\/wp\/v2\/users\/2"}],"replies":[{"embeddable":true,"href":"https:\/\/www.europesays.com\/de\/wp-json\/wp\/v2\/comments?post=144921"}],"version-history":[{"count":0,"href":"https:\/\/www.europesays.com\/de\/wp-json\/wp\/v2\/posts\/144921\/revisions"}],"wp:featuredmedia":[{"embeddable":true,"href":"https:\/\/www.europesays.com\/de\/wp-json\/wp\/v2\/media\/144922"}],"wp:attachment":[{"href":"https:\/\/www.europesays.com\/de\/wp-json\/wp\/v2\/media?parent=144921"}],"wp:term":[{"taxonomy":"category","embeddable":true,"href":"https:\/\/www.europesays.com\/de\/wp-json\/wp\/v2\/categories?post=144921"},{"taxonomy":"post_tag","embeddable":true,"href":"https:\/\/www.europesays.com\/de\/wp-json\/wp\/v2\/tags?post=144921"}],"curies":[{"name":"wp","href":"https:\/\/api.w.org\/{rel}","templated":true}]}}