{"id":144925,"date":"2025-05-28T00:13:30","date_gmt":"2025-05-28T00:13:30","guid":{"rendered":"https:\/\/www.europesays.com\/de\/144925\/"},"modified":"2025-05-28T00:13:30","modified_gmt":"2025-05-28T00:13:30","slug":"31-jaehriger-nach-diebstahl-aus-pkw-und-widerstand-gegen-vollstreckungsbeamte-vorlaeufig-festgenommen","status":"publish","type":"post","link":"https:\/\/www.europesays.com\/de\/144925\/","title":{"rendered":"31-J\u00e4hriger nach Diebstahl aus Pkw und Widerstand gegen Vollstreckungsbeamte vorl\u00e4ufig festgenommen"},"content":{"rendered":"<p>POL-BN: Bonn-Venusberg: 31-J\u00e4hriger nach Diebstahl aus Pkw und Widerstand gegen Vollstreckungsbeamte vorl\u00e4ufig festgenommen<\/p>\n<ul itemscope=\"\" itemtype=\"http:\/\/schema.org\/BreadcrumbList\" id=\"frnBreadcrumb\" class=\"show-for-medium\">\n<li itemprop=\"itemListElement\" itemscope=\"\" itemtype=\"https:\/\/schema.org\/ListItem\">\n                    <a itemprop=\"item\" href=\"https:\/\/www.freenet.de\/\" rel=\"nofollow noopener\" target=\"_blank\"><br \/>\n                        freenet.de<br \/>\n                    <\/a> &gt;<\/p>\n<\/li>\n<li itemprop=\"itemListElement\" itemscope=\"\" itemtype=\"https:\/\/schema.org\/ListItem\">\n                        <a itemprop=\"item\" href=\"https:\/\/www.freenet.de\/polizeimeldungen\/index.html\" rel=\"nofollow noopener\" target=\"_blank\"><br \/>\n                            Polizeimeldungen<br \/>\n                        <\/a> &gt;<\/p>\n<\/li>\n<li itemprop=\"itemListElement\" itemscope=\"\" itemtype=\"https:\/\/schema.org\/ListItem\">\n<p>                              Bonn-Venusberg: 31-J\u00e4hriger nach Diebstahl aus Pkw und Widerstand gegen Vollstreckungsbeamte vorl\u00e4ufig festgenommen<\/p>\n<\/li>\n<\/ul>\n<p><img width=\"370\" height=\"247\" loading=\"lazy\" decoding=\"async\" class=\"img-fluid article-image\" src=\"https:\/\/www.europesays.com\/de\/wp-content\/uploads\/2025\/04\/polizeimeldung_universalbild.jpg\" alt=\"\" title=\"\"\/><\/p>\n<p>\n27.05.2025 &#8211; 14:56 Uhr\n<\/p>\n<p><a href=\"https:\/\/www.facebook.com\/sharer\/sharer.php?u=https:\/\/www.freenet.de\/polizeimeldungen\/nordrhein-westfalen\/pol-bn-bonn-venusberg-31-jaehriger-nach-diebstahl-aus-pkw-und-widerstand-gegen-vollstreckungsbeamte-vorlaeufig-festgenommen_6043680-40501054.html\" title=\"Artikel auf Facebook teilen\" target=\"_blank\" rel=\"nofollow noopener\"><br \/>\n<img decoding=\"async\" width=\"25px\" height=\"25px\" src=\"https:\/\/www.europesays.com\/de\/wp-content\/uploads\/2025\/05\/1748391206_411_facebook.svg.svg+xml;charset=UTF-8\" class=\"\" alt=\"facebook\" title=\"facebook\"\/><br \/>\n<\/a><br \/>\n<a href=\"https:\/\/x.com\/share?url=https:\/\/www.freenet.de\/polizeimeldungen\/nordrhein-westfalen\/pol-bn-bonn-venusberg-31-jaehriger-nach-diebstahl-aus-pkw-und-widerstand-gegen-vollstreckungsbeamte-vorlaeufig-festgenommen_6043680-40501054.html&amp;text=Bonn-Venusberg%3A%2031-J%C3%A4hriger%20nach%20Diebstahl%20aus%20Pkw%20und%20Widerstand%20gegen%20Vollstreckungsbeamte%20vorl%C3%A4ufig%20festgenommen\" title=\"Artikel auf X teilen\" target=\"_blank\" rel=\"nofollow\"><br \/>\n<img decoding=\"async\" width=\"22px\" height=\"22px\" src=\"https:\/\/www.europesays.com\/de\/wp-content\/uploads\/2025\/05\/1748391207_259_x-black.png\" class=\"\" alt=\"X\" title=\"X\"\/><br \/>\n<\/a><\/p>\n<p>\nEin 31-j\u00e4hriger Mann ist am gestrigen Montag (26.05.2025) nach deinem Diebstahl aus einem Pkw auf dem Venusberg vorl\u00e4ufig festgenommen worden. <\/p>\n<p>Bonn (ots) &#8211; Bei seiner Festnahme leiste der Mann Widerstand.<\/p>\n<p>Gegen 20:10 war eine Streifenwagenbesatzung der Polizeiwache Innenstadt zu einem Parkhaus auf dem Gel\u00e4nde der Uniklinik Bonn entsandt worden. Dort war die Seitenscheibe eines Pkw eingeschlagen und der Innenraum durchw\u00fchlt worden.<\/p>\n<p>Der polizeibekannte 31-J\u00e4hrige hatte sich vor Ort gegen\u00fcber der Nutzerin des Pkw und einem Sicherheitsmitarbeiter der Uniklinik zuvor zun\u00e4chst als Zeuge ausgegeben und berichtet, dass zwei Tatverd\u00e4chtige nach dem Aufbruch des Wagens gefl\u00fcchtet seien. Nachdem die Polizeibeamten die Aufnahmen der \u00dcberwachungskamera des Parkhauses gesichtet hatten, war jedoch schnell klar, dass der 31-J\u00e4hrige selbst die Tat begangen hatte. Den Diebstahl (zwei Taschenmesser) r\u00e4umte er vor Ort dann auch ein. Beim Transport zum Streifenwagen versuchte sich der Mann loszurei\u00dfen und leistete in der Folge Widerstand. Dabei wurde eine Polizeibeamtin leicht verletzt.<\/p>\n<p>Der 31-J\u00e4hrige wurde in Absprache mit der Bonner Staatsanwaltschaft am Dienstag mangels Haftgr\u00fcnden wieder auf freien Fu\u00df gesetzt. Das Kriminalkommissariat 15 der Bonner Polizei hat nun die weiteren Ermittlungen \u00fcbernommen. <\/p>\n<p>\n<strong>Quelle:<\/strong> Nordrhein-Westfalen<\/p>\n<p>\nZUR\u00dcCK ZUR STARTSEITE<\/p>\n<p>Video<\/p>\n<p>Hingucker und Zeitgeschichte<\/p>\n<p>                <a class=\"frn_articleLink imageGalleryLink\" href=\"https:\/\/www.freenet.de\/nachrichten\/bilderdestages\/pictureshow\/bilder-des-tages--tages-aktueller-bilder-40421006.html\" title=\"Die Bilder des Tages\" rel=\"nofollow noopener\" target=\"_blank\"><\/p>\n<p>                    <img width=\"370\" height=\"247\" loading=\"lazy\" decoding=\"async\" src=\"https:\/\/www.europesays.com\/de\/wp-content\/uploads\/2025\/05\/das-88-tage-alte-bartgeierweibchen-luisa-wird-vor-ihrer.jpeg\" alt=\"Die Bilder des Tages\" title=\"Die Bilder des Tages\"\/><\/p>\n<p>            <\/a><\/p>\n<p>Quiz<\/p>\n<p>                <a class=\"frn_articleLink\" href=\"https:\/\/wissens-quiz.freenet.de\/\" title=\"Teste Dein Allgemeinwissen!\" rel=\"nofollow noopener\" target=\"_blank\"><\/p>\n<p>                    <img width=\"370\" height=\"247\" loading=\"lazy\" decoding=\"async\" src=\"https:\/\/www.europesays.com\/de\/wp-content\/uploads\/2025\/04\/allgemeinwissen.png\" alt=\"Teste Dein Allgemeinwissen!\" title=\"Teste Dein Allgemeinwissen!\"\/><\/p>\n<p>            <\/a><\/p>\n<p>gekennzeichnet mit<\/p>\n<p> <a href=\"https:\/\/www.jugendschutzprogramm.de\/\" target=\"_blank\" rel=\"noopener nofollow\" title=\"Jugendschutz\"> <img loading=\"lazy\" decoding=\"async\" class=\"lazy\" src=\"https:\/\/www.europesays.com\/de\/wp-content\/uploads\/2025\/05\/1748391210_926_age-de-6.png\" width=\"156\" height=\"31\" alt=\"JUSPROG e.V. - Jugendschutz\" title=\"JUSPROG e.V. - Jugendschutz\"\/> <\/a>   <\/p>\n<p>freenet ist Mitglied im JUSPROG e.V.<\/p>\n","protected":false},"excerpt":{"rendered":"POL-BN: Bonn-Venusberg: 31-J\u00e4hriger nach Diebstahl aus Pkw und Widerstand gegen Vollstreckungsbeamte vorl\u00e4ufig festgenommen freenet.de &gt; Polizeimeldungen &gt; Bonn-Venusberg:&hellip;\n","protected":false},"author":2,"featured_media":31718,"comment_status":"","ping_status":"","sticky":false,"template":"","format":"standard","meta":{"footnotes":""},"categories":[1842],"tags":[52253,4357,1741,3364,29,52254,587,980,16278,30,17061,2065,52251,30882,1209,22165,1892,121,19467,52250,1997,3416,52252,2332,5091,20953,47847],"class_list":{"0":"post-144925","1":"post","2":"type-post","3":"status-publish","4":"format-standard","5":"has-post-thumbnail","7":"category-bonn","8":"tag-absprache","9":"tag-aufnahme","10":"tag-bonn","11":"tag-de","12":"tag-deutschland","13":"tag-dienstag","14":"tag-ermittlung","15":"tag-festnahme","16":"tag-fuss","17":"tag-germany","18":"tag-innenraum","19":"tag-innenstadt","20":"tag-leiste","21":"tag-montag","22":"tag-nordrhein-westfalen","23":"tag-parkhaus","24":"tag-pkw","25":"tag-polizei","26":"tag-polizeiwache","27":"tag-seitenscheibe","28":"tag-staatsanwaltschaft","29":"tag-streifenwagen","30":"tag-taschenmesser","31":"tag-transport","32":"tag-ueberwachungskamera","33":"tag-uniklinik","34":"tag-versuchte"},"share_on_mastodon":{"url":"https:\/\/pubeurope.com\/@de\/114582572617454099","error":""},"_links":{"self":[{"href":"https:\/\/www.europesays.com\/de\/wp-json\/wp\/v2\/posts\/144925","targetHints":{"allow":["GET"]}}],"collection":[{"href":"https:\/\/www.europesays.com\/de\/wp-json\/wp\/v2\/posts"}],"about":[{"href":"https:\/\/www.europesays.com\/de\/wp-json\/wp\/v2\/types\/post"}],"author":[{"embeddable":true,"href":"https:\/\/www.europesays.com\/de\/wp-json\/wp\/v2\/users\/2"}],"replies":[{"embeddable":true,"href":"https:\/\/www.europesays.com\/de\/wp-json\/wp\/v2\/comments?post=144925"}],"version-history":[{"count":0,"href":"https:\/\/www.europesays.com\/de\/wp-json\/wp\/v2\/posts\/144925\/revisions"}],"wp:featuredmedia":[{"embeddable":true,"href":"https:\/\/www.europesays.com\/de\/wp-json\/wp\/v2\/media\/31718"}],"wp:attachment":[{"href":"https:\/\/www.europesays.com\/de\/wp-json\/wp\/v2\/media?parent=144925"}],"wp:term":[{"taxonomy":"category","embeddable":true,"href":"https:\/\/www.europesays.com\/de\/wp-json\/wp\/v2\/categories?post=144925"},{"taxonomy":"post_tag","embeddable":true,"href":"https:\/\/www.europesays.com\/de\/wp-json\/wp\/v2\/tags?post=144925"}],"curies":[{"name":"wp","href":"https:\/\/api.w.org\/{rel}","templated":true}]}}