{"id":145150,"date":"2025-05-28T02:20:09","date_gmt":"2025-05-28T02:20:09","guid":{"rendered":"https:\/\/www.europesays.com\/de\/145150\/"},"modified":"2025-05-28T02:20:09","modified_gmt":"2025-05-28T02:20:09","slug":"saarbruecken-voellig-verzweifelt-eintracht-braunschweig-rettet-sich-in-hitziger-zweitliga-relegation-2","status":"publish","type":"post","link":"https:\/\/www.europesays.com\/de\/145150\/","title":{"rendered":"Saarbr\u00fccken v\u00f6llig verzweifelt: Eintracht Braunschweig rettet sich in hitziger Zweitliga-Relegation"},"content":{"rendered":"<p>                    Saarbr\u00fccken v\u00f6llig verzweifelt<br \/>\n                Eintracht Braunschweig rettet sich in hitziger Zweitliga-Relegation<\/p>\n<p>\t\t\t\t              27.05.2025, 23:20 Uhr<\/p>\n<p><strong>Das Hinspiel der Zweitliga-Relegation gewinnt Eintracht Braunschweig klar beim 1. FC Saarbr\u00fccken. Doch im R\u00fcckspiel wackelt das Team. Es geht in die Verl\u00e4ngerung, wird hitzig, es gibt Platzverweise und Rudelbildungen. Und am Ende die erl\u00f6senden Eintracht-Tore.<\/strong><\/p>\n<p>Eintracht Braunschweig hat sich in einem intensiven Abnutzungskampf und Verl\u00e4ngerungs-Krimi den Verbleib in der 2. Fu\u00dfball-Bundesliga gesichert. Die Niedersachsen erk\u00e4mpften im Relegations-R\u00fcckspiel gegen den Drittliga-Dritten 1. FC Saarbr\u00fccken ein 2:2 (0:2, 0:0) nach Verl\u00e4ngerung und bleiben nach dem 2:0-Erfolg im Hinspiel auch im vierten Jahr in Folge zweitklassig. &#8222;Ich wei\u00df gar nicht, was ich sagen soll. Es war eine Achterbahnfahrt der Gef\u00fchle&#8220;, sagte der Braunschweiger Gesch\u00e4ftsf\u00fchrer Benjamin Kessel bei Sat.1. &#8222;Ob verdient oder nicht: Wir stehen in der 2. Bundesliga.&#8220;<\/p>\n<p>Florian Kr\u00fcger (66.) mit einem verwandelten Handelfmeter und Kai Br\u00fcnker (83.) lie\u00dfen den FCS kurz am Aufstieg schnuppern. Am Ende reichte es jedoch nicht f\u00fcr die Zweitliga-R\u00fcckkehr nach 19 Jahren, weil in der Verl\u00e4ngerung der ehemalige Saarbr\u00fccker Fabio Di Michele Sanchez (105.+2) und Rayan Philippe (120.) f\u00fcr die nun in \u00dcberzahl spielenden Gastgeber trafen. Nach dem 1:2 kam es hitzigen Szenen und Rudelbildungen. Die G\u00e4ste beklagten sich \u00fcber die viel zu lange Nachspielzeit am Ende der ersten Halbzeit der Verl\u00e4ngerung. Ein Betreuer sah Rot. Zuvor hatte Calogero Rizzuto (90.+1) in der Nachspielzeit der regul\u00e4ren Spielzeit die Gelb-Rote Karte gesehen.<\/p>\n<p>&#8222;Entschuldigung an die Fans&#8220;<\/p>\n<p>&#8222;Wir h\u00e4tten uns in die Geschichtsb\u00fccher eintragen k\u00f6nnen und wir wollten es den Fans schenken. Entschuldigung an die Fans, dass wir es nicht geschafft haben nach 19 Jahren zur\u00fcckzukehren&#8220;, sagte Saarbr\u00fcckens Torsch\u00fctze Br\u00fcnker: &#8222;Das Hinspiel hat uns das Genick gebrochen.&#8220; Kr\u00fcger sagte am Sat.1-Mikrofon: Es tut brutal weh.&#8220; Die Braunschweiger Vereinsf\u00fchrung dagegen darf sich best\u00e4tigt f\u00fchlen: Vor der Relegation hatte sich der Klub von Trainer Daniel Scherning getrennt. Stattdessen f\u00fchrte Marc Pfitzner das Team in die zwei Do-or-Die-Spiele.<\/p>\n<p>Vor 22.605 Fans im ausverkauften Eintracht-Stadion kam in einem umk\u00e4mpften Spiel erstmals Braunschweig gef\u00e4hrlich vor das gegnerische Tor. Sebastian Polter hatte am langen Pfosten die erste Einschussm\u00f6glichkeit (10.), dem Routinier versprang jedoch der Ball. FCS-Torh\u00fcter Phillip Menzel rettete anschlie\u00dfend gleich zweimal gegen Rayan Philippe (31.) und Johan G\u00f3mez (34.). Die Saarl\u00e4nder fanden in der ersten H\u00e4lfte offensiv kaum statt. <\/p>\n<p>Auch in H\u00e4lfte zwei war der BTSV, der in den vergangenen drei Zweitliga-Jahren nie besser als Platz 15 gewesen war, zun\u00e4chst die bessere Mannschaft. G\u00f3mez pr\u00fcfte erneut Menzel (50.). Saarbr\u00fccken bekam nach einem Handspiel von Paul Jaeckel und dem VAR-Check einen Elfmeter zugesprochen. Kr\u00fcger verwandelte. Die G\u00e4ste lauerten nun auf das Comeback und wurden st\u00e4rker. <\/p>\n<p>In der Verl\u00e4ngerung machte sich jedoch die Braunschweiger \u00dcberzahl bemerkbar. Saarbr\u00fccken erspielte sich selbst noch Top-Chancen, scheiterte aber immer wieder an den herausragenden Paraden des Braunschweiger Torh\u00fcter Ron-Thorben Hoffmann &#8211; und wurde am Ende ausgerechnet durch einen ehemaligen Spieler ins Tal der Tr\u00e4nen gest\u00fcrzt.<\/p>\n","protected":false},"excerpt":{"rendered":"Saarbr\u00fccken v\u00f6llig verzweifelt Eintracht Braunschweig rettet sich in hitziger Zweitliga-Relegation 27.05.2025, 23:20 Uhr Das Hinspiel der Zweitliga-Relegation gewinnt&hellip;\n","protected":false},"author":2,"featured_media":144997,"comment_status":"","ping_status":"","sticky":false,"template":"","format":"standard","meta":{"footnotes":""},"categories":[136],"tags":[8559,29,8704,347,30,265],"class_list":{"0":"post-145150","1":"post","2":"type-post","3":"status-publish","4":"format-standard","5":"has-post-thumbnail","7":"category-sport","8":"tag-2-fussball-bundesliga","9":"tag-deutschland","10":"tag-eintracht-braunschweig","11":"tag-fussball","12":"tag-germany","13":"tag-sport"},"share_on_mastodon":{"url":"https:\/\/pubeurope.com\/@de\/114583072033552759","error":""},"_links":{"self":[{"href":"https:\/\/www.europesays.com\/de\/wp-json\/wp\/v2\/posts\/145150","targetHints":{"allow":["GET"]}}],"collection":[{"href":"https:\/\/www.europesays.com\/de\/wp-json\/wp\/v2\/posts"}],"about":[{"href":"https:\/\/www.europesays.com\/de\/wp-json\/wp\/v2\/types\/post"}],"author":[{"embeddable":true,"href":"https:\/\/www.europesays.com\/de\/wp-json\/wp\/v2\/users\/2"}],"replies":[{"embeddable":true,"href":"https:\/\/www.europesays.com\/de\/wp-json\/wp\/v2\/comments?post=145150"}],"version-history":[{"count":0,"href":"https:\/\/www.europesays.com\/de\/wp-json\/wp\/v2\/posts\/145150\/revisions"}],"wp:featuredmedia":[{"embeddable":true,"href":"https:\/\/www.europesays.com\/de\/wp-json\/wp\/v2\/media\/144997"}],"wp:attachment":[{"href":"https:\/\/www.europesays.com\/de\/wp-json\/wp\/v2\/media?parent=145150"}],"wp:term":[{"taxonomy":"category","embeddable":true,"href":"https:\/\/www.europesays.com\/de\/wp-json\/wp\/v2\/categories?post=145150"},{"taxonomy":"post_tag","embeddable":true,"href":"https:\/\/www.europesays.com\/de\/wp-json\/wp\/v2\/tags?post=145150"}],"curies":[{"name":"wp","href":"https:\/\/api.w.org\/{rel}","templated":true}]}}