{"id":145321,"date":"2025-05-28T03:59:13","date_gmt":"2025-05-28T03:59:13","guid":{"rendered":"https:\/\/www.europesays.com\/de\/145321\/"},"modified":"2025-05-28T03:59:13","modified_gmt":"2025-05-28T03:59:13","slug":"kinder-und-jugendgalerie-schulsozialarbeit-im-spiegel-der-kinderkunst","status":"publish","type":"post","link":"https:\/\/www.europesays.com\/de\/145321\/","title":{"rendered":"Kinder- und Jugendgalerie: Schulsozialarbeit im Spiegel der Kinderkunst"},"content":{"rendered":"<p>\t\t\t\t\t\t\t<strong>Ein Kind malt eine Hand \u2013 gro\u00df, offen, bunt. Daneben ein Herz. In der Kinder und Jugendgalerie erz\u00e4hlen diese Bilder von Halt, N\u00e4he und Hoffnung.<\/strong><\/p>\n<p data-start=\"99\" data-end=\"404\">In der <strong data-start=\"106\" data-end=\"145\">Kinder- und Jugendgalerie Wiesbaden<\/strong> entfalten sich kleine Kunstwerke mit gro\u00dfer Aussagekraft. Unter dem Titel <strong>\u201eBunte Bilder, starke Botschaften\u201c<\/strong> zeigen Grundschulkinder, wie sie Schulsozialarbeit erleben \u2013 ehrlich, farbenfroh und bewegend. Die Ausstellung in der Kinder- und Jugendgalerie \u00e4uft noch bis Freitag, den 6. Juni.<\/p>\n<p><strong>Mit Pinsel, Schere und Papier<\/strong><\/p>\n<p data-start=\"469\" data-end=\"748\">Was bedeutet es, wenn jemand zuh\u00f6rt? Wenn Sorgen geteilt, L\u00f6sungen gefunden oder einfach N\u00e4he sp\u00fcrbar wird? Die Schulsozialarbeit gibt vielen Kindern an Wiesbadener Grundschulen genau das: <strong>ein offenes Ohr und eine helfende Hand<\/strong>. Doch wie f\u00fchlt sich das an \u2013 aus Sicht der Kinder?<\/p>\n<p data-start=\"750\" data-end=\"1053\">Antworten liefern Bilder, Collagen und gebastelte Objekte, entstanden im Rahmen der Schulsozialarbeit. <strong>Sie erz\u00e4hlen von Freundschaft, Mut und Zusammenhalt, aber auch von Angst, Ausgrenzung und Hoffnung<\/strong>. Die Kunstwerke sind mehr als Dekoration \u2013 sie dokumentieren Erfahrungen, sie fordern Aufmerksamkeit.<\/p>\n<p><strong>Kunst mit Botschaft<\/strong><\/p>\n<p data-start=\"1085\" data-end=\"1392\">Die Ausstellung ist mehr als ein \u00e4sthetisches Erlebnis. Sie wirft einen seltenen Blick auf die emotionale und soziale Wirklichkeit von Kindern, die in ihrer Ausdruckskraft oft \u00fcberh\u00f6rt wird. Was hier sichtbar wird, ist ein Appell: <strong>Schulsozialarbeit wirkt \u2013 und zwar dann am st\u00e4rksten, wenn sie fr\u00fch ansetzt<\/strong>.<\/p>\n<p data-start=\"1394\" data-end=\"1749\">Die Organisatorinnen aus dem Amt f\u00fcr Soziale Arbeit betonen: \u201eDie Bilder sprechen f\u00fcr sich. Sie zeigen, wie wichtig es ist, Kinder ernst zu nehmen \u2013 in ihrer Wahrnehmung, in ihren Gef\u00fchlen, in ihrem Alltag.\u201c Einige Werke k\u00f6nnen auch digital unter <a class=\"\" href=\"http:\/\/www.wiesbaden.de\/kinderundjugendgalerie\" target=\"_new\" rel=\"noopener\" data-start=\"1641\" data-end=\"1730\">www.wiesbaden.de\/kinderundjugendgalerie<\/a> betrachtet werden.<\/p>\n<p><strong>Einladung zum Perspektivwechsel<\/strong><\/p>\n<p data-start=\"1793\" data-end=\"2018\">Wer die Ausstellung besucht, begegnet nicht nur Kunst, sondern kindlicher Sicht auf p\u00e4dagogische Praxis. Besucherinnen und Besucher erhalten Einblicke, die keine Brosch\u00fcre vermitteln kann \u2013 direkt, eindrucksvoll, authentisch.<\/p>\n<p data-start=\"2020\" data-end=\"2216\">Noch bis Freitag, 6. Juni, ist die Ausstellung in der <strong data-start=\"2074\" data-end=\"2113\">Kinder- und Jugendgalerie Wiesbaden<\/strong>, Dotzheimer Stra\u00dfe 99, dienstags bis freitags von 15.30 bis 18.30 Uhr ge\u00f6ffnet. Der Eintritt ist frei.<\/p>\n<p data-start=\"2020\" data-end=\"2216\">Foto \u2013 Flyer der Kinder- und Jugendgalerie \u00a92025 LH Wiesbaden<\/p>\n<p>Weitere Nachrichten aus dem <strong>Ortsbezirk Dotzheim<\/strong> <a href=\"https:\/\/wiesbaden-lebt.de\/tag\/dotzheim\" target=\"_blank\" rel=\"noopener\">lesen Sie hier.<\/a><\/p>\n<p>Mehr von der <strong><a href=\"https:\/\/www.wiesbaden.de\/kinderundjugendgalerie\" target=\"_blank\" rel=\"noopener\">Kinder- und Jugendgalerie<\/a><\/strong>.<\/p>\n","protected":false},"excerpt":{"rendered":"Ein Kind malt eine Hand \u2013 gro\u00df, offen, bunt. Daneben ein Herz. In der Kinder und Jugendgalerie erz\u00e4hlen&hellip;\n","protected":false},"author":2,"featured_media":145322,"comment_status":"","ping_status":"","sticky":false,"template":"","format":"standard","meta":{"footnotes":""},"categories":[1847],"tags":[37848,3364,29,52364,548,663,3934,30,13,2052,52365,14,15,12,4544],"class_list":{"0":"post-145321","1":"post","2":"type-post","3":"status-publish","4":"format-standard","5":"has-post-thumbnail","7":"category-wiesbaden","8":"tag-ausstellung-2025","9":"tag-de","10":"tag-deutschland","11":"tag-dotzheim","12":"tag-eu","13":"tag-europa","14":"tag-europe","15":"tag-germany","16":"tag-headlines","17":"tag-hessen","18":"tag-kinder-jugendgalerie","19":"tag-nachrichten","20":"tag-news","21":"tag-schlagzeilen","22":"tag-wiesbaden"},"share_on_mastodon":{"url":"https:\/\/pubeurope.com\/@de\/114583461227978099","error":""},"_links":{"self":[{"href":"https:\/\/www.europesays.com\/de\/wp-json\/wp\/v2\/posts\/145321","targetHints":{"allow":["GET"]}}],"collection":[{"href":"https:\/\/www.europesays.com\/de\/wp-json\/wp\/v2\/posts"}],"about":[{"href":"https:\/\/www.europesays.com\/de\/wp-json\/wp\/v2\/types\/post"}],"author":[{"embeddable":true,"href":"https:\/\/www.europesays.com\/de\/wp-json\/wp\/v2\/users\/2"}],"replies":[{"embeddable":true,"href":"https:\/\/www.europesays.com\/de\/wp-json\/wp\/v2\/comments?post=145321"}],"version-history":[{"count":0,"href":"https:\/\/www.europesays.com\/de\/wp-json\/wp\/v2\/posts\/145321\/revisions"}],"wp:featuredmedia":[{"embeddable":true,"href":"https:\/\/www.europesays.com\/de\/wp-json\/wp\/v2\/media\/145322"}],"wp:attachment":[{"href":"https:\/\/www.europesays.com\/de\/wp-json\/wp\/v2\/media?parent=145321"}],"wp:term":[{"taxonomy":"category","embeddable":true,"href":"https:\/\/www.europesays.com\/de\/wp-json\/wp\/v2\/categories?post=145321"},{"taxonomy":"post_tag","embeddable":true,"href":"https:\/\/www.europesays.com\/de\/wp-json\/wp\/v2\/tags?post=145321"}],"curies":[{"name":"wp","href":"https:\/\/api.w.org\/{rel}","templated":true}]}}