{"id":145640,"date":"2025-05-28T07:01:09","date_gmt":"2025-05-28T07:01:09","guid":{"rendered":"https:\/\/www.europesays.com\/de\/145640\/"},"modified":"2025-05-28T07:01:09","modified_gmt":"2025-05-28T07:01:09","slug":"zinedine-zidane-will-frankreich-trainer-werden-kann-es-kaum-erwarten","status":"publish","type":"post","link":"https:\/\/www.europesays.com\/de\/145640\/","title":{"rendered":"Zinedine Zidane will Frankreich-Trainer werden: &#8222;Kann es kaum erwarten&#8220;"},"content":{"rendered":"<p class=\"css-1q8kfuz\">Zinedine Zidane spricht ganz offen \u00fcber den Wunsch, Frankreichs Nationaltrainer zu werden.<\/p>\n<p class=\"css-1cmglxz\">Frankreichs fr\u00fcherer Fu\u00dfball-Star Zin\u00e9dine Zidane hat offen seine Ambitionen auf das Amt des franz\u00f6sischen Nationaltrainers bekundet.<\/p>\n<p class=\"css-1cmglxz\">&#8222;Nat\u00fcrlich ist das ein Traum. Ich kann es kaum erwarten&#8220;, wird der ehemalige Welt- und Europameister von Medien aus einem Sponsorentermin in Paris zitiert.<\/p>\n<p class=\"css-1cmglxz\">&#8222;Ich f\u00fchle mich f\u00fcr die franz\u00f6sische Nationalmannschaft qualifiziert, in der ich praktisch 12, 13, 14 Jahre als Spieler verbracht habe&#8220;, erg\u00e4nzte der 52-j\u00e4hrige Zidane.<\/p>\n<p class=\"css-1cmglxz\">Der ehemalige Mittelfeldstratege, der Frankreich 1998 als Kapit\u00e4n zum WM-Titel gef\u00fchrt hat, gilt als Favorit auf die Nachfolge von Didier Deschamps.<\/p>\n<p>Deschamps vor Abschied &#8211; Zidane momentan ohne Job<\/p>\n<p class=\"css-1cmglxz\">Der Weltmeister-Trainer hat bereits angek\u00fcndigt, nach der Weltmeisterschaft 2026 in den USA, Kanada und Mexiko als Nationaltrainer aufzuh\u00f6ren.<\/p>\n<p class=\"css-1cmglxz\">Zidane, der Real Madrid dreimal zur Champions-League-Krone f\u00fchrte, ist seit seinem Abschied von den K\u00f6niglichen 2021 ohne Trainerposten.<\/p>\n","protected":false},"excerpt":{"rendered":"Zinedine Zidane spricht ganz offen \u00fcber den Wunsch, Frankreichs Nationaltrainer zu werden. Frankreichs fr\u00fcherer Fu\u00dfball-Star Zin\u00e9dine Zidane hat&hellip;\n","protected":false},"author":2,"featured_media":145641,"comment_status":"","ping_status":"","sticky":false,"template":"","format":"standard","meta":{"footnotes":""},"categories":[3974],"tags":[331,332,548,663,3934,3980,156,13,14,52438,15,12,52437],"class_list":{"0":"post-145640","1":"post","2":"type-post","3":"status-publish","4":"format-standard","5":"has-post-thumbnail","7":"category-frankreich","8":"tag-aktuelle-nachrichten","9":"tag-aktuelle-news","10":"tag-eu","11":"tag-europa","12":"tag-europe","13":"tag-france","14":"tag-frankreich","15":"tag-headlines","16":"tag-nachrichten","17":"tag-nationaltrainer","18":"tag-news","19":"tag-schlagzeilen","20":"tag-zinedine-zidane"},"share_on_mastodon":{"url":"https:\/\/pubeurope.com\/@de\/114584176722524069","error":""},"_links":{"self":[{"href":"https:\/\/www.europesays.com\/de\/wp-json\/wp\/v2\/posts\/145640","targetHints":{"allow":["GET"]}}],"collection":[{"href":"https:\/\/www.europesays.com\/de\/wp-json\/wp\/v2\/posts"}],"about":[{"href":"https:\/\/www.europesays.com\/de\/wp-json\/wp\/v2\/types\/post"}],"author":[{"embeddable":true,"href":"https:\/\/www.europesays.com\/de\/wp-json\/wp\/v2\/users\/2"}],"replies":[{"embeddable":true,"href":"https:\/\/www.europesays.com\/de\/wp-json\/wp\/v2\/comments?post=145640"}],"version-history":[{"count":0,"href":"https:\/\/www.europesays.com\/de\/wp-json\/wp\/v2\/posts\/145640\/revisions"}],"wp:featuredmedia":[{"embeddable":true,"href":"https:\/\/www.europesays.com\/de\/wp-json\/wp\/v2\/media\/145641"}],"wp:attachment":[{"href":"https:\/\/www.europesays.com\/de\/wp-json\/wp\/v2\/media?parent=145640"}],"wp:term":[{"taxonomy":"category","embeddable":true,"href":"https:\/\/www.europesays.com\/de\/wp-json\/wp\/v2\/categories?post=145640"},{"taxonomy":"post_tag","embeddable":true,"href":"https:\/\/www.europesays.com\/de\/wp-json\/wp\/v2\/tags?post=145640"}],"curies":[{"name":"wp","href":"https:\/\/api.w.org\/{rel}","templated":true}]}}