{"id":145706,"date":"2025-05-28T07:36:15","date_gmt":"2025-05-28T07:36:15","guid":{"rendered":"https:\/\/www.europesays.com\/de\/145706\/"},"modified":"2025-05-28T07:36:15","modified_gmt":"2025-05-28T07:36:15","slug":"queen-besuch-in-hamburg-vor-60-jahren-was-fuer-ein-tag-ndr-de-geschichte","status":"publish","type":"post","link":"https:\/\/www.europesays.com\/de\/145706\/","title":{"rendered":"Queen-Besuch in Hamburg vor 60 Jahren: Was f\u00fcr ein Tag! | NDR.de &#8211; Geschichte"},"content":{"rendered":"<p>\nStand: 28.05.2025 05:00 Uhr\n<\/p>\n<p class=\"preface\">Hamburg steht Kopf, als K\u00f6nigin Elizabeth II. Ende Mai 1965 im Rahmen ihrer Deutschland-Reise auch die Hansestadt besucht. Doch f\u00fcr B\u00fcrgermeister Paul Nevermann wird der umjubelte Staatsbesuch politisch zum Verh\u00e4ngnis.<\/p>\n<p class=\"textauthor\">von Maya Ueckert*<\/p>\n<p>28. Mai 1965, Sonnenuntergangszeit. <a href=\"https:\/\/www.ndr.de\/kultur\/Regentenzeit-der-Queen-Ein-neuer-Rekord,elizabeth224.html\" title=\"Zum Artikel: Regentenzeit der Queen: Ein neuer Rekord\" rel=\"nofollow noopener\" target=\"_blank\">Queen Elizabeth II.<\/a> und <a href=\"https:\/\/www.ndr.de\/kultur\/Prinz-Philip-der-Herzog-des-Risikos,philip141.html\" title=\"Zum Artikel: Prinz Philip - der &quot;Herzog des Risikos&quot;\" rel=\"nofollow noopener\" target=\"_blank\">Prinz Philip<\/a> stehen an der Reling der k\u00f6niglichen Jacht &#8222;Britannia&#8220; im Hamburger Hafen und winken hoheitsvoll. Die Queen tr\u00e4gt ein funkelndes Diadem und eine schneewei\u00dfe Pelzstola. Eine K\u00f6nigin wie aus dem M\u00e4rchen, finden die Hamburger, die sich zu Zehntausenden an der Elbe versammelt haben. Sie erleben eine eindrucksvolle Flaggenparade am letzten Tag des &#8222;Staatsbesuchs des Jahrhunderts&#8220;, wie es in den damaligen Medien hei\u00dft. Elf Tage hat die Queen Deutschland bereist. Am 27. Mai hat sie die nieders\u00e4chsische Landeshauptstadt Hannover besucht. 250.000 Menschen jubeln ihr dort auf einer Rundfahrt durch die Stadt zu. Hamburg ist ihre letzte Station, von hier tritt sie jetzt die R\u00fcckreise an.<\/p>\n<p><img loading=\"lazy\" decoding=\"async\" width=\"184\" height=\"104\" src=\"https:\/\/www.europesays.com\/de\/wp-content\/uploads\/2025\/05\/queen772_v-einspaltig.jpg\" alt=\"K\u00f6nigin Elizabeth II. f\u00e4hrt am 28.05.1965, ihrem letzten Besuchstag in Deutschland, in einem offenen Wagen vom Hamburger Rathaus zum Jungfernstieg. \u00a9 picture alliance \/ UPI dpa Foto: UPI\" title=\"K\u00f6nigin Elizabeth II. f\u00e4hrt am 28.05.1965, ihrem letzten Besuchstag in Deutschland, in einem offenen Wagen vom Hamburger Rathaus zum Jungfernstieg.\" style=\"display:none\"\/><\/p>\n<p><b>AUDIO:<\/b> Der erste Staatsbesuch der Queen in Deutschland (15 Min)<\/p>\n<p>Die Bilder von damals erinnern an heutige Hafengeburtstage, so viele Schiffe sind auf der Elbe unterwegs. Nur der Glamourfaktor ist ungleich h\u00f6her. Keine Bier- und Fischbr\u00f6tchenbuden in Sicht, stattdessen gibt sich jede Menge elegante Politprominenz die Ehre. Die M\u00e4nner der Marine stehen aufgereiht wie Zinnsoldaten auf den deutschen Zerst\u00f6rern &#8222;Hamburg&#8220; und &#8222;Schleswig-Holstein&#8220;. Schiffssirenen heulen, unz\u00e4hlige Barkassen setzen Lichter in der D\u00e4mmerung. Boote der Hafenfeuerwehr schie\u00dfen hohe Wasserfont\u00e4nen in den Himmel. Gru\u00df und Geleit f\u00fcr die K\u00f6nigin, die die Hamburger bei ihrem Besuch so gefeiert haben, als w\u00e4re es ihre eigene.<\/p>\n<p>&#8222;Grandios&#8220; und &#8222;m\u00e4rchenhaft&#8220; titelt die Presse<\/p>\n<p>Die damaligen Zeitungen \u00fcberschlagen sich in ihren Berichten \u00fcber den gro\u00dfen Tag mit Superlativen, die f\u00fcr den heutigen Leser ungewohnt euphorisch klingen. &#8222;Grandios&#8220;, &#8222;triumphal&#8220;, &#8222;unvergleichlich&#8220;, &#8222;m\u00e4rchenhaft&#8220;, &#8222;\u00fcberw\u00e4ltigend&#8220; oder &#8222;unvergesslich&#8220; &#8211; das sind nur einige der Beschreibungen. Das &#8222;Hamburger Abendblatt&#8220; fasst es so zusammen: &#8222;Ein Schauspiel, wie es Hamburg in seiner 1.000-j\u00e4hrigen Geschichte noch nicht erlebt hat.&#8220;<\/p>\n<p><strong>Staatsbesuch l\u00f6st Aff\u00e4re um B\u00fcrgermeister Nevermann aus<\/strong><\/p>\n<p><a href=\"https:\/\/www.europesays.com\/de\/wp-content\/uploads\/2025\/05\/queen756_v-contentgross.jpg\" class=\"zoomimage\" title=\"Hamburgs Erster B\u00fcrgermeister Nevermann f\u00fchrt die Queen den ganzen Tag durch die Hansestadt - aber ohne seine Frau. Das wirft Fragen auf. \u00a9 picture alliance \/ dpa\"><\/p>\n<p><img decoding=\"async\" src=\"https:\/\/www.europesays.com\/de\/wp-content\/uploads\/2025\/05\/queen756_v-contentgross.jpg\" alt=\"K\u00f6nigin Elizabeth II. und Hamburgs Erster B\u00fcrgermeister Paul Nevermann fahren am 28. Mai 1965 nach dem Besuch einer Volksschule in einer offenen Limousine durch Hamburg. \u00a9 picture alliance \/ dpa \" title=\"K\u00f6nigin Elizabeth II. und Hamburgs Erster B\u00fcrgermeister Paul Nevermann fahren am 28. Mai 1965 nach dem Besuch einer Volksschule in einer offenen Limousine durch Hamburg.\" class=\"responsive\"\/><\/p>\n<p><\/a><br \/>\nHamburgs Erster B\u00fcrgermeister Nevermann f\u00fchrt die Queen den ganzen Tag durch die Hansestadt &#8211; aber ohne seine Frau. Das wirft Fragen auf.<\/p>\n<p>Was die Queen wohl allenfalls am Rande mitbekommt: Hinter den Kulissen brodelt es gewaltig. Grund sind Eheprobleme des Ersten B\u00fcrgermeisters <a href=\"https:\/\/www.ndr.de\/geschichte\/koepfe\/Paul-Nevermann-Ein-Buergermeister-fuers-Volk,nevermann104.html\" title=\"Zum Artikel: Paul Nevermann: Ein B\u00fcrgermeister f\u00fcrs Volk\" rel=\"nofollow noopener\" target=\"_blank\">Paul Nevermann<\/a>. Er f\u00fchrt die Queen zwar den ganzen Tag souver\u00e4n durch die Stadt &#8211; aber seine Frau ist nicht dabei. Kurz vor dem Eintreffen der britischen K\u00f6nigin hat Grete Nevermann \u00fcberraschend ihre Teilnahme abgesagt. Eine Katastrophe f\u00fcr das strenge Protokoll. Ausgerechnet den stets um ein seri\u00f6ses Erscheinungsbild bem\u00fchten Hanseaten muss das passieren! Mit M\u00fche wird ein Kompromiss gefunden. Die Ehefrau des Zweiten B\u00fcrgermeisters, Ilse Engelhard, springt als &#8222;First Lady&#8220; ein.<\/p>\n<p>Dass die Ehe des B\u00fcrgermeisters am Ende ist und seine Zuneigung einer anderen Dame geh\u00f6rt, ist in der SPD bekannt. Doch laut Absprachen soll Grete Nevermann weiterhin offizielle Termine an der Seite ihres Mannes wahrnehmen, um den Schein zu wahren und Unruhe zu vermeiden. Doch als Paul Nevermann sich nicht so diskret verh\u00e4lt wie ausgemacht und sich mit der Geliebten in der \u00d6ffentlichkeit zeigt, platzt der Ehefrau der Kragen. Ein gefundenes Fressen f\u00fcr die Springer-Presse, die \u00fcber den Vorfall berichtet und den R\u00fccktritt des B\u00fcrgermeisters fordert.<\/p>\n<p>Ein perfekter Tag mit &#8222;Elizabeth! Elizabeth!&#8220;-Rufen<\/p>\n<p>Doch davon ist am Tag des Staatsbesuchs zumindest nach au\u00dfen nichts zu sp\u00fcren. Alles geht perfekt \u00fcber die B\u00fchne. Als die Queen morgens am Dammtor-Bahnhof ankommt, warten schon unz\u00e4hlige royale Fans. Auf all ihren Wegen durch die Hansestadt jubeln ihr die Hamburger zu. &#8222;Elizabeth! Elizabeth!&#8220; ist \u00fcberall zu h\u00f6ren, britische Flaggen, soweit das Auge reicht. Hamburg im Ausnahmezustand, das ist auch eine Herausforderung f\u00fcr die Sicherheitskr\u00e4fte. Mehr als 6.000 Beamte sind im Einsatz, nennenswerte Probleme gibt es nicht. &#8222;Wir hatten nicht einmal einen Taschendieb&#8220;, zitiert das &#8222;Hamburger Abendblatt&#8220; sp\u00e4ter die Kripo. Allerdings verzeichnen die Beamten demnach einige Ohnmachtsanf\u00e4lle aufgeregter Damen.<\/p>\n<p><img loading=\"lazy\" decoding=\"async\" width=\"184\" height=\"104\" src=\"https:\/\/www.europesays.com\/de\/wp-content\/uploads\/2025\/05\/elizabeth155_v-einspaltig.jpg\" alt=\"Queen Elizabeth II. und Prinz Philip beim Staatsbesuch in Berlin 1965 \u00a9 dpa - Bildarchiv \" title=\"Queen Elizabeth II. und Prinz Philip beim Staatsbesuch in Berlin 1965\" class=\"showcopyright\" style=\"display:none\"\/><\/p>\n<p><b>VIDEO:<\/b> Video: Die Queen in Deutschland (5 Min)<\/p>\n<p>Auf dem Programm der Queen steht unter anderem eine Alsterrundfahrt. Sie schaut einer Regatta zu und trifft prominente Sportler. Sp\u00e4ter besucht sie eine Schule und tr\u00e4gt sich beim gro\u00dfen Empfang im Rathaus ins Goldene Buch der Stadt ein. &#8222;Dies ist in der Geschichte der Beziehungen zu Hamburg ein gro\u00dfer Augenblick&#8220;, sagt B\u00fcrgermeister Nevermann. &#8222;Alte, weit in die Vergangenheit zur\u00fcckreichende Verbindungen werden in einer solchen Stunde erneuert und unsere gegenw\u00e4rtigen Verbindungen noch fester gestaltet.&#8220;<\/p>\n<p>Verabschiedung mit &#8222;Muss i denn zum St\u00e4dtele hinaus&#8220;<\/p>\n<p><a href=\"https:\/\/www.europesays.com\/de\/wp-content\/uploads\/2025\/05\/queen760_v-contentgross.jpg\" class=\"zoomimage\" title=\"Die Queen beendet ihren Staatsbesuch im Hamburger Hafen - und tritt von dort die R\u00fcckreise mit der k\u00f6niglichen Jacht &quot;Britannia&quot; an. \u00a9 picture alliance \/ dpa Foto: Horst Ossinger\"><\/p>\n<p><img decoding=\"async\" src=\"https:\/\/www.europesays.com\/de\/wp-content\/uploads\/2025\/05\/queen760_v-contentgross.jpg\" alt=\"Die britische K\u00f6nigin Elizabeth II. (M.) begibt sich am 28. Mai 1965 im Hafen von Hamburg zur k\u00f6niglichen Jacht &quot;Britannia&quot;. \u00a9 picture alliance \/ dpa Foto: Horst Ossinger\" title=\"Die britische K\u00f6nigin Elizabeth II. (M.) begibt sich am 28. Mai 1965 im Hafen von Hamburg zur k\u00f6niglichen Jacht &quot;Britannia&quot;.\" class=\"responsive\"\/><\/p>\n<p><\/a><br \/>\nDie Queen beendet ihren Staatsbesuch im Hamburger Hafen &#8211; und tritt von dort die R\u00fcckreise mit der k\u00f6niglichen Jacht &#8222;Britannia&#8220; an.<\/p>\n<p>Die sp\u00e4tere Flaggenparade zum Abschluss des Besuchs setzt dem Ganzen schlie\u00dflich die Krone auf. Majest\u00e4tisch schiebt sich die k\u00f6nigliche Jacht in der Abendd\u00e4mmerung die Elbe hinauf &#8211; begleitet von unz\u00e4hligen Schiffen. Zum Abschied gibt es noch ein St\u00e4ndchen: &#8222;Muss i denn, muss i denn zum St\u00e4dtele hinaus&#8220;.<\/p>\n<p>F\u00fcr Paul Nevermann ist der Queen-Besuch sein letzter gro\u00dfer Auftritt als <a href=\"https:\/\/www.ndr.de\/geschichte\/koepfe\/Die-Hamburger-Buergermeister-seit-1946,buergermeister125.html\" title=\"Zur Bildgalerie: Die Hamburger B\u00fcrgermeister seit 1946\" rel=\"nofollow noopener\" target=\"_blank\">Hamburger B\u00fcrgermeister<\/a>. Aus Sorge bei der anstehenden Bundestagswahl Stimmen zu verlieren, setzt die SPD ihn wegen seiner Eheprobleme unter Druck und diskutiert sogar seinen R\u00fccktritt. Anfang Juni gibt Nevermann <a href=\"http:\/\/www.spiegel.de\/spiegel\/print\/d-46272931.html\" title=\"Link: Link auf einen &quot;Spiegel&quot;-Artikel von 1965\" rel=\"noopener nofollow\" target=\"_blank\">sein Amt auf<\/a>.<\/p>\n<p>* Die Urfassung dieses Beitrags wurde bereits 2015 ver\u00f6ffentlicht. Die Autorin arbeitet inzwischen nicht mehr f\u00fcr den NDR.<\/p>\n<p>Weitere Informationen<\/p>\n<p><img decoding=\"async\" src=\"https:\/\/www.europesays.com\/de\/wp-content\/uploads\/2025\/05\/charlesdianahamburg101_v-contentgross.jpg\" alt=\"Bei ihrem Besuch in Hamburg werden Prinz Charles und Diana am 6. November 1987 von Hamburgs B\u00fcrgermeister Klaus von Dohnanyi auf dem Flughafen Fuhlsb\u00fcttel begr\u00fc\u00dft. \u00a9 Picture-Alliance \/ dpa \" title=\"Bei ihrem Besuch in Hamburg werden Prinz Charles und Diana am 6. November 1987 von Hamburgs B\u00fcrgermeister Klaus von Dohnanyi auf dem Flughafen Fuhlsb\u00fcttel begr\u00fc\u00dft.\" class=\"responsive\"\/><\/p>\n<p>\nRoyaler Glanz erhellt am 6. November 1987 einen Herbsttag in der Hansestadt: Die &#8222;Prinzessin der Herzen&#8220; und ihr Mann geben sich die Ehre.<br \/>\n<a title=\"Zum Artikel: 1987: Prinz Charles und Lady Diana besuchen Hamburg\" href=\"https:\/\/www.ndr.de\/geschichte\/chronologie\/1987-Prinz-Charles-und-Lady-Diana-besuchen-Hamburg,charlesdianahamburg113.html\" class=\"cta \" rel=\"nofollow noopener\" target=\"_blank\">mehr<\/a>\n<\/p>\n<p><img decoding=\"async\" src=\"https:\/\/www.europesays.com\/de\/wp-content\/uploads\/2025\/05\/queenmum125_v-contentgross.jpg\" alt=\"Queen Mum im August 2001 \u00a9 picture-alliance \/ dpa | Odd Andersen \" title=\"Queen Mum im August 2001\" class=\"responsive\"\/><\/p>\n<p>\nZeit ihres Lebens war sie extrem beliebt &#8211; zockte beim Pferderennen und trank gerne Gin Tonic. 2002 starb sie im Alter von 101 Jahren.<br \/>\n<a title=\"Zum Artikel: Queen Mum liebte Gin Tonic und Pferdewetten\" href=\"https:\/\/www.ndr.de\/geschichte\/koepfe\/Queen-Mum-liebte-Gin-Tonic-und-Pferdewetten,elizabeth234.html\" class=\"cta \" rel=\"nofollow noopener\" target=\"_blank\">mehr<\/a>\n<\/p>\n<p><img decoding=\"async\" src=\"https:\/\/www.europesays.com\/de\/wp-content\/uploads\/2025\/05\/prinzphilip260_v-contentgross.jpg\" alt=\"Der britische Prinz Philip auf einem Archivbild von 2018 in der St. George's Chapel in Windsor. Der Ehemann der britischen K\u00f6nigin Elizabeth II. ist im Alter von 99 Jahren gestorben \u00a9 Alastair Grant\/AP Pool\/AP\/dpa +++ dpa-Bildfunk \" title=\"Der britische Prinz Philip auf einem Archivbild von 2018 in der St. George's Chapel in Windsor. Der Ehemann der britischen K\u00f6nigin Elizabeth II. ist im Alter von 99 Jahren gestorben\" class=\"responsive\"\/><\/p>\n<p>\nMehr als 70 Jahre war der Herzog von Edinburgh mit Queen Elizabeth II. verheiratet. Derber Humor war sein Markenzeichen.<br \/>\n<a title=\"Zum Artikel: Prinz Philip - der &quot;Herzog des Risikos&quot;\" href=\"https:\/\/www.ndr.de\/kultur\/Prinz-Philip-der-Herzog-des-Risikos,philip141.html\" class=\"cta \" rel=\"nofollow noopener\" target=\"_blank\">mehr<\/a>\n<\/p>\n<p><img decoding=\"async\" src=\"https:\/\/www.europesays.com\/de\/wp-content\/uploads\/2025\/05\/diana34_v-contentgross.jpg\" alt=\"Diana und Camilla Parker-Bowles \u00a9 Picture-Alliance \/ dpa \/ London Express \" title=\"Diana und Camilla Parker-Bowles\" class=\"responsive\"\/><\/p>\n<p>\nDie Dokumentation &#8222;The Princess&#8220; zeigt das tragische Leben von Prinzessin Diana aus Mediensicht. Ein Portr\u00e4t von Lady Di.<br \/>\n<a title=\"Zum Artikel: &quot;The Princess&quot;: Von der Kinderg\u00e4rtnerin zur &quot;K\u00f6nigin der Herzen&quot;\" href=\"https:\/\/www.ndr.de\/geschichte\/koepfe\/The-Princess-Von-der-Kindergaertnerin-zur-Koenigin-der-Herzen,diana161.html\" class=\"cta \" rel=\"nofollow noopener\" target=\"_blank\">mehr<\/a>\n<\/p>\n<p><img decoding=\"async\" src=\"https:\/\/www.europesays.com\/de\/wp-content\/uploads\/2025\/05\/charles558_v-contentgross.jpg\" alt=\"K\u00f6nig Charles mit Krone liest im November 2023 bei der Regierungserkl\u00e4rung im Oberhaus des britischen Parlaments \u00a9 dpa Foto: Leon Neal\/PA Wire\/dpa +++ dpa-Bildfunk +++\" title=\"K\u00f6nig Charles mit Krone liest im November 2023 bei der Regierungserkl\u00e4rung im Oberhaus des britischen Parlaments\" class=\"responsive\"\/><\/p>\n<p>\nDer britische Monarch widmet sich den Themen, die ihm am Herzen liegen: Umweltschutz und Engagement gegen Hungerleiden.<br \/>\n<a title=\"Zum Artikel: K\u00f6nig Charles III. engagiert sich f\u00fcr Wohlt\u00e4tigkeit\" href=\"https:\/\/www.ndr.de\/kultur\/Koenig-Charles-III-engagiert-sich-fuer-Wohltaetigkeit,charles230.html\" class=\"cta \" rel=\"nofollow noopener\" target=\"_blank\">mehr<\/a>\n<\/p>\n<p><img decoding=\"async\" src=\"https:\/\/www.europesays.com\/de\/wp-content\/uploads\/2025\/05\/camilla220_v-contentgross.jpg\" alt=\"K\u00f6nigin Camilla verl\u00e4sst nach der Kr\u00f6nungszeremonie mit der Krone von Queen Mary die Westminster Abbey. \u00a9 Gareth Cattermole\/POOL getty\/AP\/dpa +++ dpa-Bildfunk Foto:  Gareth Cattermole\" title=\"K\u00f6nigin Camilla verl\u00e4sst nach der Kr\u00f6nungszeremonie mit der Krone von Queen Mary die Westminster Abbey.\" class=\"responsive\"\/><\/p>\n<p>\nLange muss sie um Akzeptanz in der K\u00f6nigsfamilie k\u00e4mpfen. Die K\u00f6nigin liebt das Landleben und k\u00e4mpft f\u00fcr Pr\u00e4vention von Osteoporose.<br \/>\n<a title=\"Zum Artikel: Camilla - Steiniger Weg zur britischen K\u00f6nigin\" href=\"https:\/\/www.ndr.de\/kultur\/Camilla-Steiniger-Weg-zur-britischen-Koenigin,camilla184.html\" class=\"cta \" rel=\"nofollow noopener\" target=\"_blank\">mehr<\/a>\n<\/p>\n<p><img decoding=\"async\" src=\"https:\/\/www.europesays.com\/de\/wp-content\/uploads\/2025\/05\/margaret103_v-contentgross.jpg\" alt=\"Die britische Prinzessin Margaret mit ihrem heimlichen Geliebten Peter Townsend, einem Fotografen und ehemaligen Fliegeroffizier (1950). \u00a9 dpa - Fotoreport \" title=\"Die britische Prinzessin Margaret mit ihrem heimlichen Geliebten Peter Townsend, einem Fotografen und ehemaligen Fliegeroffizier (1950).\" class=\"responsive\"\/><\/p>\n<p>\nDie Schwester der Queen kam nie \u00fcber eine ungl\u00fcckliche Liebe hinweg. Am 9. Februar 2002 starb sie in einem Londoner Krankenhaus.<br \/>\n<a title=\"Zum Artikel: Prinzessin Margaret: Die Countess of Snowdon im Portr\u00e4t\" href=\"https:\/\/www.ndr.de\/geschichte\/koepfe\/Prinzessin-Margaret-Die-Countess-of-Snowdon-im-Portraet,margaret130.html\" class=\"cta \" rel=\"nofollow noopener\" target=\"_blank\">mehr<\/a>\n<\/p>\n<p>Dieses Thema im Programm:<\/p>\n<p>Hamburg Journal |<br \/>\n25.05.2025 | 19:30 Uhr<\/p>\n<p><img decoding=\"async\" src=\"https:\/\/www.europesays.com\/de\/wp-content\/uploads\/2025\/04\/ndr_printlogo.gif\" alt=\"NDR Logo\" title=\"NDR Logo\"\/><\/p>\n","protected":false},"excerpt":{"rendered":"Stand: 28.05.2025 05:00 Uhr Hamburg steht Kopf, als K\u00f6nigin Elizabeth II. Ende Mai 1965 im Rahmen ihrer Deutschland-Reise&hellip;\n","protected":false},"author":2,"featured_media":145707,"comment_status":"","ping_status":"","sticky":false,"template":"","format":"standard","meta":{"footnotes":"","_share_on_mastodon":"0"},"categories":[1826],"tags":[36188,8057,29,30,692,12428,438,439,52449,6301,8206,4845],"class_list":["post-145706","post","type-post","status-publish","format-standard","has-post-thumbnail","category-hamburg","tag-36188","tag-besuch","tag-deutschland","tag-germany","tag-hamburg","tag-hamburger-geschichte","tag-ndr","tag-norddeutscher-rundfunk","tag-paul-nebermann","tag-queen-elizabeth-ii","tag-royals","tag-zeitgeschichte"],"share_on_mastodon":{"url":"https:\/\/pubeurope.com\/@de\/114584314916603391","error":""},"_links":{"self":[{"href":"https:\/\/www.europesays.com\/de\/wp-json\/wp\/v2\/posts\/145706","targetHints":{"allow":["GET"]}}],"collection":[{"href":"https:\/\/www.europesays.com\/de\/wp-json\/wp\/v2\/posts"}],"about":[{"href":"https:\/\/www.europesays.com\/de\/wp-json\/wp\/v2\/types\/post"}],"author":[{"embeddable":true,"href":"https:\/\/www.europesays.com\/de\/wp-json\/wp\/v2\/users\/2"}],"replies":[{"embeddable":true,"href":"https:\/\/www.europesays.com\/de\/wp-json\/wp\/v2\/comments?post=145706"}],"version-history":[{"count":0,"href":"https:\/\/www.europesays.com\/de\/wp-json\/wp\/v2\/posts\/145706\/revisions"}],"wp:featuredmedia":[{"embeddable":true,"href":"https:\/\/www.europesays.com\/de\/wp-json\/wp\/v2\/media\/145707"}],"wp:attachment":[{"href":"https:\/\/www.europesays.com\/de\/wp-json\/wp\/v2\/media?parent=145706"}],"wp:term":[{"taxonomy":"category","embeddable":true,"href":"https:\/\/www.europesays.com\/de\/wp-json\/wp\/v2\/categories?post=145706"},{"taxonomy":"post_tag","embeddable":true,"href":"https:\/\/www.europesays.com\/de\/wp-json\/wp\/v2\/tags?post=145706"}],"curies":[{"name":"wp","href":"https:\/\/api.w.org\/{rel}","templated":true}]}}