{"id":145814,"date":"2025-05-28T08:34:13","date_gmt":"2025-05-28T08:34:13","guid":{"rendered":"https:\/\/www.europesays.com\/de\/145814\/"},"modified":"2025-05-28T08:34:13","modified_gmt":"2025-05-28T08:34:13","slug":"pol-h-kind-bei-verkehrsunfall-in-herrenhausen-verletzt-polizei-sucht-zeugen","status":"publish","type":"post","link":"https:\/\/www.europesays.com\/de\/145814\/","title":{"rendered":"POL-H: Kind bei Verkehrsunfall in Herrenhausen verletzt &#8211; Polizei sucht Zeugen"},"content":{"rendered":"<p class=\"date\">28.05.2025 \u2013 09:54<\/p>\n<p class=\"customer\">\n                        <a class=\"story-customer\" title=\"weiter zum newsroom von Polizeidirektion Hannover\" href=\"https:\/\/www.presseportal.de\/blaulicht\/nr\/66841\" rel=\"nofollow noopener\" target=\"_blank\">Polizeidirektion Hannover<\/a>\n                    <\/p>\n<p><a data-category=\"citylink-story-view\" data-action=\"click\" data-label=\"Citylink in Meldungsansicht\" class=\"story-city event-trigger\" href=\"https:\/\/www.presseportal.de\/regional\/Hannover\" title=\"News aus Hannover \" rel=\"nofollow noopener\" target=\"_blank\">Hannover<\/a> (ots)<\/p>\n<p>Ein bislang unbekannter Taxifahrer hat am Dienstagmittag, 27.05.2025, im hannoverschen Stadtteil Herrenhausen ein 6-j\u00e4hriges Kind leicht verletzt. Nach dem Unfall versprach er einer Zeugin, zur\u00fcckzukommen &#8211; tauchte jedoch nicht wieder auf. Die Polizei ermittelt wegen Verkehrsunfallflucht und bittet um Hinweise zum Fahrzeug und zum Fahrer.<\/p>\n<p>Nach bisherigen Erkenntnissen des Polizeikommissariats (PK) Hannover-St\u00f6cken befuhr das Taxi gegen 13:00 Uhr die Meldaustra\u00dfe aus Richtung Herrenh\u00e4user Stra\u00dfe kommend. Im Einm\u00fcndungsbereich zur L\u00f6pentinstra\u00dfe trat ein 6-j\u00e4hriges Kind zwischen geparkten Autos auf die Stra\u00dfe. Dabei wurde der Fu\u00df des Kindes vom Taxi \u00fcberrollt.<\/p>\n<p>Der Fahrer &#8211; etwa 45 Jahre alt, mit schwarzen Haaren &#8211; hielt zun\u00e4chst an, sprach mit einer Zeugin und k\u00fcndigte an, zur\u00fcckzukommen. Anschlie\u00dfend fuhr er jedoch davon und kehrte nicht zur\u00fcck. Das Kind erlitt leichte Verletzungen.<\/p>\n<p>Im Taxi sa\u00df eine \u00e4ltere Frau als Fahrgast. Das Fahrzeug wurde als gr\u00f6\u00dfer beschrieben und trug \u00fcberwiegend rote Werbebeklebung. Ein Kennzeichen ist nicht bekannt.<\/p>\n<p>Zeugen, die Hinweise zum Unfallhergang, zum Fahrer oder zum Fahrzeug geben k\u00f6nnen, werden gebeten, sich beim PK Hannover-St\u00f6cken unter der Telefonnummer 0511 109-3817 zu melden. \/ms<\/p>\n<p class=\"contact-headline\">R\u00fcckfragen bitte an:<\/p>\n<p class=\"contact-text\">Polizeidirektion Hannover<br \/>Marcus Schmieder<br \/>Telefon: 0511 109-1040<br \/>E-Mail: <a href=\"https:\/\/www.presseportal.de\/blaulicht\/pm\/66841\/mailto: pressestelle@pd-h.polizei.niedersachsen.de\" class=\"uri-mailto\" rel=\"nofollow noopener\" target=\"_blank\"> pressestelle@pd-h.polizei.niedersachsen.de<\/a><br \/><a target=\"_blank\" class=\"uri-ext outbound\" rel=\"noopener nofollow\" href=\"https:\/\/www.pd-h.polizei-nds.de\">https:\/\/www.pd-h.polizei-nds.de<\/a><\/p>\n<p class=\"originator\">Original-Content von: Polizeidirektion Hannover, \u00fcbermittelt durch news aktuell<\/p>\n","protected":false},"excerpt":{"rendered":"28.05.2025 \u2013 09:54 Polizeidirektion Hannover Hannover (ots) Ein bislang unbekannter Taxifahrer hat am Dienstagmittag, 27.05.2025, im hannoverschen Stadtteil&hellip;\n","protected":false},"author":2,"featured_media":108,"comment_status":"","ping_status":"","sticky":false,"template":"","format":"standard","meta":{"footnotes":""},"categories":[1836],"tags":[3364,29,30,46,177,5404,1411,121,178,180,179,181],"class_list":{"0":"post-145814","1":"post","2":"type-post","3":"status-publish","4":"format-standard","5":"has-post-thumbnail","7":"category-hannover","8":"tag-de","9":"tag-deutschland","10":"tag-germany","11":"tag-hannover","12":"tag-kriminalitt","13":"tag-ni","14":"tag-niedersachsen","15":"tag-polizei","16":"tag-presse","17":"tag-pressemeldung","18":"tag-pressemitteilung","19":"tag-pressemitteilungen"},"share_on_mastodon":{"url":"https:\/\/pubeurope.com\/@de\/114584543335015101","error":""},"_links":{"self":[{"href":"https:\/\/www.europesays.com\/de\/wp-json\/wp\/v2\/posts\/145814","targetHints":{"allow":["GET"]}}],"collection":[{"href":"https:\/\/www.europesays.com\/de\/wp-json\/wp\/v2\/posts"}],"about":[{"href":"https:\/\/www.europesays.com\/de\/wp-json\/wp\/v2\/types\/post"}],"author":[{"embeddable":true,"href":"https:\/\/www.europesays.com\/de\/wp-json\/wp\/v2\/users\/2"}],"replies":[{"embeddable":true,"href":"https:\/\/www.europesays.com\/de\/wp-json\/wp\/v2\/comments?post=145814"}],"version-history":[{"count":0,"href":"https:\/\/www.europesays.com\/de\/wp-json\/wp\/v2\/posts\/145814\/revisions"}],"wp:featuredmedia":[{"embeddable":true,"href":"https:\/\/www.europesays.com\/de\/wp-json\/wp\/v2\/media\/108"}],"wp:attachment":[{"href":"https:\/\/www.europesays.com\/de\/wp-json\/wp\/v2\/media?parent=145814"}],"wp:term":[{"taxonomy":"category","embeddable":true,"href":"https:\/\/www.europesays.com\/de\/wp-json\/wp\/v2\/categories?post=145814"},{"taxonomy":"post_tag","embeddable":true,"href":"https:\/\/www.europesays.com\/de\/wp-json\/wp\/v2\/tags?post=145814"}],"curies":[{"name":"wp","href":"https:\/\/api.w.org\/{rel}","templated":true}]}}