{"id":145931,"date":"2025-05-28T09:38:09","date_gmt":"2025-05-28T09:38:09","guid":{"rendered":"https:\/\/www.europesays.com\/de\/145931\/"},"modified":"2025-05-28T09:38:09","modified_gmt":"2025-05-28T09:38:09","slug":"ukrainekrieg-russland-bereitet-laut-selenskyj-offensive-bei-sumy-vor","status":"publish","type":"post","link":"https:\/\/www.europesays.com\/de\/145931\/","title":{"rendered":"Ukrainekrieg: Russland bereitet laut Selenskyj Offensive bei Sumy vor"},"content":{"rendered":"<p class=\"paragraph article__item\"><a href=\"https:\/\/www.zeit.de\/thema\/russland\" class=\"\" target=\"_blank\" rel=\"nofollow noopener\">Russland<\/a> zieht nach ukrainischen Angaben mehr als 50.000 Soldaten an der Front in der ukrainischen Region\u00a0Sumy\u00a0zusammen. Das teilte der ukrainische Pr\u00e4sident <a href=\"https:\/\/www.zeit.de\/thema\/wolodymyr-selenskyj\" class=\"\" target=\"_blank\" rel=\"nofollow noopener\">Wolodymyr Selenskyj<\/a> vor Journalisten laut einer zuvor ver\u00f6ffentlichten Erkl\u00e4rung mit. <a class=\"rtr-entity\" href=\"https:\/\/www.zeit.de\/thema\/russland\" rel=\"nofollow noopener\" target=\"_blank\">Russland<\/a> wolle &#8222;eine Offensive auf\u00a0Sumy\u00a0vorbereiten&#8220;, sagte er.\n<\/p>\n<p class=\"paragraph article__item\">Die ukrainische Armee versuche einen Angriff abzuwenden, unter anderem<br \/>\ndurch ihre Aktionen im benachbarten russischen Gebiet <a class=\"rtr-entity\" href=\"https:\/\/www.zeit.de\/thema\/kursk\" rel=\"nofollow noopener\" target=\"_blank\">Kursk<\/a>, sagte<br \/>\nSelenskyj laut der ukrainischen Nachrichtenagentur Ukrinform. Ziel eines russischen Vorsto\u00dfes auf\u00a0Sumy\u00a0k\u00f6nnte<br \/>\n sein, auf ukrainischer Seite eine Pufferzone einzurichten, sagte er.<br \/>\nAllerdings fehlten den russischen Truppen diese Soldaten an anderen<br \/>\nStellen der Front \u2013 zum Beispiel bei Pokrowsk im Donbass.\u00a0\n<\/p>\n<p class=\"paragraph article__item\">Russland greift die Grenzregion\u00a0Sumy\u00a0wieder verst\u00e4rkt an, seitdem die ukrainische Armee vergangenen M\u00e4rz aus der benachbarten russischen Region Kursk vertrieben worden war.\n<\/p>\n<p class=\"paragraph article__item\">Selenskyjs Pressekonferenz fand den Angaben nach am Dienstag<br \/>\nstatt. Die ukrainischen Medien ver\u00f6ffentlichten den Inhalt erst heute,<br \/>\nals der Pr\u00e4sident bereits auf dem Weg nach Berlin war.\n<\/p>\n<p>        &#8222;Trump hat zugesagt, dass Sanktionen erhoben werden&#8220;        <\/p>\n<p class=\"paragraph article__item\">Selenskyj dr\u00e4ngte zudem erneut auf ein Treffen mit dem russischen Pr\u00e4sidenten <a href=\"https:\/\/www.zeit.de\/thema\/wladimir-putin\" class=\"\" target=\"_blank\" rel=\"nofollow noopener\">Wladimir Putin<\/a> und schlug vor, US-Pr\u00e4sident <a href=\"https:\/\/www.zeit.de\/thema\/donald-trump\" class=\"\" target=\"_blank\" rel=\"nofollow noopener\">Donald Trump<\/a> ebenfalls einzuladen. &#8222;Wenn Putin sich mit einem bilateralen Treffen nicht wohlf\u00fchlt, oder wenn jeder will, dass es ein trilaterales Treffen ist, habe ich damit kein Problem&#8220;, betonte der ukrainische Pr\u00e4sident. Er sei &#8222;f\u00fcr jegliches Format bereit&#8220;.\n<\/p>\n<p class=\"paragraph article__item\">Solange Russland die <a href=\"https:\/\/www.zeit.de\/thema\/krieg-in-ukraine\" class=\"\" target=\"_blank\" rel=\"nofollow noopener\">Ukraine<\/a> angreife, m\u00fcsse die US-Regierung weitere Sanktionen gegen Russland erheben, forderte Selenskyj. &#8222;Trump hat zugesagt, dass Sanktionen erhoben werden, falls Russland nicht aufh\u00f6rt.&#8220; Die <a class=\"rtr-entity\" href=\"https:\/\/www.zeit.de\/thema\/krieg-in-ukraine\" rel=\"nofollow noopener\" target=\"_blank\">Ukraine<\/a> habe mit den USA \u00fcber Sanktionen gegen den russischen Energie- und Bankensektor beraten. Selenskyj hoffe, dass die USA nun solche Sanktionen einf\u00fchren werden.\n<\/p>\n<p>                An dieser Stelle ist ein externer Inhalt eingebunden<\/p>\n<p>Zum Anschauen ben\u00f6tigen wir Ihre Zustimmung<\/p>\n<p>\n                Weiter\n            <\/p>\n<p class=\"paragraph article__item\">Die Ukraine hat derweil in der vergangenen Nacht nach russischen Angaben Russland mit zahlreichen Drohnen angegriffen. Das russische Verteidigungsministerium teilte mit, fast 300 ukrainische Drohnen abgefangen zu haben, darunter mehr als 40 \u00fcber der Region <a href=\"https:\/\/www.zeit.de\/thema\/moskau\" class=\"\" target=\"_blank\" rel=\"nofollow noopener\">Moskau<\/a>. Mehrere Moskauer Flugh\u00e4fen mussten den Flugverkehr f\u00fcr mehrere Stunden einstellen. Grund daf\u00fcr sollen auch Drohnenangriffe auf zwei Drohenfabriken nahe der russischen Hauptstadt gewesen sein.\n<\/p>\n<p class=\"paragraph article__item\"><a href=\"https:\/\/www.zeit.de\/politik\/ausland\/ukraine-krieg-news-liveblog\" class=\"\" target=\"_blank\" rel=\"nofollow noopener\">Lesen Sie die aktuellen Entwicklungen im Ukrainekrieg in unserem Liveblog.<\/a>\n<\/p>\n<p>            Ukrainekrieg        <\/p>\n<p>Mehr zum Thema<\/p>\n<p>                <a href=\"https:\/\/www.zeit.de\/2025\/23\/verhandlungen-im-ukrainekrieg-waffenruhe-russland-usa-europa\" data-ct-label=\"Verhandlungen im Ukrainekrieg: Trump ist f\u00fcr Europa unberechenbar, aber unentbehrlich\" rel=\"nofollow noopener\" target=\"_blank\"><\/p>\n<p>        Z+ (abopflichtiger Inhalt);<\/p>\n<p>    Verhandlungen im Ukrainekrieg:<br \/>\n                        Trump ist f\u00fcr Europa unberechenbar, aber unentbehrlich<\/p>\n<p>                <\/a><\/p>\n<p>                <a href=\"https:\/\/www.zeit.de\/2025\/23\/olga-petersen-afd-ukrainekrieg-russland-instagram\" data-ct-label=\"Olga Petersen: Sie sagt nicht erobert, sondern: &quot;befreit&quot;\" rel=\"nofollow noopener\" target=\"_blank\"><\/p>\n<p>        Z+ (abopflichtiger Inhalt);<\/p>\n<p>    Olga Petersen:<br \/>\n                        Sie sagt nicht erobert, sondern: &#8222;befreit&#8220;<\/p>\n<p>                <\/a><\/p>\n<p>                <a href=\"https:\/\/www.zeit.de\/zeit-magazin\/leben\/2025-05\/bundeswehr-messe-arbeitsplatz-gehalt-risiko-hierarchien\" data-ct-label=\"Bundeswehr: &quot;Putin, der ist &#039;n bisschen crazy, wei\u00dft du?&quot;\" rel=\"nofollow noopener\" target=\"_blank\"><\/p>\n<p>                        Bundeswehr:<br \/>\n                        &#8222;Putin, der ist &#8217;n bisschen crazy, wei\u00dft du?&#8220;<\/p>\n<p>                <\/a><\/p>\n","protected":false},"excerpt":{"rendered":"Russland zieht nach ukrainischen Angaben mehr als 50.000 Soldaten an der Front in der ukrainischen Region\u00a0Sumy\u00a0zusammen. Das teilte&hellip;\n","protected":false},"author":2,"featured_media":145932,"comment_status":"","ping_status":"","sticky":false,"template":"","format":"standard","meta":{"footnotes":""},"categories":[4013],"tags":[331,332,106,24883,13,6376,14,15,6372,16,4043,4044,850,307,12,11904,4201,312,64,306,107],"class_list":{"0":"post-145931","1":"post","2":"type-post","3":"status-publish","4":"format-standard","5":"has-post-thumbnail","7":"category-russland","8":"tag-aktuelle-nachrichten","9":"tag-aktuelle-news","10":"tag-donald-trump","11":"tag-grenzregion","12":"tag-headlines","13":"tag-kursk","14":"tag-nachrichten","15":"tag-news","16":"tag-offensive","17":"tag-politik","18":"tag-russia","19":"tag-russian-federation","20":"tag-russische-foederation","21":"tag-russland","22":"tag-schlagzeilen","23":"tag-sumy","24":"tag-treffen","25":"tag-ukrainekrieg","26":"tag-usa","27":"tag-wladimir-putin","28":"tag-wolodymyr-selenskyj"},"share_on_mastodon":{"url":"https:\/\/pubeurope.com\/@de\/114584794088698327","error":""},"_links":{"self":[{"href":"https:\/\/www.europesays.com\/de\/wp-json\/wp\/v2\/posts\/145931","targetHints":{"allow":["GET"]}}],"collection":[{"href":"https:\/\/www.europesays.com\/de\/wp-json\/wp\/v2\/posts"}],"about":[{"href":"https:\/\/www.europesays.com\/de\/wp-json\/wp\/v2\/types\/post"}],"author":[{"embeddable":true,"href":"https:\/\/www.europesays.com\/de\/wp-json\/wp\/v2\/users\/2"}],"replies":[{"embeddable":true,"href":"https:\/\/www.europesays.com\/de\/wp-json\/wp\/v2\/comments?post=145931"}],"version-history":[{"count":0,"href":"https:\/\/www.europesays.com\/de\/wp-json\/wp\/v2\/posts\/145931\/revisions"}],"wp:featuredmedia":[{"embeddable":true,"href":"https:\/\/www.europesays.com\/de\/wp-json\/wp\/v2\/media\/145932"}],"wp:attachment":[{"href":"https:\/\/www.europesays.com\/de\/wp-json\/wp\/v2\/media?parent=145931"}],"wp:term":[{"taxonomy":"category","embeddable":true,"href":"https:\/\/www.europesays.com\/de\/wp-json\/wp\/v2\/categories?post=145931"},{"taxonomy":"post_tag","embeddable":true,"href":"https:\/\/www.europesays.com\/de\/wp-json\/wp\/v2\/tags?post=145931"}],"curies":[{"name":"wp","href":"https:\/\/api.w.org\/{rel}","templated":true}]}}