{"id":146377,"date":"2025-05-28T13:43:08","date_gmt":"2025-05-28T13:43:08","guid":{"rendered":"https:\/\/www.europesays.com\/de\/146377\/"},"modified":"2025-05-28T13:43:08","modified_gmt":"2025-05-28T13:43:08","slug":"auffahrunfall-auf-der-hoefen-in-wuppertal","status":"publish","type":"post","link":"https:\/\/www.europesays.com\/de\/146377\/","title":{"rendered":"Auffahrunfall auf der H\u00f6fen in Wuppertal"},"content":{"rendered":"<p class=\"text_ohne_einzug richtext text-em-55 !leading-serif mx-6 desktop:mx-0\">Am Mittwoch sind auf der B7 H\u00f6fen drei Fahrzeuge an einem gr\u00f6\u00dferen Verkehrsunfall beteiligt gewesen. Wie die Polizei Wuppertal mitteilte, sei es dort gegen 12.45 Uhr auf der Fahrbahn in Richtung Ost zu einem Auffahrunfall gekommen. Ersten Erkenntnissen zufolge habe ein Fahrer auf der linken Spur abgebremst. \u201eDas Auto hinter ihm konnte ebenfalls abbremsen, doch der dritte Fahrer hat es nicht geschafft und so die Autos ineinander geschoben\u201c, teilte ein Sprecher der Polizei mit.<\/p>\n<p class=\"richtext text-em-55 !leading-serif mx-6 desktop:mx-0\">Die Personen seien gl\u00fccklicherweise nur leicht verletzt worden, hei\u00dft es. Die Fahrbahn musste f\u00fcr die Zeit der Unfallaufnahme gesperrt werden. Mittlerweile ist sie wieder komplett frei.<\/p>\n","protected":false},"excerpt":{"rendered":"Am Mittwoch sind auf der B7 H\u00f6fen drei Fahrzeuge an einem gr\u00f6\u00dferen Verkehrsunfall beteiligt gewesen. Wie die Polizei&hellip;\n","protected":false},"author":2,"featured_media":146378,"comment_status":"","ping_status":"","sticky":false,"template":"","format":"standard","meta":{"footnotes":""},"categories":[1840],"tags":[3364,29,30,1209,20769,1284,3260,4418],"class_list":{"0":"post-146377","1":"post","2":"type-post","3":"status-publish","4":"format-standard","5":"has-post-thumbnail","7":"category-wuppertal","8":"tag-de","9":"tag-deutschland","10":"tag-germany","11":"tag-nordrhein-westfalen","12":"tag-sorgt","13":"tag-unfall","14":"tag-verkehrsunfall","15":"tag-wuppertal"},"share_on_mastodon":{"url":"https:\/\/pubeurope.com\/@de\/114585757627343225","error":""},"_links":{"self":[{"href":"https:\/\/www.europesays.com\/de\/wp-json\/wp\/v2\/posts\/146377","targetHints":{"allow":["GET"]}}],"collection":[{"href":"https:\/\/www.europesays.com\/de\/wp-json\/wp\/v2\/posts"}],"about":[{"href":"https:\/\/www.europesays.com\/de\/wp-json\/wp\/v2\/types\/post"}],"author":[{"embeddable":true,"href":"https:\/\/www.europesays.com\/de\/wp-json\/wp\/v2\/users\/2"}],"replies":[{"embeddable":true,"href":"https:\/\/www.europesays.com\/de\/wp-json\/wp\/v2\/comments?post=146377"}],"version-history":[{"count":0,"href":"https:\/\/www.europesays.com\/de\/wp-json\/wp\/v2\/posts\/146377\/revisions"}],"wp:featuredmedia":[{"embeddable":true,"href":"https:\/\/www.europesays.com\/de\/wp-json\/wp\/v2\/media\/146378"}],"wp:attachment":[{"href":"https:\/\/www.europesays.com\/de\/wp-json\/wp\/v2\/media?parent=146377"}],"wp:term":[{"taxonomy":"category","embeddable":true,"href":"https:\/\/www.europesays.com\/de\/wp-json\/wp\/v2\/categories?post=146377"},{"taxonomy":"post_tag","embeddable":true,"href":"https:\/\/www.europesays.com\/de\/wp-json\/wp\/v2\/tags?post=146377"}],"curies":[{"name":"wp","href":"https:\/\/api.w.org\/{rel}","templated":true}]}}