{"id":146584,"date":"2025-05-28T15:36:16","date_gmt":"2025-05-28T15:36:16","guid":{"rendered":"https:\/\/www.europesays.com\/de\/146584\/"},"modified":"2025-05-28T15:36:16","modified_gmt":"2025-05-28T15:36:16","slug":"news-blog-bei-turn-em-und-deutschem-turnfest-in-leipzig-trendsportarten-entdecken","status":"publish","type":"post","link":"https:\/\/www.europesays.com\/de\/146584\/","title":{"rendered":"News-Blog: Bei Turn-EM und Deutschem Turnfest: In Leipzig Trendsportarten entdecken"},"content":{"rendered":"<p>12:41 Uhr | Orientierung f\u00fcr die gro\u00dfe Gala<\/p>\n<p class=\"text\">\nBei Regen und leichtem Wind bereiten 30 freiwillige Helfer am Mittag im Stadion den Rasen f\u00fcr die Turnfestgala vor. Eine ihrer Sufgaben: 1.500 wei\u00dfe N\u00e4gel als Orientierungspunkte in den Rasen stecken, damit die Teilnehmer der gro\u00dfen Gala im Stadion wissen, wo sie stehen sollen. Die Gala am Sonnabend zeigt der <a href=\"https:\/\/www.mdr.de\/sport\/andere_sportarten\/turnfest-leipzig-zeitplan-streams-110.html\" title=\"Deutsches Turnfest live im MDR: Zeitplan, Streams und Highlights\" rel=\"nofollow noopener\" target=\"_blank\">MDR live im Fernsehen<\/a>.\n<\/p>\n<p>12:00 Uhr | Der Countdown l\u00e4uft<\/p>\n<p class=\"text\">\nUm 14 Uhr \u00f6ffnen die Mitmachfl\u00e4chen f\u00fcr Sportbegeisterte in der Innenstadt. Auf der Showb\u00fchne auf dem Augustusplatz geht es vor allem um die Show.\u00a0T\u00e4glich ab 14 Uhr zeigen dort Vereine ihr K\u00f6nnen.\n<\/p>\n<p class=\"text\">\nAuf dem Marktplatz startet ebenfalls ab 14 Uhr das Mitmach-Sportangebot. Dazu geh\u00f6rt auch der offizielle\u00a0Turnfest-Tanz, der in\u00a0der Zuschauermenge einstudiert werden kann.\u00a0Wer die Choreografie\u00a0vorab \u00fcben will, finden die Anleitung samt Video <a href=\"https:\/\/www.turnfest.de\/turnfest-tanz\" title=\"Der offizielle Turnfesttanz zum Mit\u00fcben und Mitmachen\" data-ctrl-link=\"{&#039;id&#039;: &#039;63b7379a-9c24-46d9-b09e-3a9abc6e8d1d&#039;,&#039;type&#039;:&#039;external&#039;,&#039;window&#039;:{&#039;type&#039;:&#039;empty&#039;,&#039;config&#039;:{&#039;title&#039;:&#039;Der offizielle Turnfesttanz zum Mit\u00fcben und Mitmachen&#039;,&#039;top&#039;:&#039;0&#039;,&#039;left&#039;:&#039;0&#039;,&#039;width&#039;:&#039;0&#039;,&#039;height&#039;:&#039;0&#039;,&#039;status&#039;:&#039;0&#039;,&#039;menubar&#039;:&#039;0&#039;,&#039;location&#039;:&#039;0&#039;,&#039;scroll&#039;:&#039;0&#039;,&#039;toolbar&#039;:&#039;0&#039;,&#039;resizable&#039;:&#039;0&#039;}}}\" rel=\"nofollow noopener\" target=\"_blank\">hier<\/a>.\n<\/p>\n<p>11:47 Uhr | Fr\u00fchst\u00fcckshelfer hellwach<\/p>\n<p class=\"text\">\nRund 35.000 Turnerinnen und Turner \u00fcbernachten in Schulen. 126 Schulgeb\u00e4ude und Turnhallen hat die Stadt daf\u00fcr bereitgestellt. Eine davon ist die Sportoberschule im Zentrum-Nordwest. Die ersten \u00dcbernachtungsg\u00e4ste bekamen am Mittwochmorgen Fr\u00fchst\u00fcck, dass ein Caterer vorbereitet und G\u00e4stebetreuer aufgebaut hatten. Von M\u00fcsli \u00fcber Marmelade, viele K\u00e4sesorten und Hummus ist Vieles, aber Fleischloses, dabei.\n<\/p>\n<p class=\"text\">\nKatharina Baum und Katja Junghans vom Quartiersteam in der Sportoberschule haben festgestellt: &#8222;Die Turnfestgemeinde organisiert sich sehr gut selber.&#8220; Nur gelegentlich seien sie &#8222;Mutti f\u00fcr alles&#8220;.<\/p>\n","protected":false},"excerpt":{"rendered":"12:41 Uhr | Orientierung f\u00fcr die gro\u00dfe Gala Bei Regen und leichtem Wind bereiten 30 freiwillige Helfer am&hellip;\n","protected":false},"author":2,"featured_media":146585,"comment_status":"","ping_status":"","sticky":false,"template":"","format":"standard","meta":{"footnotes":""},"categories":[1832],"tags":[3364,52670,29,912,30,71,81,14,859,265,27381,30699,7195,18174],"class_list":{"0":"post-146584","1":"post","2":"type-post","3":"status-publish","4":"format-standard","5":"has-post-thumbnail","7":"category-leipzig","8":"tag-de","9":"tag-deutsches-turnfest","10":"tag-deutschland","11":"tag-eroeffnung","12":"tag-germany","13":"tag-leipzig","14":"tag-mdr","15":"tag-nachrichten","16":"tag-sachsen","17":"tag-sport","18":"tag-turnen","19":"tag-turnfest","20":"tag-vereine","21":"tag-wettkampf"},"share_on_mastodon":{"url":"https:\/\/pubeurope.com\/@de\/114586201905740773","error":""},"_links":{"self":[{"href":"https:\/\/www.europesays.com\/de\/wp-json\/wp\/v2\/posts\/146584","targetHints":{"allow":["GET"]}}],"collection":[{"href":"https:\/\/www.europesays.com\/de\/wp-json\/wp\/v2\/posts"}],"about":[{"href":"https:\/\/www.europesays.com\/de\/wp-json\/wp\/v2\/types\/post"}],"author":[{"embeddable":true,"href":"https:\/\/www.europesays.com\/de\/wp-json\/wp\/v2\/users\/2"}],"replies":[{"embeddable":true,"href":"https:\/\/www.europesays.com\/de\/wp-json\/wp\/v2\/comments?post=146584"}],"version-history":[{"count":0,"href":"https:\/\/www.europesays.com\/de\/wp-json\/wp\/v2\/posts\/146584\/revisions"}],"wp:featuredmedia":[{"embeddable":true,"href":"https:\/\/www.europesays.com\/de\/wp-json\/wp\/v2\/media\/146585"}],"wp:attachment":[{"href":"https:\/\/www.europesays.com\/de\/wp-json\/wp\/v2\/media?parent=146584"}],"wp:term":[{"taxonomy":"category","embeddable":true,"href":"https:\/\/www.europesays.com\/de\/wp-json\/wp\/v2\/categories?post=146584"},{"taxonomy":"post_tag","embeddable":true,"href":"https:\/\/www.europesays.com\/de\/wp-json\/wp\/v2\/tags?post=146584"}],"curies":[{"name":"wp","href":"https:\/\/api.w.org\/{rel}","templated":true}]}}