{"id":146588,"date":"2025-05-28T15:38:11","date_gmt":"2025-05-28T15:38:11","guid":{"rendered":"https:\/\/www.europesays.com\/de\/146588\/"},"modified":"2025-05-28T15:38:11","modified_gmt":"2025-05-28T15:38:11","slug":"gruenes-licht-fuer-open-air-park-nach-ac-dc-schlappe","status":"publish","type":"post","link":"https:\/\/www.europesays.com\/de\/146588\/","title":{"rendered":"Gr\u00fcnes Licht f\u00fcr Open-Air-Park nach AC\/DC-Schlappe"},"content":{"rendered":"<p>Mehrheit im Stadtrat <\/p>\n<p>Gr\u00fcnes Licht f\u00fcr Open-Air-Park nach AC\/DC-Schlappe<\/p>\n<p>Aktualisiert am 28.05.2025 &#8211; 17:00 UhrLesedauer: 2 Min.<\/p>\n<p><a href=\"#focus-0\" class=\"transition-colors duration-200 focus-within:text-magenta block text-current relative\" data-sctrack=\"FocusGalleryImage.Reference\"><img fetchpriority=\"high\" data-testid=\"Opener.Image\" style=\"--lqipURL:url('https:\/\/images.t-online.de\/2025\/05\/JJldHej4WF8H\/0x0:3788x2131\/fit-in\/150x0\/filters:blur(25)\/image.jpg')\"   loading=\"eager\" src=\"https:\/\/www.europesays.com\/de\/wp-content\/uploads\/2025\/05\/1748446690_833_image.jpg\" alt=\"imago images 99237362\" title=\"imago images 99237362\" width=\"3788\" height=\"2131\" class=\"bg-[url:var(--lqipURL)] bg-cover bg-center flex w-full max-w-full h-full\" decoding=\"async\"\/><img style=\"--width:32;--height:32\" loading=\"lazy\" src=\"https:\/\/www.europesays.com\/de\/wp-content\/uploads\/2025\/05\/zoom-in.f7dae02f.svg.svg+xml\" alt=\"Vergr\u00f6\u00dfern des Bildes\" title=\"Vergr\u00f6\u00dfern des Bildes\" class=\"&#10;        block&#10;        h-[calc(var(--height)_\/_16_*_1rem)]&#10;        w-[calc(var(--width)_\/_16_*_1rem)]&#10;        max-w-none&#10;        absolute bottom-8 right-8 rounded-4 bg-snow p-8\" decoding=\"async\"\/><\/a><\/p>\n<p>Der Messeparkplatz in Stockum (Archivbild): Auf der Fl\u00e4che entsteht der neue Open-Air-Park f\u00fcr Gro\u00dfveranstaltungen. (Quelle: Olaf D\u00f6ring\/imago-images-bilder)<\/p>\n<p class=\"font-bold text-18 leading-17\">Der Stadtrat beschlie\u00dft das neue Veranstaltungsgel\u00e4nde auf dem Messeparkplatz. Bis zu sechs Events mit rund 80.000 Menschen sollen dort in Zukunft pro Jahr stattfinden.<\/p>\n<p class=\"text-18 leading-17\">Auf dem Parkplatzgel\u00e4nde neben der Messe und Arena k\u00f6nnen bald Veranstaltungen mit bis zu 80.000 Zuschauern abgehalten werden. Aktuell laufen die Fachplanungen zur Erschlie\u00dfung des Open-Air-Parks. Nach Abschluss der Ausschreibungen werden dann Arbeiten f\u00fcr Strom-, Wasser- und Abwasseranschl\u00fcsse terminiert.<\/p>\n<p class=\"text-18 leading-17\">Im Planungsverfahren wurden nach Angaben der Verwaltung verschiedene Aspekte ber\u00fccksichtigt: Der Umgang mit den dortigen B\u00e4umen, \u00d6ffentlichkeitsbeteiligung sowie Natur-, Arten- und L\u00e4rmschutz spielten eine zentrale Rolle. Auch ein Verkehrs- und Sicherheitskonzept wurde unter anderem entwickelt.<\/p>\n<p class=\"text-18 leading-17\">Die Planungen f\u00fcr die Baumf\u00e4llungen auf dem Gel\u00e4nde sind abh\u00e4ngig von den Veranstaltungen, die dort stattfinden werden. Denn die B\u00e4ume werden nicht unmittelbar pr\u00e4ventiv gef\u00e4llt, sondern nur bedarfsgerecht, damit die Eingriffe so gering wie m\u00f6glich gehalten werden. F\u00fcr die Baumf\u00e4llungen braucht es einen Bauantrag und einen F\u00e4llantrag.<\/p>\n<p class=\"text-18 leading-17\">Die durch die artenschutzrechtliche Begleitung vorsorglich verschlossenen Nisth\u00f6hlen in den B\u00e4umen auf dem Gel\u00e4nde werden in den n\u00e4chsten Tagen wieder ge\u00f6ffnet. Die Ausgleichspflanzungen sind in der kommenden Pflanzperiode geplant.<\/p>\n","protected":false},"excerpt":{"rendered":"Mehrheit im Stadtrat Gr\u00fcnes Licht f\u00fcr Open-Air-Park nach AC\/DC-Schlappe Aktualisiert am 28.05.2025 &#8211; 17:00 UhrLesedauer: 2 Min. Der&hellip;\n","protected":false},"author":2,"featured_media":146589,"comment_status":"","ping_status":"","sticky":false,"template":"","format":"standard","meta":{"footnotes":""},"categories":[1831],"tags":[722,2072,1145,3364,29,3405,30,39137,47,6393,6829,1209,47214,28188],"class_list":{"0":"post-146588","1":"post","2":"type-post","3":"status-publish","4":"format-standard","5":"has-post-thumbnail","7":"category-duesseldorf","8":"tag-722","9":"tag-2072","10":"tag-ac-dc","11":"tag-de","12":"tag-deutschland","13":"tag-duesseldorf","14":"tag-germany","15":"tag-konzertgelaende","16":"tag-messe","17":"tag-messe-duesseldorf","18":"tag-messeparkplatz","19":"tag-nordrhein-westfalen","20":"tag-stockum","21":"tag-veranstaltungsgelaende"},"share_on_mastodon":{"url":"https:\/\/pubeurope.com\/@de\/114586210160248430","error":""},"_links":{"self":[{"href":"https:\/\/www.europesays.com\/de\/wp-json\/wp\/v2\/posts\/146588","targetHints":{"allow":["GET"]}}],"collection":[{"href":"https:\/\/www.europesays.com\/de\/wp-json\/wp\/v2\/posts"}],"about":[{"href":"https:\/\/www.europesays.com\/de\/wp-json\/wp\/v2\/types\/post"}],"author":[{"embeddable":true,"href":"https:\/\/www.europesays.com\/de\/wp-json\/wp\/v2\/users\/2"}],"replies":[{"embeddable":true,"href":"https:\/\/www.europesays.com\/de\/wp-json\/wp\/v2\/comments?post=146588"}],"version-history":[{"count":0,"href":"https:\/\/www.europesays.com\/de\/wp-json\/wp\/v2\/posts\/146588\/revisions"}],"wp:featuredmedia":[{"embeddable":true,"href":"https:\/\/www.europesays.com\/de\/wp-json\/wp\/v2\/media\/146589"}],"wp:attachment":[{"href":"https:\/\/www.europesays.com\/de\/wp-json\/wp\/v2\/media?parent=146588"}],"wp:term":[{"taxonomy":"category","embeddable":true,"href":"https:\/\/www.europesays.com\/de\/wp-json\/wp\/v2\/categories?post=146588"},{"taxonomy":"post_tag","embeddable":true,"href":"https:\/\/www.europesays.com\/de\/wp-json\/wp\/v2\/tags?post=146588"}],"curies":[{"name":"wp","href":"https:\/\/api.w.org\/{rel}","templated":true}]}}