{"id":146621,"date":"2025-05-28T15:55:12","date_gmt":"2025-05-28T15:55:12","guid":{"rendered":"https:\/\/www.europesays.com\/de\/146621\/"},"modified":"2025-05-28T15:55:12","modified_gmt":"2025-05-28T15:55:12","slug":"marianne-und-michael-hartl-ziehen-notbremse-wir-koennen-nicht-mehr","status":"publish","type":"post","link":"https:\/\/www.europesays.com\/de\/146621\/","title":{"rendered":"Marianne und Michael Hartl ziehen Notbremse: &#8222;Wir k\u00f6nnen nicht mehr&#8220;"},"content":{"rendered":"<p>&#8222;Wir k\u00f6nnen nicht mehr&#8220; <\/p>\n<p>Marianne und Michael ziehen Schlussstrich<\/p>\n<p>28.05.2025 &#8211; 17:05 UhrLesedauer: 2 Min.<\/p>\n<p><a href=\"#focus-0\" class=\"transition-colors duration-200 focus-within:text-magenta block text-current relative\" data-sctrack=\"FocusGalleryImage.Reference\"><img fetchpriority=\"high\" data-testid=\"Opener.Image\" style=\"--lqipURL:url('https:\/\/images.t-online.de\/2025\/05\/BH8uGeycewQs\/265x18:3628x2041\/fit-in\/150x0\/filters:blur(25)\/michael-und-marianne-hartl-die-beiden-stehen-zusammen-auf-der-buehne.jpg')\"   loading=\"eager\" src=\"https:\/\/www.europesays.com\/de\/wp-content\/uploads\/2025\/05\/michael-und-marianne-hartl-die-beiden-stehen-zusammen-auf-der-buehne.jpg\" alt=\"Michael und Marianne Hartl: Die beiden stehen zusammen auf der B\u00fchne.\" title=\"Michael und Marianne Hartl: Die beiden stehen zusammen auf der B\u00fchne.\" width=\"3628\" height=\"2041\" class=\"bg-[url:var(--lqipURL)] bg-cover bg-center flex w-full max-w-full h-full\" decoding=\"async\"\/><img style=\"--width:32;--height:32\" loading=\"lazy\" src=\"https:\/\/www.europesays.com\/de\/wp-content\/uploads\/2025\/05\/zoom-in.f7dae02f.svg.svg+xml\" alt=\"Vergr\u00f6\u00dfern des Bildes\" title=\"Vergr\u00f6\u00dfern des Bildes\" class=\"&#10;        block&#10;        h-[calc(var(--height)_\/_16_*_1rem)]&#10;        w-[calc(var(--width)_\/_16_*_1rem)]&#10;        max-w-none&#10;        absolute bottom-8 right-8 rounded-4 bg-snow p-8\" decoding=\"async\"\/><\/a><\/p>\n<p>Michael und Marianne Hartl: Die beiden stehen zusammen auf der B\u00fchne. (Quelle: IMAGO \/ Lindenthaler)<\/p>\n<p class=\"font-bold text-18 leading-17\">\u00dcber 40 Jahre standen Marianne und Michael Hartl zusammen auf der B\u00fchne. Nach ihrer Karriere widmeten sie sich ihrem wohlt\u00e4tigen Verein. Damit ist nun Schluss.<\/p>\n<p class=\"text-18 leading-17\">Marianne und Michael Hartl treten nun ganz zur\u00fcck. Die beiden S\u00e4nger, die seit Ende der 1970er-Jahre gemeinsam auf der B\u00fchne standen, hatten sich nach ihrem R\u00fcckzug aus der Musikbranche sehr aufwendig um ihren eigenen Verein &#8222;Frohes Herz&#8220; gek\u00fcmmert.<\/p>\n<p class=\"text-18 leading-17\">&#8222;Wir k\u00f6nnen nicht mehr \u2013 aus gesundheitlichen Gr\u00fcnden&#8220;, sagte Marianne Hartl nun der &#8222;M\u00fcnchner Abendzeitung&#8220;. Das Ehepaar hatte regelm\u00e4\u00dfig ein Golf-Turnier veranstaltet, bei dem Spenden eingesammelt wurden. Zum &#8222;Lederhos&#8217;n Cup&#8220; kamen immer auch Prominente. Die zehnte Ausgabe des Charity-Events wird nun die letzte sein, die das Hartl-Ehepaar organisieren wird. &#8222;Wir m\u00fcssen an uns denken. Jetzt sind wir dran!&#8220;, sagte die 72-J\u00e4hrige. &#8222;Das Drumherum f\u00fcr dieses sch\u00f6ne Turnier war extrem zeit- und kraftaufwendig&#8220;, erkl\u00e4rte sie. Die Kraft f\u00fcr so eine anstrengende Aufgabe, hat das Ehepaar nicht mehr.<\/p>\n<p class=\"text-18 leading-17\">Zu ihrem letzten &#8222;Lederhos&#8217;n Cup&#8220; kamen Promis wie <a class=\"transition-colors duration-200 cursor-pointer text-inherit no-underline text-salemsfur md:hover:text-magenta md:hover:border-magenta md:focus:text-magenta border-current border-b border-solid break-words\" href=\"https:\/\/www.t-online.de\/themen\/patrick-lindner\/\" data-sctrack=\"BodyAnchor\" rel=\"nofollow noopener\" target=\"_blank\">Patrick Lindner<\/a> oder FC-Bayern-Star Franz &#8222;Bulle&#8220; Roth. Es wurden Spenden zum Thema Organspende gesammelt. Unter anderem wurde ein Scheck \u00fcber 100.000 Euro zur F\u00f6rderung und Steigerung der Organspendebereitschaft in Deutschland vergeben, wie auf dem Instagram-Profil des Vereins erkl\u00e4rt wird. Passend dazu lagen auf jedem Tisch Organspendeausweise, &#8222;mit der dringenden Bitte, sich mit dem Thema auseinanderzusetzen&#8220;.<\/p>\n<p class=\"text-18 leading-17\">Michael und Marianne Hartl hatten den Verein 2016 gegr\u00fcndet. Seitdem ist bei den beiden allerdings viel passiert. 2019 verabschiedeten sie sich von der gro\u00dfen B\u00fchne. Im M\u00e4rz 2022 hatte Michael Hartl einen <a class=\"transition-colors duration-200 cursor-pointer text-inherit no-underline text-salemsfur md:hover:text-magenta md:hover:border-magenta md:focus:text-magenta border-current border-b border-solid break-words\" href=\"https:\/\/www.t-online.de\/gesundheit\/krankheiten-symptome\/schlaganfall\/id_57694844\/schlaganfall-symptome-ursachen-behandlung.html\" data-sctrack=\"BodyAnchor\" rel=\"nofollow noopener\" target=\"_blank\">Schlaganfall<\/a> und musste anschlie\u00dfend in ein k\u00fcnstliches Koma versetzt werden. 2024 verunfallte er bei einem Radunfall. Sp\u00e4ter musste er am R\u00fccken operiert werden.<\/p>\n<p class=\"text-18 leading-17\">Auch Marianne Hartl hatte gesundheitliche Probleme und klagte lange \u00fcber Knieschmerzen. Seitdem ihr allerdings Knorpelmaterial aus dem Ohr entnommen und in das Knie gespritzt wurde, hat sie keine Schmerzen mehr. In wenigen Wochen will das Paar erst einmal einen langersehnten Urlaub in der <a class=\"transition-colors duration-200 cursor-pointer text-inherit no-underline text-salemsfur md:hover:text-magenta md:hover:border-magenta md:focus:text-magenta border-current border-b border-solid break-words\" href=\"https:\/\/www.t-online.de\/themen\/toskana\/\" data-sctrack=\"BodyAnchor\" rel=\"nofollow noopener\" target=\"_blank\">Toskana<\/a> und in <a class=\"transition-colors duration-200 cursor-pointer text-inherit no-underline text-salemsfur md:hover:text-magenta md:hover:border-magenta md:focus:text-magenta border-current border-b border-solid break-words\" href=\"https:\/\/www.t-online.de\/themen\/kroatien\/\" data-sctrack=\"BodyAnchor\" rel=\"nofollow noopener\" target=\"_blank\">Kroatien<\/a> machen.<\/p>\n","protected":false},"excerpt":{"rendered":"&#8222;Wir k\u00f6nnen nicht mehr&#8220; Marianne und Michael ziehen Schlussstrich 28.05.2025 &#8211; 17:05 UhrLesedauer: 2 Min. Michael und Marianne&hellip;\n","protected":false},"author":2,"featured_media":146622,"comment_status":"","ping_status":"","sticky":false,"template":"","format":"standard","meta":{"footnotes":""},"categories":[1776],"tags":[522,1801,29,214,30,52681,52682,1802,215],"class_list":{"0":"post-146621","1":"post","2":"type-post","3":"status-publish","4":"format-standard","5":"has-post-thumbnail","7":"category-prominente","8":"tag-522","9":"tag-celebrities","10":"tag-deutschland","11":"tag-entertainment","12":"tag-germany","13":"tag-marianne-hartl","14":"tag-michael-hartl","15":"tag-prominente","16":"tag-unterhaltung"},"share_on_mastodon":{"url":"https:\/\/pubeurope.com\/@de\/114586276752186026","error":""},"_links":{"self":[{"href":"https:\/\/www.europesays.com\/de\/wp-json\/wp\/v2\/posts\/146621","targetHints":{"allow":["GET"]}}],"collection":[{"href":"https:\/\/www.europesays.com\/de\/wp-json\/wp\/v2\/posts"}],"about":[{"href":"https:\/\/www.europesays.com\/de\/wp-json\/wp\/v2\/types\/post"}],"author":[{"embeddable":true,"href":"https:\/\/www.europesays.com\/de\/wp-json\/wp\/v2\/users\/2"}],"replies":[{"embeddable":true,"href":"https:\/\/www.europesays.com\/de\/wp-json\/wp\/v2\/comments?post=146621"}],"version-history":[{"count":0,"href":"https:\/\/www.europesays.com\/de\/wp-json\/wp\/v2\/posts\/146621\/revisions"}],"wp:featuredmedia":[{"embeddable":true,"href":"https:\/\/www.europesays.com\/de\/wp-json\/wp\/v2\/media\/146622"}],"wp:attachment":[{"href":"https:\/\/www.europesays.com\/de\/wp-json\/wp\/v2\/media?parent=146621"}],"wp:term":[{"taxonomy":"category","embeddable":true,"href":"https:\/\/www.europesays.com\/de\/wp-json\/wp\/v2\/categories?post=146621"},{"taxonomy":"post_tag","embeddable":true,"href":"https:\/\/www.europesays.com\/de\/wp-json\/wp\/v2\/tags?post=146621"}],"curies":[{"name":"wp","href":"https:\/\/api.w.org\/{rel}","templated":true}]}}