{"id":146639,"date":"2025-05-28T16:04:13","date_gmt":"2025-05-28T16:04:13","guid":{"rendered":"https:\/\/www.europesays.com\/de\/146639\/"},"modified":"2025-05-28T16:04:13","modified_gmt":"2025-05-28T16:04:13","slug":"whatsapp-ab-sofort-auch-auf-dem-ipad-verfuegbar","status":"publish","type":"post","link":"https:\/\/www.europesays.com\/de\/146639\/","title":{"rendered":"WhatsApp ab sofort auch auf dem iPad verf\u00fcgbar"},"content":{"rendered":"<p class=\"css-benjn6\">WhatsApp-User:innen auf dem iPad haben es nun leichter. Endlich gibt es eine eigene App und man muss nicht mehr zum Browser oder Smartphone greifen. Was kann sie?<\/p>\n<p class=\"css-bq2685\" id=\"doc-1irrh89rf6\">Warten und Umwege waren gestern, den Messenger <a data-li-document-ref=\"494359\" href=\"https:\/\/www.prosieben.de\/serien\/newstime\/news\/kommt-ein-dritter-whatsapp-haken-das-steckt-hinter-dem-geruecht-494359\" rel=\"nofollow noopener\" target=\"_blank\">WhatsApp<\/a> gibt es nun auch als eigene App f\u00fcr das <a data-li-document-ref=\"64739\" href=\"https:\/\/www.prosieben.de\/serien\/newstime\/news\/iphone-und-ipad-apple-produkte-werden-immer-teurer-ein-vergleich-64739\" rel=\"nofollow noopener\" target=\"_blank\">iPad<\/a>. Sie kann ab sofort \u00fcber den App Store des Ger\u00e4ts installiert werden.<\/p>\n<p><a id=\"doc-1isbbk3oq1\" target=\"_blank\" rel=\"follow nofollow noopener\" href=\"https:\/\/www.joyn.de\/news?utm_medium=referral&amp;utm_source=www.prosieben.de&amp;utm_campaign=joynlinkout_%3Anewstime&amp;utm_content=general_joyn_teaser\"><img alt=\"Joyn Teaser NEU Deutsche Politik\" loading=\"lazy\" decoding=\"async\" data-nimg=\"fill\" style=\"position:absolute;height:100%;width:100%;left:0;top:0;right:0;bottom:0;object-fit:cover;color:transparent\" src=\"https:\/\/www.europesays.com\/de\/wp-content\/uploads\/2025\/05\/1748448253_88_profile:original\"\/>Immer frisch, immer aktuell! News aus Deutschland und der Welt<\/p>\n<p class=\"css-17xp2tc\">KOSTENLOS auf Joyn: Die neuesten Videos zu News und Hintergr\u00fcnden jetzt streamen!<\/p>\n<p><\/a><\/p>\n<p class=\"css-bq2685\" id=\"doc-1isbbef700\">Wer bisher WhatsApp auf einem iPad nutzen wollte, konnte das nur \u00fcber die Web-Version des Messengers machen. Ein Nachteil: Das Handy musste stets verbunden bleiben.<\/p>\n<p class=\"css-bq2685\" id=\"doc-1isbbef730\">Mit der neuen App kommen alle gewohnten Funktionen auf das iPad. Auch die Chats werden ger\u00e4te\u00fcbergreifend mit dem Smartphone synchronisiert.<\/p>\n<p>Klassisches WhatsApp gro\u00df aufgefahren<\/p>\n<p class=\"css-bq2685\" id=\"doc-1isbbh2ct0\">Mit dem iPad kommen auch ein paar neue Bedienelemente. So ist die App nicht nur mit dem Magic Keyboard kompatibel, sondern l\u00e4sst sich auch mit dem Apple Pencil steuern. Gleicherma\u00dfen profitiert man vom gr\u00f6\u00dferen Bildschirm des Tablets.<\/p>\n<p class=\"css-bq2685\" id=\"doc-1isbbhjvi0\">Denn auch wenn man die Multitasking-Funktion, die es einem erlaubt mehrere Apps gleichzeitig zu nutzen, aktiviert, kann man den Messenger immer noch ohne Einschr\u00e4nkungen bedienen. So kann man praktischerweise etwa gleichzeitig Notizen erstellen oder weiter einkaufen.<\/p>\n<p class=\"css-bq2685\" id=\"doc-1isbbhjvj0\">WhatsApp gibt es bereits als eigenst\u00e4ndige App f\u00fcr Smartphones und den Mac. Auf eine eigenst\u00e4ndige <a data-li-document-ref=\"540833\" href=\"https:\/\/www.prosieben.de\/serien\/newstime\/news\/meta-ki-so-stoppen-sie-die-nutzung-ihrer-daten-bei-facebook-instagram-und-whatsapp-540833\" rel=\"nofollow noopener\" target=\"_blank\">Instagram<\/a>-App f\u00fcr Apples Tablets warten User:innen weiterhin.<\/p>\n","protected":false},"excerpt":{"rendered":"WhatsApp-User:innen auf dem iPad haben es nun leichter. Endlich gibt es eine eigene App und man muss nicht&hellip;\n","protected":false},"author":2,"featured_media":146640,"comment_status":"","ping_status":"","sticky":false,"template":"","format":"standard","meta":{"footnotes":""},"categories":[135],"tags":[29,30,190,189,194,191,193,192],"class_list":{"0":"post-146639","1":"post","2":"type-post","3":"status-publish","4":"format-standard","5":"has-post-thumbnail","7":"category-wissenschaft-technik","8":"tag-deutschland","9":"tag-germany","10":"tag-science","11":"tag-science-technology","12":"tag-technik","13":"tag-technology","14":"tag-wissenschaft","15":"tag-wissenschaft-technik"},"share_on_mastodon":{"url":"https:\/\/pubeurope.com\/@de\/114586312776150549","error":""},"_links":{"self":[{"href":"https:\/\/www.europesays.com\/de\/wp-json\/wp\/v2\/posts\/146639","targetHints":{"allow":["GET"]}}],"collection":[{"href":"https:\/\/www.europesays.com\/de\/wp-json\/wp\/v2\/posts"}],"about":[{"href":"https:\/\/www.europesays.com\/de\/wp-json\/wp\/v2\/types\/post"}],"author":[{"embeddable":true,"href":"https:\/\/www.europesays.com\/de\/wp-json\/wp\/v2\/users\/2"}],"replies":[{"embeddable":true,"href":"https:\/\/www.europesays.com\/de\/wp-json\/wp\/v2\/comments?post=146639"}],"version-history":[{"count":0,"href":"https:\/\/www.europesays.com\/de\/wp-json\/wp\/v2\/posts\/146639\/revisions"}],"wp:featuredmedia":[{"embeddable":true,"href":"https:\/\/www.europesays.com\/de\/wp-json\/wp\/v2\/media\/146640"}],"wp:attachment":[{"href":"https:\/\/www.europesays.com\/de\/wp-json\/wp\/v2\/media?parent=146639"}],"wp:term":[{"taxonomy":"category","embeddable":true,"href":"https:\/\/www.europesays.com\/de\/wp-json\/wp\/v2\/categories?post=146639"},{"taxonomy":"post_tag","embeddable":true,"href":"https:\/\/www.europesays.com\/de\/wp-json\/wp\/v2\/tags?post=146639"}],"curies":[{"name":"wp","href":"https:\/\/api.w.org\/{rel}","templated":true}]}}