{"id":146976,"date":"2025-05-28T19:06:16","date_gmt":"2025-05-28T19:06:16","guid":{"rendered":"https:\/\/www.europesays.com\/de\/146976\/"},"modified":"2025-05-28T19:06:16","modified_gmt":"2025-05-28T19:06:16","slug":"solinger-attentaeter-zum-mordmesser-kaufte-er-noch-eine-kaesereibe-regional","status":"publish","type":"post","link":"https:\/\/www.europesays.com\/de\/146976\/","title":{"rendered":"Solinger Attent\u00e4ter: Zum Mordmesser kaufte er noch eine K\u00e4sereibe | Regional"},"content":{"rendered":"<p>Solingen\/D\u00fcsseldorf \u2013 <b>Wollte er seine m\u00f6rderischen Absichten mit dem Kauf einer Bratpfanne und einer K\u00e4sereibe verdecken? Seit Dienstag steht der Solinger Attent\u00e4ter Issa al Hasan (27) vor dem D\u00fcsseldorfer Oberlandesgericht \u2013 wegen dreifachen Mordes und zehnfachen versuchten Mordes.<\/b><\/p>\n<p>Drei Menschen (56, 56, 67) starben bei der Bluttat im vergangenen August in Solingen (<a href=\"https:\/\/www.bild.de\/regional\/nordrhein-westfalen\/home-npIP0qL0giWP1ZFIOHn2\" class=\"text-link\" target=\"_blank\" rel=\"noopener\">NRW<\/a>). Am Mittwoch, dem zweiten Prozesstag, sagte ein Kriminalbeamter der Staatsschutz-Abteilung des Polizeipr\u00e4sidiums D\u00fcsseldorf aus \u2013 und rekonstruierte die letzten 24 Stunden vor dem Attentat.<\/p>\n<p><img decoding=\"async\" width=\"992\" height=\"1178\" alt=\"Ein Bekenner-Video drehte der Angeklagte, der als Putzkraft arbeitete, im Keller eines D\u00f6ner-Ladens\" src=\"https:\/\/www.europesays.com\/de\/wp-content\/uploads\/2025\/05\/ff122a963445e1d9360516b3ddde3c7d,4a242c9f\"   class=\"portrait\" loading=\"lazy\"\/><\/p>\n<p class=\"fig__caption__text\">Ein Bekenner-Video drehte der Angeklagte, der als Putzkraft arbeitete, im Keller eines D\u00f6nerladens <\/p>\n<p>Das 24-Stunden-Protokoll<\/p>\n<p>Nachdem Issa al Hasan um 3.15 Uhr <a href=\"https:\/\/www.bild.de\/news\/inland\/solingen-terrorist-toetete-3-menschen-sein-bekenner-video-drehte-er-im-doenerladen-6821e2e1e2b5b634446901cb\" class=\"text-link\" target=\"_blank\" rel=\"noopener\">das Bekenner-Video im Keller des D\u00f6nerladens<\/a> gedreht hatte, machte er um 4.41 Uhr das erste Mal Aufnahmen am sp\u00e4teren Tatort, dem Fronhof in der Solinger Innenstadt.<\/p>\n<p>Gegen 16.37 Uhr besuchte er dann das Gesch\u00e4ft \u201eKleiner Preis\u201c. Issa al Hasan wollte <a href=\"https:\/\/www.bild.de\/regional\/nordrhein-westfalen\/solingen-terror-attentaeter-kaufte-messer-am-tag-des-anschlags-66f596e67a248575d641c8a7\" class=\"text-link\" target=\"_blank\" rel=\"noopener\">ein K\u00fcchenmesser \u2013 die sp\u00e4tere Tatwaffe \u2013 kaufen<\/a>, ging zur Kasse. Der Verk\u00e4ufer erkl\u00e4rte ihm, er k\u00f6nne das Messer nur als Set kaufen. Er nahm den Messer-Block (Preis: 29,99 Euro), dazu noch eine Bratpfanne und eine K\u00e4sereibe und bezahlte in bar.<\/p>\n<p><img decoding=\"async\" width=\"992\" height=\"558\" alt=\"Das Tatmesser wurde einen Tag sp\u00e4ter in einem leeren M\u00fclleimer in der N\u00e4he des Tatorts gefunden\" src=\"https:\/\/www.europesays.com\/de\/wp-content\/uploads\/2025\/05\/19e1c98db99c0be405c35d80748b02a2,3868e101\"   class=\"landscape\" loading=\"lazy\"\/><\/p>\n<p class=\"fig__caption__text\">Das Tatmesser wurde einen Tag sp\u00e4ter in einem leeren M\u00fclleimer in der N\u00e4he des Tatorts gefunden<\/p>\n<p>Foto: Lars Berg<\/p>\n<p>Um 17.24 Uhr kehrte er in die Fl\u00fcchtlingsunterkunft zur\u00fcck, in der er lebte. Dort drehte er im Hinterhof ein weiteres Bekenner-Video, in dem er seine Eltern um Vergebung bat. Gegen 18.00 Uhr war er dann wieder auf dem Fronhof, filmte das Stadtfest. <\/p>\n<p><img decoding=\"async\" width=\"992\" height=\"1178\" alt=\"Der Angeklabgte Issa al Hasan (27)\" src=\"https:\/\/www.europesays.com\/de\/wp-content\/uploads\/2025\/05\/78bffe9105435acd59727bc12ac26ae2,d828572e\"   class=\"portrait\" loading=\"lazy\"\/><\/p>\n<p class=\"fig__caption__text\">Der Angeklagte Issa al Hasan (27) <\/p>\n<p>Foto: Privat<\/p>\n<p>Dasselbe machte er noch einmal um 18.53 Uhr. Die Fotos verschickte er per Telegram in einen Chat. Er schrieb, dass er warten wolle, bis es dunkel sei, damit es viele Tote gebe. Anschlie\u00dfend zog er sich um, drehte um 21.19 Uhr sein drittes Bekenner-Video, dieses Mal in einer Unterf\u00fchrung. Nur f\u00fcnf Minuten sp\u00e4ter sein viertes und letztes. <\/p>\n<p>Gegen 21.27 Uhr sa\u00df er eine Minute lang auf einer Bank vor einem Laden, wurde dabei gefilmt. Um 21.37 Uhr stach er zum ersten Mal zu. <\/p>\n<p><img decoding=\"async\" width=\"992\" height=\"558\" alt=\"Vor der B\u00fchne des Fronhofs (links) ver\u00fcbte der Angeklagte das Attentat\" src=\"https:\/\/www.europesays.com\/de\/wp-content\/uploads\/2025\/05\/a6753cb1024daeaaa54153ce3386ec25,180631e0\"   class=\"landscape\" loading=\"lazy\"\/><\/p>\n<p class=\"fig__caption__text\">Vor der B\u00fchne des Fronhofs (links) ver\u00fcbte der Angeklagte das Attentat<\/p>\n<p>Foto: picture alliance\/dpa<\/p>\n<p>So geht es den Opfern heute<\/p>\n<p>Neben den drei Toten waren acht weitere Menschen schwer verletzt worden. Einer, der f\u00fcr die Opfer k\u00e4mpft, ist Simon Rampo (42). Der Rechtsanwalt vertritt acht Nebenkl\u00e4ger, darunter f\u00fcnf bei dem Attentat Schwerstverletzten und drei Angeh\u00f6rige von get\u00f6teten Opfern. <\/p>\n<p>Wie es seinen Mandanten heute geht? Rampo: \u201eMeine Mandanten sind alle unterschiedlich traumatisiert, aber allen geht es bis heute teilweise immer noch schlecht. Manche sind auch noch k\u00f6rperlich beeintr\u00e4chtigt, einer meiner Mandanten kann seinen Arm bis heute nicht richtig bewegen. Vermutlich wird sich das auch nicht mehr verbessern.\u201c<\/p>\n<p>info.Bild<\/p>\n<p>Lesen Sie auch<\/p>\n<p>Besonders dramatisch sei es f\u00fcr ein weiteres Opfer, das bei dem Attentat schwer verletzt wurde. \u201eDer Mann erlitt bei der Kontrolluntersuchung nach der Krankenhaus-Entlassung einen Herzstillstand. W\u00e4re das nicht direkt bei dem Arzt passiert, h\u00e4tte er nicht \u00fcberlebt, und wir h\u00e4tten ein viertes Todesopfer durch den Anschlag. Er konnte aber zum Gl\u00fcck zur\u00fcck ins Leben geholt werden, und es geht ihm heute wieder deutlich besser. Das zeigt aber, wie schlimm und bedr\u00fcckend die posttraumatischen Belastungsst\u00f6rungen f\u00fcr meine Mandanten sind.\u201c<\/p>\n<p>Der Prozess wird am 3. Juni fortgesetzt, soll bis Ende September dauern.<\/p>\n","protected":false},"excerpt":{"rendered":"Solingen\/D\u00fcsseldorf \u2013 Wollte er seine m\u00f6rderischen Absichten mit dem Kauf einer Bratpfanne und einer K\u00e4sereibe verdecken? Seit Dienstag&hellip;\n","protected":false},"author":2,"featured_media":146977,"comment_status":"","ping_status":"","sticky":false,"template":"","format":"standard","meta":{"footnotes":""},"categories":[1840],"tags":[1999,10174,3364,29,3405,1993,30,1981,1209,5777,1269,7223,45,4418],"class_list":{"0":"post-146976","1":"post","2":"type-post","3":"status-publish","4":"format-standard","5":"has-post-thumbnail","7":"category-wuppertal","8":"tag-anklage","9":"tag-attentat","10":"tag-de","11":"tag-deutschland","12":"tag-duesseldorf","13":"tag-gerichte","14":"tag-germany","15":"tag-messer","16":"tag-nordrhein-westfalen","17":"tag-oberlandesgericht-duesseldorf","18":"tag-prozess","19":"tag-solingen","20":"tag-texttospeech","21":"tag-wuppertal"},"share_on_mastodon":{"url":"https:\/\/pubeurope.com\/@de\/114587027733365477","error":""},"_links":{"self":[{"href":"https:\/\/www.europesays.com\/de\/wp-json\/wp\/v2\/posts\/146976","targetHints":{"allow":["GET"]}}],"collection":[{"href":"https:\/\/www.europesays.com\/de\/wp-json\/wp\/v2\/posts"}],"about":[{"href":"https:\/\/www.europesays.com\/de\/wp-json\/wp\/v2\/types\/post"}],"author":[{"embeddable":true,"href":"https:\/\/www.europesays.com\/de\/wp-json\/wp\/v2\/users\/2"}],"replies":[{"embeddable":true,"href":"https:\/\/www.europesays.com\/de\/wp-json\/wp\/v2\/comments?post=146976"}],"version-history":[{"count":0,"href":"https:\/\/www.europesays.com\/de\/wp-json\/wp\/v2\/posts\/146976\/revisions"}],"wp:featuredmedia":[{"embeddable":true,"href":"https:\/\/www.europesays.com\/de\/wp-json\/wp\/v2\/media\/146977"}],"wp:attachment":[{"href":"https:\/\/www.europesays.com\/de\/wp-json\/wp\/v2\/media?parent=146976"}],"wp:term":[{"taxonomy":"category","embeddable":true,"href":"https:\/\/www.europesays.com\/de\/wp-json\/wp\/v2\/categories?post=146976"},{"taxonomy":"post_tag","embeddable":true,"href":"https:\/\/www.europesays.com\/de\/wp-json\/wp\/v2\/tags?post=146976"}],"curies":[{"name":"wp","href":"https:\/\/api.w.org\/{rel}","templated":true}]}}