{"id":147412,"date":"2025-05-28T23:03:10","date_gmt":"2025-05-28T23:03:10","guid":{"rendered":"https:\/\/www.europesays.com\/de\/147412\/"},"modified":"2025-05-28T23:03:10","modified_gmt":"2025-05-28T23:03:10","slug":"everswinkel-bei-alleinunfall-leicht-verletzt","status":"publish","type":"post","link":"https:\/\/www.europesays.com\/de\/147412\/","title":{"rendered":"Everswinkel. Bei Alleinunfall leicht verletzt"},"content":{"rendered":"<p class=\"bodytext\">Leicht verletzt wurde eine Fahranf\u00e4ngerin bei einem Alleinunfall am Mittwoch, 28.5.2025, 7.10 Uhr in Everswinkel, Versmar. Die 19-J\u00e4hrige befuhr mit ihrem Pkw die Stra\u00dfe Versmar in Richtung L 811. Sie geriet mit dem Auto auf den Gr\u00fcnstreifen, verlor die Kontrolle \u00fcber den Pkw und prallte gegen einen Baum. Die Everswinklerin wurde bei dem Verkehrsunfall leicht verletzt. Rettungskr\u00e4fte brachten die 19-J\u00e4hrige in ein Krankenhaus. Das besch\u00e4digte Auto wurde abgeschleppt. Mitarbeiter des Bauhofs k\u00fcmmerten sich um ausgelaufene Betriebsstoff. Der entstandene Sachschaden wird auf 16.000 Euro gesch\u00e4tzt.<\/p>\n<p>R\u00fcckfragen zur Pressemitteilung bitte an:<\/p>\n<p>Polizei Warendorf Pressestelle Telefon: 02581\/600-230 Fax: 02581\/600-129 E-Mail: pressestelle.warendorf@polizei.nrw.de <a href=\"https:\/\/warendorf.polizei.nrw\/\" target=\"_blank\" rel=\"nofollow noopener\">warendorf.polizei.nrw<\/a><\/p>\n<p>Au\u00dferhalb der B\u00fcrozeiten: Polizei Warendorf Leitstelle Tel.: 02581\/600-230 Fax: 02581\/600-249 Email: poststelle.warendorf@polizei.nrw.de <a href=\"https:\/\/warendorf.polizei.nrw\/\" target=\"_blank\" rel=\"nofollow noopener\">warendorf.polizei.nrw<\/a><\/p>\n<p> Original-Content von: Polizei Warendorf, \u00fcbermittelt durch news aktuell<\/p>\n","protected":false},"excerpt":{"rendered":"Leicht verletzt wurde eine Fahranf\u00e4ngerin bei einem Alleinunfall am Mittwoch, 28.5.2025, 7.10 Uhr in Everswinkel, Versmar. Die 19-J\u00e4hrige&hellip;\n","protected":false},"author":2,"featured_media":122542,"comment_status":"","ping_status":"","sticky":false,"template":"","format":"standard","meta":{"footnotes":""},"categories":[1843],"tags":[3364,29,30,8970,1209,12925],"class_list":{"0":"post-147412","1":"post","2":"type-post","3":"status-publish","4":"format-standard","5":"has-post-thumbnail","7":"category-muenster","8":"tag-de","9":"tag-deutschland","10":"tag-germany","11":"tag-muenster","12":"tag-nordrhein-westfalen","13":"tag-polizeimeldungen"},"share_on_mastodon":{"url":"https:\/\/pubeurope.com\/@de\/114587959685852567","error":""},"_links":{"self":[{"href":"https:\/\/www.europesays.com\/de\/wp-json\/wp\/v2\/posts\/147412","targetHints":{"allow":["GET"]}}],"collection":[{"href":"https:\/\/www.europesays.com\/de\/wp-json\/wp\/v2\/posts"}],"about":[{"href":"https:\/\/www.europesays.com\/de\/wp-json\/wp\/v2\/types\/post"}],"author":[{"embeddable":true,"href":"https:\/\/www.europesays.com\/de\/wp-json\/wp\/v2\/users\/2"}],"replies":[{"embeddable":true,"href":"https:\/\/www.europesays.com\/de\/wp-json\/wp\/v2\/comments?post=147412"}],"version-history":[{"count":0,"href":"https:\/\/www.europesays.com\/de\/wp-json\/wp\/v2\/posts\/147412\/revisions"}],"wp:featuredmedia":[{"embeddable":true,"href":"https:\/\/www.europesays.com\/de\/wp-json\/wp\/v2\/media\/122542"}],"wp:attachment":[{"href":"https:\/\/www.europesays.com\/de\/wp-json\/wp\/v2\/media?parent=147412"}],"wp:term":[{"taxonomy":"category","embeddable":true,"href":"https:\/\/www.europesays.com\/de\/wp-json\/wp\/v2\/categories?post=147412"},{"taxonomy":"post_tag","embeddable":true,"href":"https:\/\/www.europesays.com\/de\/wp-json\/wp\/v2\/tags?post=147412"}],"curies":[{"name":"wp","href":"https:\/\/api.w.org\/{rel}","templated":true}]}}