{"id":147504,"date":"2025-05-28T23:55:24","date_gmt":"2025-05-28T23:55:24","guid":{"rendered":"https:\/\/www.europesays.com\/de\/147504\/"},"modified":"2025-05-28T23:55:24","modified_gmt":"2025-05-28T23:55:24","slug":"merz-sichert-selenskyj-bei-berlin-besuch-umfassenden-beistand-zu","status":"publish","type":"post","link":"https:\/\/www.europesays.com\/de\/147504\/","title":{"rendered":"Merz sichert Selenskyj bei Berlin-Besuch umfassenden Beistand zu"},"content":{"rendered":"<p class=\"metatextline\">Stand: 28.05.2025 15:19 Uhr<\/p>\n<p class=\"textabsatz columns twelve  m-ten  m-offset-one l-eight l-offset-two\">\n        <strong>Beim Besuch des ukrainischen Pr\u00e4sidenten Selenskyj in Berlin ist auch \u00fcber Waffenlieferungen diskutiert worden. W\u00e4hrend die Ukraine weiter auf &#8222;Taurus&#8220;-Marschflugk\u00f6rper hofft, k\u00fcndigte Kanzler Merz eine andere Form der Hilfe an.<\/strong>\n    <\/p>\n<p class=\"textabsatz m-ten m-offset-one l-eight l-offset-two columns twelve\">\nBei ihrem Treffen in Berlin haben Bundeskanzler Friedrich Merz und der ukrainische Pr\u00e4sident Wolodymyr Selenskyj \u00fcber die Lage in der Ukraine und das k\u00fcnftige gemeinsame Vorgehen beraten. Dabei ging es auch um die Lieferung weitreichender Waffen &#8211; der viel diskutierten &#8222;Taurus&#8220;-Marschflugk\u00f6rper.<\/p>\n<p class=\"textabsatz m-ten m-offset-one l-eight l-offset-two columns twelve\">\nAuf die Frage, ob die ukrainische Armee weiter &#8222;Taurus&#8220; ben\u00f6tige, sagte Selenskyj: &#8222;Bez\u00fcglich weitreichender Waffen, die Deutschland herstellt oder auch andere L\u00e4nder herstellen &#8211; nat\u00fcrlich brauchen wir das, nat\u00fcrlich werden wir dieses Thema diskutieren.&#8220;<\/p>\n<p class=\"textabsatz m-ten m-offset-one l-eight l-offset-two columns twelve\">\nInsgesamt verlief das Gespr\u00e4ch nach Darstellung beider Politiker konstruktiv und vertrauensvoll. Merz fasste die Gespr\u00e4chsinhalte anschlie\u00dfend in f\u00fcnf Punkten zusammen: Erstens seien sich die Ukraine und Deutschland seit dem russischen \u00dcberfall n\u00e4her gekommen. &#8222;Das wollen wir weiter ausbauen&#8220;, so Merz. Er k\u00fcndigte f\u00fcr Ende des Jahres deutsch-ukrainische Regierungskonsultationen an, die es viele Jahre lang nicht gegeben habe.<\/p>\n<p>    Wirtschaftliche Kooperation mit Blick auf Nachkriegszeit<\/p>\n<p class=\"textabsatz m-ten m-offset-one l-eight l-offset-two columns twelve\">\nZweitens betonte Merz, der Krieg d\u00fcrfe nicht alles \u00fcberschatten. &#8222;Deshalb denken wir gemeinsam voraus in eine Zukunft jenseits des Krieges.&#8220; Es seien Gespr\u00e4che mit Vertretern der Wirtschaft \u00fcber Zukunftschancen geplant. &#8222;Das Potenzial f\u00fcr eine engere wirtschaftliche Zusammenarbeit ist da, die Themen liegen auf der Hand: Energie, Infrastruktur, Bau, Landwirtschaft, Maschinenbau, Medizintechnik, viele weiter Branchen. Wir wollen dieses Potenzial gemeinsam erschlie\u00dfen.&#8220;<\/p>\n<p class=\"textabsatz m-ten m-offset-one l-eight l-offset-two columns twelve\">\nMit Blick auf die diplomatischen Bem\u00fchungen der Ukraine und des Westens um eine Waffenruhe sagte der Kanzler drittens, Selenskyj habe sehr klar gemacht, dass niemand den Frieden mehr wolle als die Ukraine. &#8222;Die Ukraine ist bereit, im n\u00e4chsten Schritt technische Gespr\u00e4che mit Russland zu f\u00fchren, ganz gleich an welchem Ort &#8211; sei es im Vatikan, in Genf oder an jedem beliebigen dritten Ort. Wir Europ\u00e4er sind bereit, diese Gespr\u00e4che zu unterst\u00fctzen.&#8220; Russland hingegen spiele auf Zeit: &#8222;Das Positionspapier f\u00fcr Verhandlungen, das Pr\u00e4sident Putin vor \u00fcber einer Woche zugesagt hat, l\u00e4sst bis heute auf sich warten.&#8220;<\/p>\n<p>    Merz k\u00fcndigt Hilfe beim Raketenbau an<\/p>\n<p class=\"textabsatz m-ten m-offset-one l-eight l-offset-two columns twelve\">\nViertens k\u00fcndigte Merz an, dass Deutschland die milit\u00e4rische Unterst\u00fctzung fortsetzen und ausbauen werde, damit sich die Ukraine weiter gegen die russische Aggression wehren k\u00f6nne. Hierzu sei die Unterzeichnung eines Abkommens \u00fcber die Produktion von weitreichenden Waffen in der Ukraine geplant. Es werde keine Reichweitenbeschr\u00e4nkung mehr geben. &#8222;Die Ukraine kann sich damit vollumf\u00e4nglich verteidigen, auch gegen milit\u00e4rische Ziele au\u00dferhalb des eigenen Staatsgebiets&#8220;, so Merz. Dies sei der Beginn einer neuen Form der milit\u00e4risch-industriellen Zusammenarbeit.<\/p>\n<p class=\"textabsatz m-ten m-offset-one l-eight l-offset-two columns twelve\">\nAbschlie\u00dfend und als f\u00fcnften Punkt res\u00fcmierte der CDU-Politiker: &#8222;Wir wollen, dass die Waffen in der Ukraine schweigen. Wir wollen einen dauerhaften Frieden f\u00fcr die Ukraine, und wir wollen Sicherheit f\u00fcr ganz Europa.&#8220; Um dies zu erreichen, werde man sich in engstm\u00f6glicher Partnerschaft mit den Verb\u00fcndeten abstimmen.<\/p>\n<p>    &#8222;Was m\u00fcssen wir tun, damit das T\u00f6ten aufh\u00f6rt?&#8220;<\/p>\n<p class=\"textabsatz m-ten m-offset-one l-eight l-offset-two columns twelve\">\nSelenskyj hob die Bedeutung des k\u00fcrzlich erfolgten Besuchs von Merz gemeinsam mit den Staats- und Regierungschefs aus Frankreich, Polen und Gro\u00dfbritannien hervor. Ebenso wichtig und detailreich sei das heutige Treffen gewesen. &#8222;Deutschland ist einer der f\u00fchrenden Partner f\u00fcr eine Weltordnung, die auf Frieden basiert&#8220;, so Selenskyj. Regeln m\u00fcssten erhalten bleiben, damit Menschen am Leben blieben.<\/p>\n<p class=\"textabsatz m-ten m-offset-one l-eight l-offset-two columns twelve\">\n&#8222;Seit einer Woche wartet die Welt, dass die Russen die Absichtserkl\u00e4rung endlich abgeben. Was m\u00fcssen wir tun, damit das T\u00f6ten aufh\u00f6rt?&#8220;, fragte Selenskyj. Er betonte, auf Russland m\u00fcsse der st\u00e4rkste Druck, der m\u00f6glich sei, ausge\u00fcbt werden, damit der Kreml seinen Wunsch aufgebe, Menschen zu t\u00f6ten.<\/p>\n<p>    Besuch mitten in neuer &#8222;Taurus&#8220;-Debatte<\/p>\n<p class=\"textabsatz m-ten m-offset-one l-eight l-offset-two columns twelve\">\nSelenskyjs Besuch in Deutschland findet inmitten einer durch Merz neu angefachten Debatte \u00fcber eine Lieferung von &#8222;Taurus&#8220;-Marschflugk\u00f6rpern durch Deutschland an Kiew statt. Merz hatte schon Anfang der Woche mit der Aussage, es gebe &#8222;keinerlei <a href=\"https:\/\/www.tagesschau.de\/ausland\/europa\/deutschland-waffenlieferungen-ukraine-100.html\" title=\"Merz: keine Reichweitenbeschr\u00e4nkung mehr bei Waffen f\u00fcr Ukraine\" rel=\"nofollow noopener\" target=\"_blank\">Reichweitenbeschr\u00e4nkungen<\/a> mehr&#8220; f\u00fcr an die Ukraine gelieferte Waffen, der Diskussion neues Futter gegeben. Der Kanzler verwies in seiner Aussage auf entsprechende Absprachen mit europ\u00e4ischen Verb\u00fcndeten und den USA.<\/p>\n<p class=\"textabsatz m-ten m-offset-one l-eight l-offset-two columns twelve\">\n&#8222;Taurus&#8220;-Marschflugk\u00f6rper k\u00f6nnen mehr als 500 Kilometer weit fliegen. Bereits vor seinem Amtsantritt hatte sich Merz klar f\u00fcr eine &#8222;Taurus&#8220;-Lieferung an die Ukraine ausgesprochen.<\/p>\n<p>    Unklare Lage im Nordosten der Ukraine<\/p>\n<p class=\"textabsatz m-ten m-offset-one l-eight l-offset-two columns twelve\">\nDerweil droht die Ukraine im Kampf gegen den russischen Angriffskrieg noch st\u00e4rker unter Druck zu geraten. Das russische Milit\u00e4r habe im Nordosten der Ukraine etwa 50.000 Soldaten zusammengezogen und bereite offenbar eine neue Offensive vor, hatte Selenskyj zuletzt gewarnt. Dabei \u00e4u\u00dferte er die Vermutung, Russland k\u00f6nne mit einem Vorsto\u00df in Sumy versuchen, eine Pufferzone entlang der Grenze zu schaffen.<\/p>\n<p class=\"textabsatz m-ten m-offset-one l-eight l-offset-two columns twelve\">\nPl\u00e4ne dieser Art hatte k\u00fcrzlich Russlands Pr\u00e4sident Wladimir Putin angedeutet. Gegen\u00fcber der ukrainischen Region Sumy liegt auf russischer Seite der Grenze die Oblast Kursk. Hier hatte die Ukraine im vergangenen August eine Offensive gestartet. Der Kreml behauptet, die Region sei vollst\u00e4ndig zur\u00fcckerobert worden, was die Ukraine bestreitet.<\/p>\n<p class=\"absatzbild__info__text\">\n                        Karte der Ukraine und Russlands, hell schraffiert: von Russland besetzte Gebiete\n                    <\/p>\n","protected":false},"excerpt":{"rendered":"Stand: 28.05.2025 15:19 Uhr Beim Besuch des ukrainischen Pr\u00e4sidenten Selenskyj in Berlin ist auch \u00fcber Waffenlieferungen diskutiert worden.&hellip;\n","protected":false},"author":2,"featured_media":147505,"comment_status":"","ping_status":"","sticky":false,"template":"","format":"standard","meta":{"footnotes":""},"categories":[1825],"tags":[296,29,30,182,116,317],"class_list":{"0":"post-147504","1":"post","2":"type-post","3":"status-publish","4":"format-standard","5":"has-post-thumbnail","7":"category-berlin","8":"tag-berlin","9":"tag-deutschland","10":"tag-germany","11":"tag-merz","12":"tag-selenskyj","13":"tag-ukraine"},"share_on_mastodon":{"url":"https:\/\/pubeurope.com\/@de\/114588164218651018","error":""},"_links":{"self":[{"href":"https:\/\/www.europesays.com\/de\/wp-json\/wp\/v2\/posts\/147504","targetHints":{"allow":["GET"]}}],"collection":[{"href":"https:\/\/www.europesays.com\/de\/wp-json\/wp\/v2\/posts"}],"about":[{"href":"https:\/\/www.europesays.com\/de\/wp-json\/wp\/v2\/types\/post"}],"author":[{"embeddable":true,"href":"https:\/\/www.europesays.com\/de\/wp-json\/wp\/v2\/users\/2"}],"replies":[{"embeddable":true,"href":"https:\/\/www.europesays.com\/de\/wp-json\/wp\/v2\/comments?post=147504"}],"version-history":[{"count":0,"href":"https:\/\/www.europesays.com\/de\/wp-json\/wp\/v2\/posts\/147504\/revisions"}],"wp:featuredmedia":[{"embeddable":true,"href":"https:\/\/www.europesays.com\/de\/wp-json\/wp\/v2\/media\/147505"}],"wp:attachment":[{"href":"https:\/\/www.europesays.com\/de\/wp-json\/wp\/v2\/media?parent=147504"}],"wp:term":[{"taxonomy":"category","embeddable":true,"href":"https:\/\/www.europesays.com\/de\/wp-json\/wp\/v2\/categories?post=147504"},{"taxonomy":"post_tag","embeddable":true,"href":"https:\/\/www.europesays.com\/de\/wp-json\/wp\/v2\/tags?post=147504"}],"curies":[{"name":"wp","href":"https:\/\/api.w.org\/{rel}","templated":true}]}}