{"id":147815,"date":"2025-05-29T02:44:09","date_gmt":"2025-05-29T02:44:09","guid":{"rendered":"https:\/\/www.europesays.com\/de\/147815\/"},"modified":"2025-05-29T02:44:09","modified_gmt":"2025-05-29T02:44:09","slug":"kino-saint-exupery-man-fliegt-nur-mit-dem-herzen-gut","status":"publish","type":"post","link":"https:\/\/www.europesays.com\/de\/147815\/","title":{"rendered":"Kino \u2013 \u201eSaint-Exupery\u201c: Man fliegt nur mit dem Herzen gut"},"content":{"rendered":"<p class=\"is-first-paragraph\" data-external=\"Article.FirstParagraph\">Physiklehrer, Realisten und Menschen, die sich mit der Lebensgeschichte des <a class=\"is-link c-block-items__link c-link--rich-text-renderer\" href=\"https:\/\/www.welt.de\/themen\/antoine-de-saint-exupery\/\" data-internal-tracking-enabled=\"true\" data-internal-tracking=\"{&quot;action&quot;:&quot;click&quot;,&quot;label&quot;:&quot;link&quot;,&quot;name&quot;:&quot;Inline Element&quot;,&quot;data&quot;:{&quot;source&quot;:&quot;&quot;,&quot;target&quot;:&quot;https:\/\/www.welt.de\/themen\/antoine-de-saint-exupery\/&quot;,&quot;trackingName&quot;:&quot;&quot;,&quot;trackingLabel&quot;:&quot;&quot;}}\" rel=\"nofollow noopener\" target=\"_blank\">Antoine de Saint-Exup\u00e9ry<\/a> auskennen, sollten sich vielleicht schon an dieser Stelle  \u00fcberlegen, was sie mit jener feinen Zeit anfangen, die sie sonst mit der Lekt\u00fcre dieses Textes und mit Pablo Ag\u00fceros \u201eSaint-Exup\u00e9ry\u201c verbracht h\u00e4tten. <\/p>\n<p>Das Biopic, das kein Biopic sein, aber \u201eDie Geschichte vor dem kleinen Prinzen\u201c erz\u00e4hlen will, k\u00fcmmert sich ausgesprochen wenig um Schwerkraft, ist eine Legende mit der Logik eines schwebenden Traums. Und es geht so frei mit der Biografie des legend\u00e4ren Fliegers und Schriftstellers um, dass Exup\u00e9risten im Angesicht von Ag\u00fceros siebtem Film ungef\u00e4hr so die Tr\u00e4nen kommen wie Physiklehrern und Realisten.<\/p>\n<p>Wer jetzt noch dabei ist, den nehmen wir mit nach Mendoza. Ag\u00fcero, der franz\u00f6sisch-argentinische Filmemacher, kommt daher. Liegt am Fu\u00df der Anden. Als das Leben noch abenteuerlich war, flog die <a class=\"is-link c-block-items__link c-link--rich-text-renderer\" href=\"https:\/\/www.splitter-verlag.de\/aeropostal-bd-1-henri-guillaumet.html\" data-internal-tracking-enabled=\"true\" data-internal-tracking=\"{&quot;action&quot;:&quot;click&quot;,&quot;label&quot;:&quot;link&quot;,&quot;name&quot;:&quot;Inline Element&quot;,&quot;data&quot;:{&quot;source&quot;:&quot;&quot;,&quot;target&quot;:&quot;https:\/\/www.splitter-verlag.de\/aeropostal-bd-1-henri-guillaumet.html&quot;,&quot;trackingName&quot;:&quot;&quot;,&quot;trackingLabel&quot;:&quot;&quot;}}\" rel=\"nofollow noopener\" target=\"_blank\">Aeropostale <\/a>Briefe von Mendoza durch die Bergketten nach Chile. Mit Flugzeugen, deren Propeller stillstanden, wenn die Piloten versuchten, h\u00f6her als die Gipfel zu fliegen. <\/p>\n<p>Die Post, das war das Ethos des durch die Konkurrenz der viel zuverl\u00e4ssigeren Z\u00fcge von der Pleite bedrohten Briefbringedienstes, war dabei wichtiger als das Leben der Flieger. Ende der Zwanziger war das. <\/p>\n<p>Und Antoine de Saint-Exup\u00e9ry, den sie alle Saint-Ex nennen, war, anders als bei Ag\u00fcero, schon ein einigerma\u00dfen bekannter Schriftsteller auf dem Weg zur Fliegerlegende. Und <a class=\"is-link c-block-items__link c-link--rich-text-renderer\" href=\"https:\/\/www.arte.tv\/de\/videos\/085161-000-A\/das-abenteuer-von-henri-guillaumet\/\" data-internal-tracking-enabled=\"true\" data-internal-tracking=\"{&quot;action&quot;:&quot;click&quot;,&quot;label&quot;:&quot;link&quot;,&quot;name&quot;:&quot;Inline Element&quot;,&quot;data&quot;:{&quot;source&quot;:&quot;&quot;,&quot;target&quot;:&quot;https:\/\/www.arte.tv\/de\/videos\/085161-000-A\/das-abenteuer-von-henri-guillaumet\/&quot;,&quot;trackingName&quot;:&quot;&quot;,&quot;trackingLabel&quot;:&quot;&quot;}}\" rel=\"nofollow noopener\" target=\"_blank\">Henri Guillaumet<\/a>, wiederum anders als bei Ag\u00fcero j\u00fcnger als Saint-Ex, war sowieso Legende und der beste Kumpel von Saint-Ex bei der Aeropostale.<\/p>\n<p>Die Geschichte beginnt am Freitag, dem 13., im Juni des Jahres 1930. Henri Guillaumet st\u00fcrzt auf seiner 92. Anden\u00fcberquerung mit seiner Potez 25 im Schneetreiben ab. Im Nirgendwo am Diamantensee. <\/p>\n<p>Mit beinahe nichts an Equipment schl\u00e4gt sich Guillaumet auf rund 4000 Metern H\u00f6he f\u00fcnf Tage und vier N\u00e4chte durch Eis und Schnee. Eine Heldenleistung. \u201eIch kann Dir sagen\u201c, sagt er Antoine de Saint-Exup\u00e9ry, der ihn schlie\u00dflich in einem Dorf am Ende der Welt aufsammelt, \u201ewas ich getan habe, kein Tier h\u00e4tte es fertiggebracht!\u201c <\/p>\n<p>Saint-Ex ist der erste, der die Welt mit Guillaumets Tat vertraut macht (verfilmt wurde die Geschichte sp\u00e4ter und im Comic nacherz\u00e4hlt). In \u201eWind, Sand und Sterne\u201c, seinem Roman, der auf Franz\u00f6sisch \u201eTerre des Hommes\u201c hei\u00dft, was mehr vom Ethos und der Philosophie des Fliegerautors verr\u00e4t, als der ziemlich bescheuerte klassische deutsche Titel. Aber wir schweifen ab.<\/p>\n<p>Die Geschichte eines reinen Tors<\/p>\n<p>Ag\u00fcero interessiert sich nun recht gar nicht f\u00fcr Guillaumets Fu\u00dfmarsch, den Vincent Cassell, der Guillaumet ist bei Ag\u00fcero, wahrscheinlich prima durchlitten h\u00e4tte, aber nicht durchleiden darf. Weil Ag\u00fcero die Geschichte vom Werden eines Helden aus der Etappe erz\u00e4hlt. <\/p>\n<p>Die Geschichte eines reinen Tors und wie er die Welt sieht und erwachsen wird, den Frieden mit seiner Vergangenheit macht und seine Bestimmung findet. Saint-Ex \u2013 der so richtig gar keine \u00c4hnlichkeit hatte mit Louis Garrel, der ihn spielt \u2013 geht unterst\u00fctzt von Guillaumets Gattin (Diane Kruger) vom St\u00fctzpunkt der Aeropostale in Mendoza aus auf die Suche nach dem abgest\u00fcrzten Kumpel. Sie reden, er fliegt, er schreibt, er zeichnet. <\/p>\n<p>Nachtclub aus dem Nichts<\/p>\n<p>Wundersame Dinge begeben sich. Immer wieder huschen Erinnerungen an den Tod des Bruders von Saint-Ex \u00fcber die Leinwand, der ihn \u2013 die Geschichte stimmt wirklich, aber Saint-Ex war deutlich \u00e4lter als im Film, als sein Bruder starb \u2013 ma\u00dfgeblich gepr\u00e4gt hat. <\/p>\n<p>Ein Nachtclub taucht auf aus dem Nichts. Z\u00fcge ziehen durch die Nacht vorbei wie Sternschnuppen am Boden. Ein M\u00e4dchen, das wei\u00df, wie der Wind sich bewegt, und ihm r\u00e4t, den Flug der Kondor zu beobachten, wenn er \u00fcber die Berge fliegen will, begegnet ihm. Ein Junge mit einem Schaf. Der Weg zu Guillaumet ist der in Sepiafarben getauchte Kreuzweg des gro\u00dfen Fliegers zum kleinen Prinzen. <\/p>\n<p>So teuer wie zwei Minuten Tom Cruise<\/p>\n<p>Und wie Saint-Exup\u00e9rys weltenthobene Aphorismenschokoladenschachtel von 1943, dessen gigantischen Erfolg Saint-Ex gar nicht mehr erlebte, weil er ein Jahr sp\u00e4ter \u00fcber dem Mittelmeer abgeschossen wurde (wie Guillaumet vier Jahre zuvor), gibt sich auch Ag\u00fceros Heiligenlegende \u00e4sthetisch bemerkenswert naiv. <\/p>\n<p>Was durchaus nicht nur der Tatsache geschuldet ist, dass Ag\u00fceros Etat, mit dem er Propellermaschinen zumindest glaubhaft \u00fcber die Anden fliegen und seinen Cast abenteuerliche Stunts machen lassen musste, wahrscheinlich so hoch war wie der von Tom Cruise f\u00fcr zwei Minuten seines Doppeldecker-Wahnsinns im j\u00fcngsten \u201eMission Impossible\u201c-Abenteuer \u00fcber S\u00fcdafrika.<\/p>\n<p>Wer M\u00e4rchen mag und Loblieder auf die M\u00e4nnerfreundschaft und die Menschenliebe und fantastische Bilder und ein wirklich vortreffliches Schauspieltrio, ist in \u201eSaint-Exup\u00e9ry\u201c gut aufgehoben. <\/p>\n<p>Er sollte vielleicht so ungef\u00e4hr f\u00fcnf Minuten vor Schluss das Kino verlassen. Da springt Ag\u00fcero ans Ende des Lebens von Saint-Ex. Und macht \u201eSaint-Exup\u00e9ry\u201c endg\u00fcltig zu einer Art cineastischem Invalidendom. Wird endg\u00fcltig zur Hagiographie und zum Appell gegen den Faschismus. Da ist dann sehr viel Absicht auf der Leinwand. Und ganz viel Entt\u00e4uschung im Saal. <\/p>\n","protected":false},"excerpt":{"rendered":"Physiklehrer, Realisten und Menschen, die sich mit der Lebensgeschichte des Antoine de Saint-Exup\u00e9ry auskennen, sollten sich vielleicht schon&hellip;\n","protected":false},"author":2,"featured_media":147816,"comment_status":"","ping_status":"","sticky":false,"template":"","format":"standard","meta":{"footnotes":""},"categories":[1771],"tags":[53010,53014,53012,1778,29,53016,214,53008,30,95,53015,53011,53009,41741,1777,53013,215,19913],"class_list":{"0":"post-147815","1":"post","2":"type-post","3":"status-publish","4":"format-standard","5":"has-post-thumbnail","7":"category-kino","8":"tag-anden-gebirge","9":"tag-antoine-de","10":"tag-cassel","11":"tag-cinema","12":"tag-deutschland","13":"tag-diane","14":"tag-entertainment","15":"tag-garrel","16":"tag-germany","17":"tag-kino","18":"tag-kruger","19":"tag-literaturgeschichte-ks","20":"tag-louis","21":"tag-luftkrieg","22":"tag-movie","23":"tag-saint-exupery","24":"tag-unterhaltung","25":"tag-vincent"},"share_on_mastodon":{"url":"https:\/\/pubeurope.com\/@de\/114588828592182803","error":""},"_links":{"self":[{"href":"https:\/\/www.europesays.com\/de\/wp-json\/wp\/v2\/posts\/147815","targetHints":{"allow":["GET"]}}],"collection":[{"href":"https:\/\/www.europesays.com\/de\/wp-json\/wp\/v2\/posts"}],"about":[{"href":"https:\/\/www.europesays.com\/de\/wp-json\/wp\/v2\/types\/post"}],"author":[{"embeddable":true,"href":"https:\/\/www.europesays.com\/de\/wp-json\/wp\/v2\/users\/2"}],"replies":[{"embeddable":true,"href":"https:\/\/www.europesays.com\/de\/wp-json\/wp\/v2\/comments?post=147815"}],"version-history":[{"count":0,"href":"https:\/\/www.europesays.com\/de\/wp-json\/wp\/v2\/posts\/147815\/revisions"}],"wp:featuredmedia":[{"embeddable":true,"href":"https:\/\/www.europesays.com\/de\/wp-json\/wp\/v2\/media\/147816"}],"wp:attachment":[{"href":"https:\/\/www.europesays.com\/de\/wp-json\/wp\/v2\/media?parent=147815"}],"wp:term":[{"taxonomy":"category","embeddable":true,"href":"https:\/\/www.europesays.com\/de\/wp-json\/wp\/v2\/categories?post=147815"},{"taxonomy":"post_tag","embeddable":true,"href":"https:\/\/www.europesays.com\/de\/wp-json\/wp\/v2\/tags?post=147815"}],"curies":[{"name":"wp","href":"https:\/\/api.w.org\/{rel}","templated":true}]}}