{"id":147821,"date":"2025-05-29T02:47:11","date_gmt":"2025-05-29T02:47:11","guid":{"rendered":"https:\/\/www.europesays.com\/de\/147821\/"},"modified":"2025-05-29T02:47:11","modified_gmt":"2025-05-29T02:47:11","slug":"johannes-oerding-spricht-erstmals-ueber-seine-neue-liebe","status":"publish","type":"post","link":"https:\/\/www.europesays.com\/de\/147821\/","title":{"rendered":"Johannes Oerding spricht erstmals \u00fcber seine neue Liebe"},"content":{"rendered":"<p>Sie ist die Ex eines ber\u00fchmten S\u00e4ngers <\/p>\n<p>Johannes Oerding spricht erstmals \u00fcber neue Liebe<\/p>\n<p>28.05.2025 &#8211; 19:43 UhrLesedauer: 2 Min.<\/p>\n<p><a href=\"#focus-0\" class=\"transition-colors duration-200 focus-within:text-magenta block text-current relative\" data-sctrack=\"FocusGalleryImage.Reference\"><img fetchpriority=\"high\" data-testid=\"Opener.Image\" style=\"--lqipURL:url('https:\/\/images.t-online.de\/2025\/05\/XxN2fUDoNd7P\/738x86:2843x1599\/fit-in\/150x0\/filters:blur(25)\/johannes-oerding-der-saenger-ist-wieder-verliebt.jpg')\"   loading=\"eager\" src=\"https:\/\/www.europesays.com\/de\/wp-content\/uploads\/2025\/05\/johannes-oerding-der-saenger-ist-wieder-verliebt.jpg\" alt=\"Johannes Oerding: Der S\u00e4nger ist wieder verliebt.\" title=\"Johannes Oerding: Der S\u00e4nger ist wieder verliebt.\" width=\"2843\" height=\"1599\" class=\"bg-[url:var(--lqipURL)] bg-cover bg-center flex w-full max-w-full h-full\" decoding=\"async\"\/><img style=\"--width:32;--height:32\" loading=\"lazy\" src=\"https:\/\/www.europesays.com\/de\/wp-content\/uploads\/2025\/05\/zoom-in.f7dae02f.svg.svg+xml\" alt=\"Vergr\u00f6\u00dfern des Bildes\" title=\"Vergr\u00f6\u00dfern des Bildes\" class=\"&#10;        block&#10;        h-[calc(var(--height)_\/_16_*_1rem)]&#10;        w-[calc(var(--width)_\/_16_*_1rem)]&#10;        max-w-none&#10;        absolute bottom-8 right-8 rounded-4 bg-snow p-8\" decoding=\"async\"\/><\/a><\/p>\n<p>Johannes Oerding: Der S\u00e4nger ist wieder verliebt. (Quelle: IMAGO \/ Future Image)<\/p>\n<p class=\"font-bold text-18 leading-17\">Zw\u00f6lf Jahre lang war Johannes Oerding mit Ina M\u00fcller zusammen. Mittlerweile hat er eine neue Freundin, mit der er jetzt auf Weltreise war.<\/p>\n<p class=\"text-18 leading-17\">Seine Beziehung zu S\u00e4ngerin <a class=\"transition-colors duration-200 cursor-pointer text-inherit no-underline text-salemsfur md:hover:text-magenta md:hover:border-magenta md:focus:text-magenta border-current border-b border-solid break-words\" href=\"https:\/\/www.t-online.de\/themen\/ina-mueller\/\" data-sctrack=\"BodyAnchor\" target=\"_blank\" rel=\"noopener\">Ina M\u00fcller<\/a> hielt Johannes Oerding gr\u00f6\u00dftenteils privat. Auch \u00fcber seine neue Partnerin ist nicht viel bekannt. Doch jetzt spricht der 43-J\u00e4hrige erstmals \u00fcber die noch junge Beziehung.<\/p>\n<p class=\"text-18 leading-17\">Nach seiner Teilnahme am Vox-Format &#8222;Sing meinen Song&#8220; g\u00f6nnte sich Oerding eine Pause, um eine Weltreise zu machen. Die machte er aber nicht allein, sondern an der Seite seiner neuen Partnerin Yvonne G.. In einem RTL-Interview sagte er \u00fcber die gemeinsame Reise: &#8222;Wenn du auf engstem Raum auf vier Quadratmeter und vier Reifen viele, viele Wochen unterwegs bist, dann und da lebend herauskommst, dann hast du auf jeden Fall einen guten Job gemacht.&#8220;<\/p>\n<p class=\"text-18 leading-17\">Auf die Frage, ob ihre Liebe in der gemeinsamen Zeit noch gewachsen sei, sagte er: &#8222;Ich habe immer so viel Liebe in mir, also das h\u00f6rt nicht auf zu wachsen.&#8220; Yvonne G. lernte Oerding durch die Arbeit kennen. Die Anfang 30-J\u00e4hrige war Social-Media-Managerin im Team des S\u00e4ngers. Au\u00dferdem war sie mit einem guten Freund von Oerding zusammen. Bis 2017 liebte sie den S\u00e4nger Wincent Wei\u00df.<\/p>\n<p class=\"text-18 leading-17\">Schon 2024 wurde bekannt, dass es eine neue Frau im Leben des &#8222;An guten Tagen&#8220;-Interpreten gibt. Nachdem er im Januar den Tod seines Vaters Hanns-Udo Oerding betrauern musste, stand ihm Yvonne G. zur Seite.<\/p>\n<p class=\"text-18 leading-17\">Auch Ina M\u00fcller lernte Oerding \u00fcbrigens im beruflichen Umfeld kennen. 2009 trat er in ihrer Sendung &#8222;Inas Nacht&#8220; auf. Die beiden verliebten sich ineinander. \u00dcber ihre Beziehung war wenig bekannt. <a class=\"transition-colors duration-200 cursor-pointer text-inherit no-underline text-salemsfur md:hover:text-magenta md:hover:border-magenta md:focus:text-magenta border-current border-b border-solid break-words\" href=\"https:\/\/www.t-online.de\/unterhaltung\/musik\/id_88960122\/ina-mueller-ueber-aengste-wuerde-gerne-glauben-dass-nach-dem-tod-noch-etwas-kommt-.html\" data-sctrack=\"BodyAnchor\" target=\"_blank\" rel=\"noopener\">Im t-online-Interview<\/a> sprach M\u00fcller 2020 \u00fcber ihre Liebe zu Oerding. Die beiden zogen trotz langer Beziehung nie zusammen, sondern lebten in getrennten Wohnungen. &#8222;Ich habe schon vor vielen Jahren festgestellt, dass es der Liebe guttut, wenn jeder seine eigene Wohnung beh\u00e4lt&#8220;, sagte sie damals. &#8222;Und das am besten in der gleichen Stadt. Das ist einfach die entspannteste Art zu leben.&#8220;<\/p>\n","protected":false},"excerpt":{"rendered":"Sie ist die Ex eines ber\u00fchmten S\u00e4ngers Johannes Oerding spricht erstmals \u00fcber neue Liebe 28.05.2025 &#8211; 19:43 UhrLesedauer:&hellip;\n","protected":false},"author":2,"featured_media":147822,"comment_status":"","ping_status":"","sticky":false,"template":"","format":"standard","meta":{"footnotes":""},"categories":[155],"tags":[29,214,30,52013,25220,9506,640,25256,215,38073,37047,53017],"class_list":{"0":"post-147821","1":"post","2":"type-post","3":"status-publish","4":"format-standard","5":"has-post-thumbnail","7":"category-unterhaltung","8":"tag-deutschland","9":"tag-entertainment","10":"tag-germany","11":"tag-ina-mueller","12":"tag-johannes-oerding","13":"tag-reifen","14":"tag-rtl","15":"tag-sing-meinen-song","16":"tag-unterhaltung","17":"tag-weltreise","18":"tag-wincent-weiss","19":"tag-yvonne-g"},"share_on_mastodon":{"url":"https:\/\/pubeurope.com\/@de\/114588840427245276","error":""},"_links":{"self":[{"href":"https:\/\/www.europesays.com\/de\/wp-json\/wp\/v2\/posts\/147821","targetHints":{"allow":["GET"]}}],"collection":[{"href":"https:\/\/www.europesays.com\/de\/wp-json\/wp\/v2\/posts"}],"about":[{"href":"https:\/\/www.europesays.com\/de\/wp-json\/wp\/v2\/types\/post"}],"author":[{"embeddable":true,"href":"https:\/\/www.europesays.com\/de\/wp-json\/wp\/v2\/users\/2"}],"replies":[{"embeddable":true,"href":"https:\/\/www.europesays.com\/de\/wp-json\/wp\/v2\/comments?post=147821"}],"version-history":[{"count":0,"href":"https:\/\/www.europesays.com\/de\/wp-json\/wp\/v2\/posts\/147821\/revisions"}],"wp:featuredmedia":[{"embeddable":true,"href":"https:\/\/www.europesays.com\/de\/wp-json\/wp\/v2\/media\/147822"}],"wp:attachment":[{"href":"https:\/\/www.europesays.com\/de\/wp-json\/wp\/v2\/media?parent=147821"}],"wp:term":[{"taxonomy":"category","embeddable":true,"href":"https:\/\/www.europesays.com\/de\/wp-json\/wp\/v2\/categories?post=147821"},{"taxonomy":"post_tag","embeddable":true,"href":"https:\/\/www.europesays.com\/de\/wp-json\/wp\/v2\/tags?post=147821"}],"curies":[{"name":"wp","href":"https:\/\/api.w.org\/{rel}","templated":true}]}}