{"id":147959,"date":"2025-05-29T04:03:17","date_gmt":"2025-05-29T04:03:17","guid":{"rendered":"https:\/\/www.europesays.com\/de\/147959\/"},"modified":"2025-05-29T04:03:17","modified_gmt":"2025-05-29T04:03:17","slug":"zehn-jahre-my105-dj-radio-feiert-jubilaeum","status":"publish","type":"post","link":"https:\/\/www.europesays.com\/de\/147959\/","title":{"rendered":"Zehn Jahre my105: DJ Radio feiert Jubil\u00e4um"},"content":{"rendered":"<p><strong>Die Schweizer Audio-Plattform my105 feiert ihr zehnj\u00e4hriges Bestehen. Gegr\u00fcndet wurde sie 2015 von Giuseppe Scaglione und Paola Libera Scaglione als reine Digitalplattform ohne UKW. Seither hat sich my105 nach eigenen Angaben zu einer der innovativsten Audio-Plattformen der Schweiz entwickelt.<\/strong><\/p>\n<p><a href=\"https:\/\/www.radioszene.de\/wp-content\/uploads\/2025\/05\/10Jahre-my105-fb.png\" rel=\"nofollow noopener\" target=\"_blank\"><img fetchpriority=\"high\" decoding=\"async\" class=\"aligncenter size-large wp-image-203115\" src=\"https:\/\/www.europesays.com\/de\/wp-content\/uploads\/2025\/05\/10Jahre-my105-fb-750x394.png\" alt=\"my105 DJ Radio wird 10 Jahre alt \u2013 und bleibt j\u00fcnger denn je&#10;Wie aus einer digitalen Vision die innovativste&#10;Audio-App der Schweiz wurde\" width=\"750\" height=\"394\" title=\"Zehn Jahre my105: DJ Radio feiert Jubil\u00e4um\"  \/><\/a><\/p>\n<p>Monatlich nutzen Hunderttausende das Angebot \u2013 \u00fcber App, Web, Smart Devices und Drittplattformen hinweg. Insgesamt werden dabei \u00fcber sechs Millionen Streams pro Monat gestartet, mit einer durchschnittlichen H\u00f6rdauer von \u00fcber 70 Minuten.<\/p>\n<p>Was einst als \u201emutiger Gegenentwurf zum klassischen Radio\u201c begann, sei heute \u201eeine eigenst\u00e4ndige Erlebniswelt f\u00fcr Musikfans\u201c. Im Mittelpunkt stehe nicht mehr die Frequenz, sondern die User Experience: \u201eintuitiv, interaktiv, mobil \u2013 und konsequent digital\u201c.<\/p>\n<p>Ein Meilenstein in der Entwicklung war der umfassende App-Relaunch im vergangenen Jahr. Dieser verdeutlicht nach Aussage der Plattform: \u201emy105 ist nicht einfach \u201aRadio\u2018 \u2013 es ist eine neue Art zuzuh\u00f6ren.\u201c Die App bietet unter anderem interaktive Playlists mit Skip-Funktion sowie eine \u201eMixer\u201c-Funktion, mit der Nutzer mehrere Streams zu ihrer pers\u00f6nlichen Playlist kombinieren k\u00f6nnen. Zus\u00e4tzlich stehen \u00fcber 40 kuratierte Channels zur Verf\u00fcgung, die laufend von DJs und Musikexperten weiterentwickelt werden.<\/p>\n<p>my105 versteht sich als t\u00e4glicher Begleiter \u2013 ob beim Arbeiten, Trainieren, Entspannen oder Feiern. Formate wie <strong>\u201emy105 Mashup\u201c<\/strong>, <strong>\u201eIbiza Classics\u201c<\/strong>, <strong>\u201eAfro House\u201c<\/strong> oder <strong>\u201eToday\u2019s Best Music\u201c<\/strong> sollen dabei Vielfalt und emotionale Verbindung schaffen.<\/p>\n<p>Zudem zeigt die Plattform, wie Marken \u00fcber Audio inszeniert werden k\u00f6nnen: Etwa mit dem \u201eDQ Radio\u201c (in Kooperation mit dem Apple-Premium-Reseller DQ Solutions) oder dem \u201e<strong>ESC Radio<\/strong>\u201c (in Zusammenarbeit mit Helvetia, nationale Partnerin des ESC 2025 in Basel).<\/p>\n<p>Ein besonderes Vertrauenszeichen sieht my105 in der exklusiven Verbreitung des \u201e<strong>Tomorrowland One World Radio<\/strong>\u201c in der Schweiz seit 2022. Das weltbekannte Festival \u00fcbertr\u00e4gt sein globales Programm hierzulande ausschlie\u00dflich \u00fcber die Plattform \u2013 ein \u201eklarer Beweis f\u00fcr die wachsende Relevanz der Plattform im internationalen Musik-\u00d6kosystem\u201c.<\/p>\n<p>Trotz zunehmendem Wettbewerb durch Social Media habe sich my105 als nachhaltige und vertiefende Alternative behaupten k\u00f6nnen \u2013 mit Inhalten, die \u201el\u00e4nger fesseln als ein fl\u00fcchtiger Swipe\u201c. Die hohe durchschnittliche H\u00f6rdauer unterstreiche die starke Bindung der Community.<\/p>\n<p><a href=\"https:\/\/www.radioszene.de\/wp-content\/uploads\/2022\/11\/Giuseppe-Scaglione-rund.png\" rel=\"nofollow noopener\" target=\"_blank\"><img loading=\"lazy\" decoding=\"async\" class=\"alignright wp-image-169235\" src=\"https:\/\/www.europesays.com\/de\/wp-content\/uploads\/2025\/05\/Giuseppe-Scaglione-rund-260x260.png\" alt=\"Giuseppe Scaglione rund\" width=\"200\" height=\"200\" title=\"Zehn Jahre my105: DJ Radio feiert Jubil\u00e4um\"  \/><\/a>Mitgr\u00fcnder <strong>Giuseppe Scaglione<\/strong> fasst zusammen: \u201eZehn Jahre sind f\u00fcr uns nicht nur ein Meilenstein \u2013 sie sind ein Statement. Wir haben Radio neu gedacht.\u201c<\/p>\n<p>Das Jubil\u00e4um markiere nicht nur einen technologischen Entwicklungsschritt, sondern stehe auch f\u00fcr die langj\u00e4hrige Unterst\u00fctzung durch die Community, das Vertrauen von Kunden und Partnern sowie das Engagement eines kleinen, leidenschaftlichen Teams.<\/p>\n<p><a href=\"https:\/\/www.my105.ch\" target=\"_blank\" rel=\"noopener nofollow\">Weiterf\u00fchrende Informationen<\/a><\/p>\n<p>\t\t\t\t\t<a href=\"https:\/\/www.radioszene.de\/tag\/giuseppe-scaglione\" rel=\"tag nofollow noopener\" target=\"_blank\">Giuseppe Scaglione<\/a><a href=\"https:\/\/www.radioszene.de\/tag\/jubilaum\" rel=\"tag nofollow noopener\" target=\"_blank\">Jubil\u00e4um<\/a><a href=\"https:\/\/www.radioszene.de\/tag\/my105\" rel=\"tag nofollow noopener\" target=\"_blank\">my105<\/a><br \/>\n\t\t\t<a data-no-instant=\"1\" href=\"https:\/\/tickets.medientage.de\/c\/l7hkdz4k\" rel=\"noopener nofollow sponsored\" class=\"a2t-link\" target=\"_blank\" aria-label=\"LOKALRUNDFUNKTAGE 2025 LRFT-Contentbanner Plus-1456\u00d7280\"><img loading=\"lazy\" decoding=\"async\" src=\"https:\/\/www.europesays.com\/de\/wp-content\/uploads\/2025\/05\/LOKALRUNDFUNKTAGE-2025-LRFT-Contentbanner-Plus-1456x280-1.gif\" alt=\"\" width=\"728\" height=\"140\"\/><\/a><\/p>\n","protected":false},"excerpt":{"rendered":"Die Schweizer Audio-Plattform my105 feiert ihr zehnj\u00e4hriges Bestehen. Gegr\u00fcndet wurde sie 2015 von Giuseppe Scaglione und Paola Libera&hellip;\n","protected":false},"author":2,"featured_media":147960,"comment_status":"","ping_status":"","sticky":false,"template":"","format":"standard","meta":{"footnotes":""},"categories":[1772],"tags":[29,214,30,1779,810,215],"class_list":{"0":"post-147959","1":"post","2":"type-post","3":"status-publish","4":"format-standard","5":"has-post-thumbnail","7":"category-musik","8":"tag-deutschland","9":"tag-entertainment","10":"tag-germany","11":"tag-music","12":"tag-musik","13":"tag-unterhaltung"},"share_on_mastodon":{"url":"https:\/\/pubeurope.com\/@de\/114589139484703070","error":""},"_links":{"self":[{"href":"https:\/\/www.europesays.com\/de\/wp-json\/wp\/v2\/posts\/147959","targetHints":{"allow":["GET"]}}],"collection":[{"href":"https:\/\/www.europesays.com\/de\/wp-json\/wp\/v2\/posts"}],"about":[{"href":"https:\/\/www.europesays.com\/de\/wp-json\/wp\/v2\/types\/post"}],"author":[{"embeddable":true,"href":"https:\/\/www.europesays.com\/de\/wp-json\/wp\/v2\/users\/2"}],"replies":[{"embeddable":true,"href":"https:\/\/www.europesays.com\/de\/wp-json\/wp\/v2\/comments?post=147959"}],"version-history":[{"count":0,"href":"https:\/\/www.europesays.com\/de\/wp-json\/wp\/v2\/posts\/147959\/revisions"}],"wp:featuredmedia":[{"embeddable":true,"href":"https:\/\/www.europesays.com\/de\/wp-json\/wp\/v2\/media\/147960"}],"wp:attachment":[{"href":"https:\/\/www.europesays.com\/de\/wp-json\/wp\/v2\/media?parent=147959"}],"wp:term":[{"taxonomy":"category","embeddable":true,"href":"https:\/\/www.europesays.com\/de\/wp-json\/wp\/v2\/categories?post=147959"},{"taxonomy":"post_tag","embeddable":true,"href":"https:\/\/www.europesays.com\/de\/wp-json\/wp\/v2\/tags?post=147959"}],"curies":[{"name":"wp","href":"https:\/\/api.w.org\/{rel}","templated":true}]}}