{"id":148315,"date":"2025-05-29T07:27:08","date_gmt":"2025-05-29T07:27:08","guid":{"rendered":"https:\/\/www.europesays.com\/de\/148315\/"},"modified":"2025-05-29T07:27:08","modified_gmt":"2025-05-29T07:27:08","slug":"wie-ein-duisburger-vereinschef-spendengelder-veruntreute","status":"publish","type":"post","link":"https:\/\/www.europesays.com\/de\/148315\/","title":{"rendered":"Wie ein Duisburger Vereinschef Spendengelder veruntreute"},"content":{"rendered":"<p class=\"richtext text-em-55 !leading-serif mx-6 desktop:mx-0\">Ein gemeinn\u00fctziger Verein, der einst Hoffnung und Hilfe versprach, doch hinter den Kulissen brodelte ein Skandal: der Vorsitzende des Duisburger ZOF e.V. veruntreute systematisch Spendengelder und lebte in Saus und Braus. Luxusreisen und verschwenderische Ausgaben wurden als Vereinsaufwendungen kaschiert. Doch dann bricht die Fassade, wiederkehrende Unregelm\u00e4\u00dfigkeiten in den Finanzen f\u00fchren zur Aufdeckung.<\/p>\n","protected":false},"excerpt":{"rendered":"Ein gemeinn\u00fctziger Verein, der einst Hoffnung und Hilfe versprach, doch hinter den Kulissen brodelte ein Skandal: der Vorsitzende&hellip;\n","protected":false},"author":2,"featured_media":7193,"comment_status":"","ping_status":"","sticky":false,"template":"","format":"standard","meta":{"footnotes":"","_share_on_mastodon":"0"},"categories":[1838],"tags":[5978,3364,29,3715,30,53137,5982,1209,2043,3630,17547,34058,5977,53138],"class_list":["post-148315","post","type-post","status-publish","format-standard","has-post-thumbnail","category-duisburg","tag-blank","tag-de","tag-deutschland","tag-duisburg","tag-germany","tag-hinreichend","tag-infos","tag-nordrhein-westfalen","tag-podcast","tag-podcasts","tag-post","tag-rheinische","tag-rheinpegel","tag-verdaechtig"],"share_on_mastodon":{"url":"https:\/\/pubeurope.com\/@de\/114589941346287814","error":""},"_links":{"self":[{"href":"https:\/\/www.europesays.com\/de\/wp-json\/wp\/v2\/posts\/148315","targetHints":{"allow":["GET"]}}],"collection":[{"href":"https:\/\/www.europesays.com\/de\/wp-json\/wp\/v2\/posts"}],"about":[{"href":"https:\/\/www.europesays.com\/de\/wp-json\/wp\/v2\/types\/post"}],"author":[{"embeddable":true,"href":"https:\/\/www.europesays.com\/de\/wp-json\/wp\/v2\/users\/2"}],"replies":[{"embeddable":true,"href":"https:\/\/www.europesays.com\/de\/wp-json\/wp\/v2\/comments?post=148315"}],"version-history":[{"count":0,"href":"https:\/\/www.europesays.com\/de\/wp-json\/wp\/v2\/posts\/148315\/revisions"}],"wp:featuredmedia":[{"embeddable":true,"href":"https:\/\/www.europesays.com\/de\/wp-json\/wp\/v2\/media\/7193"}],"wp:attachment":[{"href":"https:\/\/www.europesays.com\/de\/wp-json\/wp\/v2\/media?parent=148315"}],"wp:term":[{"taxonomy":"category","embeddable":true,"href":"https:\/\/www.europesays.com\/de\/wp-json\/wp\/v2\/categories?post=148315"},{"taxonomy":"post_tag","embeddable":true,"href":"https:\/\/www.europesays.com\/de\/wp-json\/wp\/v2\/tags?post=148315"}],"curies":[{"name":"wp","href":"https:\/\/api.w.org\/{rel}","templated":true}]}}