{"id":148348,"date":"2025-05-29T07:46:11","date_gmt":"2025-05-29T07:46:11","guid":{"rendered":"https:\/\/www.europesays.com\/de\/148348\/"},"modified":"2025-05-29T07:46:11","modified_gmt":"2025-05-29T07:46:11","slug":"real-madrid-soll-sich-mit-angelo-stiller-einig-sein","status":"publish","type":"post","link":"https:\/\/www.europesays.com\/de\/148348\/","title":{"rendered":"Real Madrid soll sich mit Angelo Stiller einig sein"},"content":{"rendered":"<p>    <img decoding=\"async\" class=\"lazy newsimage\" src=\"https:\/\/www.europesays.com\/de\/wp-content\/uploads\/2025\/05\/getty-angelo-stiller-250529084227.jpg\" loading=\"lazy\" alt=\"Real Madrid soll sich mit Angelo Stiller einig sein\" title=\"Real Madrid soll sich mit Angelo Stiller einig sein\"\/><\/p>\n<p>\n    Real Madrid soll sich mit Angelo Stiller einig sein \u00a9 Alex Grimm \/  Getty Images<\/p>\n<p>    Die Spur von Real Madrid zu Angelo Stiller schien zuletzt nicht sehr konkret. Jetzt scheint klar: Die Blancos wollen den Starspieler des VfB Stuttgart unbedingt verpflichten.<img loading=\"lazy\" decoding=\"async\" src=\"https:\/\/www.europesays.com\/de\/wp-content\/uploads\/2025\/05\/192ed021e4eb448084d15970b75bc1b0.gif\" width=\"1\" height=\"1\" alt=\"VG Wort Z\u00e4hlpixel\"\/> <\/p>\n<p>Der VfB Stuttgart und alle, die es mit dem frischgebackenen DFB-Pokalsieger halten, stehen ob dieser medialen Hiobsbotschaft wohl zun\u00e4chst unter Schock: Nach Informationen des Journalisten <a href=\"https:\/\/x.com\/NicoSchira\/status\/1927698852326351127\">Nicolo Schira<\/a> haben sich Real und Angelo Stiller grunds\u00e4tzlich auf einen Vertrag bis 2030 geeinigt.<\/p>\n<p>Die Blancos w\u00fcrden nun daran arbeiten, eine L\u00f6sung mit dem VfB zu erzielen. Die Gespr\u00e4che laufen. In der Regel d\u00fcrften sich diese nicht so einfach gestalten, denn Stuttgart sollte grunds\u00e4tzlich keine Ambitionen haben, Stiller abzugeben.<\/p>\n<p>Der 24-J\u00e4hrige ist noch bis 2028 an den Brustring-Klub gebunden, verf\u00fcgt in seinem Vertragswerk allerdings \u00fcber eine Ausstiegsklausel, die sich auf kolportierte 36,5 Millionen Euro belaufen, aber erst ab Sommer 2026 g\u00fcltig sein soll.<\/p>\n<p><img decoding=\"async\" class=\"newsimage2\" src=\"https:\/\/www.europesays.com\/de\/wp-content\/uploads\/2025\/05\/angelo-stiller-2021-2.jpg\" loading=\"lazy\" alt=\"Angelo Stiller verf\u00fcgt beim VfB Stuttgart \u00fcber eine Ausstiegsklausel \" title=\"Angelo Stiller verf\u00fcgt beim VfB Stuttgart \u00fcber eine Ausstiegsklausel \"\/><\/p>\n<p>\nAngelo Stiller verf\u00fcgt beim VfB Stuttgart \u00fcber eine Ausstiegsklausel  \u00a9 cristiano barni \/ Shutterstock.com<\/p>\n<p>Hei\u00dft: Die Stiller-Abl\u00f6se ist in diesem Sommer frei verhandelbar. Das macht es f\u00fcr <a href=\"https:\/\/www.fussballeuropa.com\/news\/transfer-hammer-um-bundesliga-star-real-madrid-fasst-kroos-nachfolger-ins-visier-2025-05\" target=\"_blank\" rel=\"noopener\">Real, das schon l\u00e4nger Interesse nachgesagt wird<\/a>, nicht einfach. Immerhin ist Stiller beim VfB das Herzst\u00fcck. Zudem besteht von Vereinsseite die M\u00f6glichkeit, dem deutschen Nationalspieler die Klausel f\u00fcr eine Summe von vier Millionen Euro abkaufen zu k\u00f6nnen.<\/p>\n<p>Angelo Stiller k\u00f6nnte den VfB Stuttgart verlassen<\/p>\n<p><a href=\"https:\/\/www.fussballeuropa.com\/news\/vfb-stuttgart-topklub-aus-der-premier-league-heis-auf-angelo-stiller-2025-01\" target=\"_blank\" rel=\"noopener\">Mit Liverpool soll sich zudem ein Topklub aus der Premier League mit Stiller befassen<\/a>, der vom VfB f\u00fcr das kommende Wechselfenster eine Art Preisschild bekommen haben soll. Berichten zufolge ist der Bundesligist prinzipiell bereit, Stiller f\u00fcr rund 60 Millionen Euro zu verkaufen.<\/p>\n<p>Der spanische Rekordmeister sucht nach dem Weggang von Luka Modric nach Alternativen im Mittelfeld. Obwohl Nico Paz f\u00fcr die Klub-WM in den Kader der ersten Mannschaft zur\u00fcckkehren wird, w\u00fcnscht sich der neue Trainer Xabi Alonso einen reiferen Spieler.<\/p>\n<p>Quelle:  Nicolo Schira<\/p>\n","protected":false},"excerpt":{"rendered":"Real Madrid soll sich mit Angelo Stiller einig sein \u00a9 Alex Grimm \/ Getty Images Die Spur von&hellip;\n","protected":false},"author":2,"featured_media":148349,"comment_status":"","ping_status":"","sticky":false,"template":"","format":"standard","meta":{"footnotes":""},"categories":[1830],"tags":[3570,1634,299,3364,29,30,29054,3349,1441,2915],"class_list":{"0":"post-148348","1":"post","2":"type-post","3":"status-publish","4":"format-standard","5":"has-post-thumbnail","7":"category-stuttgart","8":"tag-angelo-stiller","9":"tag-baden-wuerttemberg","10":"tag-bundesliga","11":"tag-de","12":"tag-deutschland","13":"tag-germany","14":"tag-primera-division","15":"tag-real-madrid","16":"tag-stuttgart","17":"tag-vfb-stuttgart"},"share_on_mastodon":{"url":"https:\/\/pubeurope.com\/@de\/114590016067232927","error":""},"_links":{"self":[{"href":"https:\/\/www.europesays.com\/de\/wp-json\/wp\/v2\/posts\/148348","targetHints":{"allow":["GET"]}}],"collection":[{"href":"https:\/\/www.europesays.com\/de\/wp-json\/wp\/v2\/posts"}],"about":[{"href":"https:\/\/www.europesays.com\/de\/wp-json\/wp\/v2\/types\/post"}],"author":[{"embeddable":true,"href":"https:\/\/www.europesays.com\/de\/wp-json\/wp\/v2\/users\/2"}],"replies":[{"embeddable":true,"href":"https:\/\/www.europesays.com\/de\/wp-json\/wp\/v2\/comments?post=148348"}],"version-history":[{"count":0,"href":"https:\/\/www.europesays.com\/de\/wp-json\/wp\/v2\/posts\/148348\/revisions"}],"wp:featuredmedia":[{"embeddable":true,"href":"https:\/\/www.europesays.com\/de\/wp-json\/wp\/v2\/media\/148349"}],"wp:attachment":[{"href":"https:\/\/www.europesays.com\/de\/wp-json\/wp\/v2\/media?parent=148348"}],"wp:term":[{"taxonomy":"category","embeddable":true,"href":"https:\/\/www.europesays.com\/de\/wp-json\/wp\/v2\/categories?post=148348"},{"taxonomy":"post_tag","embeddable":true,"href":"https:\/\/www.europesays.com\/de\/wp-json\/wp\/v2\/tags?post=148348"}],"curies":[{"name":"wp","href":"https:\/\/api.w.org\/{rel}","templated":true}]}}