{"id":148631,"date":"2025-05-29T10:21:12","date_gmt":"2025-05-29T10:21:12","guid":{"rendered":"https:\/\/www.europesays.com\/de\/148631\/"},"modified":"2025-05-29T10:21:12","modified_gmt":"2025-05-29T10:21:12","slug":"beim-bvb-bahnt-sich-offenbar-ein-machtkampf-an","status":"publish","type":"post","link":"https:\/\/www.europesays.com\/de\/148631\/","title":{"rendered":"Beim BVB bahnt sich offenbar ein Machtkampf an"},"content":{"rendered":"<p>Es geht um Hans-Joachim Watzke <\/p>\n<p>Beim BVB bahnt sich offenbar ein Machtkampf an<\/p>\n<p>29.05.2025 &#8211; 12:19 UhrLesedauer: 1 Min.<\/p>\n<p><a href=\"#focus-0\" class=\"transition-colors duration-200 focus-within:text-magenta block text-current relative\" data-sctrack=\"FocusGalleryImage.Reference\"><img fetchpriority=\"high\" data-testid=\"Opener.Image\" style=\"--lqipURL:url('https:\/\/images.t-online.de\/2025\/05\/nD-uVlVH9A78\/326x260:2843x1599\/fit-in\/150x0\/filters:blur(25)\/hans-joachim-watzke-der-vorsitzende-der-geschaeftsfuehrung-wollte-eigentlich-praesident-werden.jpg')\"   loading=\"eager\" src=\"https:\/\/www.europesays.com\/de\/wp-content\/uploads\/2025\/05\/hans-joachim-watzke-der-vorsitzende-der-geschaeftsfuehrung-wollte-eigentlich-praesident-werden.jpg\" alt=\"Hans-Joachim Watzke: Der Vorsitzende der Gesch\u00e4ftsf\u00fchrung wollte eigentlich Pr\u00e4sident werden.\" title=\"Hans-Joachim Watzke: Der Vorsitzende der Gesch\u00e4ftsf\u00fchrung wollte eigentlich Pr\u00e4sident werden.\" width=\"2843\" height=\"1599\" class=\"bg-[url:var(--lqipURL)] bg-cover bg-center flex w-full max-w-full h-full\" decoding=\"async\"\/><img style=\"--width:32;--height:32\" loading=\"lazy\" src=\"https:\/\/www.europesays.com\/de\/wp-content\/uploads\/2025\/05\/zoom-in.f7dae02f.svg.svg+xml\" alt=\"Vergr\u00f6\u00dfern des Bildes\" title=\"Vergr\u00f6\u00dfern des Bildes\" class=\"&#10;        block&#10;        h-[calc(var(--height)_\/_16_*_1rem)]&#10;        w-[calc(var(--width)_\/_16_*_1rem)]&#10;        max-w-none&#10;        absolute bottom-8 right-8 rounded-4 bg-snow p-8\" decoding=\"async\"\/><\/a><\/p>\n<p>Hans-Joachim Watzke: Der Vorsitzende der Gesch\u00e4ftsf\u00fchrung wollte eigentlich Pr\u00e4sident werden. (Quelle: IMAGO\/RHR-FOTO)<\/p>\n<p class=\"font-bold text-18 leading-17\">Ein angeblich geplatztes Versprechen, ein Schattenkabinett, viel Unruhe im Klub: Dem BVB droht ein F\u00fchrungskonflikt mit ungewissem Ausgang.<\/p>\n<p class=\"text-18 leading-17\">Hinter den Kulissen von <a class=\"transition-colors duration-200 cursor-pointer text-inherit no-underline text-salemsfur md:hover:text-magenta md:hover:border-magenta md:focus:text-magenta border-current border-b border-solid break-words\" href=\"https:\/\/www.t-online.de\/themen\/borussia-dortmund\/\" data-sctrack=\"BodyAnchor\" target=\"_blank\" rel=\"noopener\">Borussia Dortmund<\/a> bahnt sich laut einem Bericht der &#8222;Bild&#8220; ein Machtkampf an. Denn Pr\u00e4sident Reinhold Lunow stellt sich erneut zur Wahl auf \u2013 und agiere demnach entgegen fr\u00fcherer Absprachen.<\/p>\n<p class=\"text-18 leading-17\">Eigentlich sollte Watzke nach seinem geplanten Abschied aus der Gesch\u00e4ftsf\u00fchrung im Herbst ins Pr\u00e4sidentenamt wechseln. Ein entsprechendes Versprechen soll ihm Lunow bei Amtsantritt 2022 gegeben haben, meldet die &#8222;Bild&#8220;. Nun wolle Lunow davon nichts mehr wissen. Anfang April informierte er Klubgremien \u00fcber seine erneute Kandidatur und ver\u00f6ffentlichte ein Statement.<\/p>\n<p class=\"text-18 leading-17\">Die Spannungen reichen weiter: Lunow soll laut der &#8222;Bild&#8220; bereits ein Team f\u00fcr die k\u00fcnftige Klubf\u00fchrung zusammengestellt haben. Jakob Scholz von der Fan- und F\u00f6rderabteilung sei als Vizepr\u00e4sident vorgesehen, Juristin Sabine Aldermann als Schatzmeisterin und Markus Rejek, ehemals Gesch\u00e4ftsf\u00fchrer beim <a class=\"transition-colors duration-200 cursor-pointer text-inherit no-underline text-salemsfur md:hover:text-magenta md:hover:border-magenta md:focus:text-magenta border-current border-b border-solid break-words\" href=\"https:\/\/www.t-online.de\/themen\/1-fc-koeln\/\" data-sctrack=\"BodyAnchor\" target=\"_blank\" rel=\"noopener\">1. FC K\u00f6ln<\/a> und <a class=\"transition-colors duration-200 cursor-pointer text-inherit no-underline text-salemsfur md:hover:text-magenta md:hover:border-magenta md:focus:text-magenta border-current border-b border-solid break-words\" href=\"https:\/\/www.t-online.de\/themen\/arminia-bielefeld\/\" data-sctrack=\"BodyAnchor\" target=\"_blank\" rel=\"noopener\">Arminia Bielefeld<\/a>, als Gesch\u00e4ftsf\u00fchrer Marketing.<\/p>\n<p class=\"text-18 leading-17\">Unterst\u00fctzung erhalte Lunow aus Teilen der organisierten Fanszene \u2013 etwa vom &#8222;Fanb\u00fcndnis S\u00fcdtrib\u00fcne&#8220;, das der aktuellen Gesch\u00e4ftsf\u00fchrung Machtspiele und schlechte Au\u00dfendarstellung vorwirft. Zus\u00e4tzlicher Z\u00fcndstoff: der umstrittene Sponsoring-Deal mit R\u00fcstungskonzern <a class=\"transition-colors duration-200 cursor-pointer text-inherit no-underline text-salemsfur md:hover:text-magenta md:hover:border-magenta md:focus:text-magenta border-current border-b border-solid break-words\" href=\"https:\/\/www.t-online.de\/themen\/rheinmetall\/\" data-sctrack=\"BodyAnchor\" target=\"_blank\" rel=\"noopener\">Rheinmetall<\/a>. Lunow stimmte ihm nach eigener Aussage unter Druck zu, stellte sich sp\u00e4ter aber \u00f6ffentlich dagegen. Die Mitglieder folgten ihm \u2013 und missbilligten den Vertrag.<\/p>\n<p class=\"text-18 leading-17\">Ob es im November zur Kampfabstimmung kommt, ist offen. Watzke \u00e4u\u00dferte sich bislang nicht eindeutig zu einer Kandidatur.<\/p>\n","protected":false},"excerpt":{"rendered":"Es geht um Hans-Joachim Watzke Beim BVB bahnt sich offenbar ein Machtkampf an 29.05.2025 &#8211; 12:19 UhrLesedauer: 1&hellip;\n","protected":false},"author":2,"featured_media":148632,"comment_status":"","ping_status":"","sticky":false,"template":"","format":"standard","meta":{"footnotes":""},"categories":[1833],"tags":[722,454,3364,29,217,30,28963,19071,1209,53193],"class_list":{"0":"post-148631","1":"post","2":"type-post","3":"status-publish","4":"format-standard","5":"has-post-thumbnail","7":"category-dortmund","8":"tag-722","9":"tag-454","10":"tag-de","11":"tag-deutschland","12":"tag-dortmund","13":"tag-germany","14":"tag-hans-joachim-watzke","15":"tag-machtkampf","16":"tag-nordrhein-westfalen","17":"tag-reinhold-lunow"},"share_on_mastodon":{"url":"https:\/\/pubeurope.com\/@de\/114590625488019635","error":""},"_links":{"self":[{"href":"https:\/\/www.europesays.com\/de\/wp-json\/wp\/v2\/posts\/148631","targetHints":{"allow":["GET"]}}],"collection":[{"href":"https:\/\/www.europesays.com\/de\/wp-json\/wp\/v2\/posts"}],"about":[{"href":"https:\/\/www.europesays.com\/de\/wp-json\/wp\/v2\/types\/post"}],"author":[{"embeddable":true,"href":"https:\/\/www.europesays.com\/de\/wp-json\/wp\/v2\/users\/2"}],"replies":[{"embeddable":true,"href":"https:\/\/www.europesays.com\/de\/wp-json\/wp\/v2\/comments?post=148631"}],"version-history":[{"count":0,"href":"https:\/\/www.europesays.com\/de\/wp-json\/wp\/v2\/posts\/148631\/revisions"}],"wp:featuredmedia":[{"embeddable":true,"href":"https:\/\/www.europesays.com\/de\/wp-json\/wp\/v2\/media\/148632"}],"wp:attachment":[{"href":"https:\/\/www.europesays.com\/de\/wp-json\/wp\/v2\/media?parent=148631"}],"wp:term":[{"taxonomy":"category","embeddable":true,"href":"https:\/\/www.europesays.com\/de\/wp-json\/wp\/v2\/categories?post=148631"},{"taxonomy":"post_tag","embeddable":true,"href":"https:\/\/www.europesays.com\/de\/wp-json\/wp\/v2\/tags?post=148631"}],"curies":[{"name":"wp","href":"https:\/\/api.w.org\/{rel}","templated":true}]}}