{"id":148711,"date":"2025-05-29T11:04:22","date_gmt":"2025-05-29T11:04:22","guid":{"rendered":"https:\/\/www.europesays.com\/de\/148711\/"},"modified":"2025-05-29T11:04:22","modified_gmt":"2025-05-29T11:04:22","slug":"bitte-laecheln-hochzeitspaar-besuch-beim-augsburger-schnellzeichner-und-karikaturist-kasli","status":"publish","type":"post","link":"https:\/\/www.europesays.com\/de\/148711\/","title":{"rendered":"Bitte l\u00e4cheln, (Hochzeits)paar: Besuch beim Augsburger Schnellzeichner und Karikaturist KASLI"},"content":{"rendered":"<p>Worauf der Karikaturist Fevzi Kasli aus Augsburg wohl achtet, w\u00e4hrend er mich, die Reporterin, \u00fcber den Rand seiner Brille konzentriert mustert und anf\u00e4ngt, eine Karikatur zu zeichnen? \u201eSch\u00f6nes L\u00e4cheln\u201c, sagt Kasli und blickt von seiner Staffelei auf mich. Puh. Dann geht es ganz schnell: Ein paar flinke Striche mit dem Bleistift, die Konturen verst\u00e4rkt er mit schwarzer Tusche. Der Stift quietscht leicht \u00fcber das Papier. Ein Hauch von Rot, Braun und Lila gibt dem Portr\u00e4t Farbe. Am Ende noch ein kleiner Smiley als Signatur \u2013 fertig ist die Karikatur. Keine f\u00fcnf Minuten hat es gedauert.<\/p>\n<p>KASLI ist w\u00e4hrend des Studiums Stra\u00dfen-Karikaturist \u2013 heute Live-Zeichner auf Events rund um Augsburg<\/p>\n<p>Seit \u00fcber 40 Jahren zeichnet Kasli \u2013 heute haupts\u00e4chlich als Live-Karikaturist auf <a href=\"https:\/\/www.karikaturist-kasli.de\/\" target=\"_blank\" rel=\"noopener\">Hochzeiten, Firmenfeiern oder Messen in Bayern und Baden-W\u00fcrttemberg<\/a>. Er versteht sich als K\u00fcnstler, der Pers\u00f6nlichkeit einf\u00e4ngt: Individuell, spontan, mit viel Gesp\u00fcr f\u00fcr Typ und Ausdruck.<br \/>Geboren 1965 in Kayseri in der T\u00fcrkei, beginnt Kasli mit 15 zu zeichnen, mit 17 studiert er Grafikdesign in Istanbul. Sein Talent bringt ihn auf die Stra\u00dfen \u2013 dort verdient er w\u00e4hrend des Studiums mit Karikaturen Geld. 1992 kommt er nach Deutschland, ein Jahr sp\u00e4ter arbeitet er freiberuflich f\u00fcr Verlage und Agenturen. Zweimal war er bei der \u201eCartoonica\u201c-Ausstellungen der Kreissparkasse dabei (1993 und 1994), zusammen mit gro\u00dfen Namen aus Augsburg wie Erich Paulmichl. 2000 zieht er beruflich nach Frankfurt, kehrt aber nach drei Jahren nach Augsburg zur\u00fcck.<\/p>\n<p>Dabei ist er fast immer Papier, Bleistift und Tusche treu geblieben: Digital zeichnen habe er bereits versucht, etwa f\u00fcr Illustrationen \u2013 aber das Analoge bleibt seine B\u00fchne.<\/p>\n<p><img fetchpriority=\"high\" decoding=\"async\" width=\"1024\" height=\"683\" src=\"data:image\/svg+xml,%3Csvg%20xmlns=\" http:=\"\" alt=\"\" data-lazy- data-lazy- data-lazy-src=\"https:\/\/www.europesays.com\/de\/wp-content\/uploads\/2025\/05\/IMG_3850-1024x683.jpg\"\/><\/p>\n<p>Ob Walt Disney oder Wolfgang Amadeus Mozart: Auch einige (Fast-)Augsburger haben es in Fevzi Kaslis Album geschafft.<\/p>\n<p><a href=\"https:\/\/www.augsburg-journal.de\/people\/hochzeit-in-augsburg-wie-planerin-bettina-ponzio-die-perfekte-feier-organisiert\/\" target=\"_blank\" rel=\"noopener\">Bei Hochzeiten muss es schnell und pr\u00e4zise gehen<\/a> \u2013 oft gibt es danach eine Ausstellung der Karikaturen oder ein Buch aus den Werken. Dass die meisten G\u00e4ste sehr schick sind, findet der 60-J\u00e4hrige nicht schlimm: \u201eDas ist auch ein bisschen meine Art, dekorativ zu zeichnen.\u201c Er mischt W\u00fcnsche der G\u00e4ste mit seiner feinen Beobachtungsgabe und einem Schuss Fantasie. Der Spa\u00df darf nicht fehlen: Da kommt schon mal ein \u201eSuperman\u201c aufs Papier. Je offener die Menschen sind, desto mehr kann er sich trauen.<\/p>\n<p>Bei seinen ganzen Eins\u00e4tzen erlebt Kasli so einiges. Er erz\u00e4hlt mit einem Lachen: Einmal wartete er bei einer Hochzeit vergeblich auf die Braut \u2013 bis ihm auffiel, dass zwei M\u00e4nner geheiratet hatten. Manchmal ist er auch die Hochzeits\u00fcberraschung.<\/p>\n<p>Dankeskarten von begeisterten Brautpaaren an den Karikaturisten aus Augsburg<\/p>\n<p>Sich beschweren? Traute sich zumindest keiner im Kreis der anderen G\u00e4ste. Im Gegenteil: Dankeskarten an seiner Wand erz\u00e4hlen von der Begeisterung der Hochzeitspaare: \u201eSie waren das absolute Highlight unserer G\u00e4ste\u201c hei\u00dft es da, oder \u201ewir m\u00f6chten uns herzlich bei Ihnen f\u00fcr die kreativen und humorvollen Karikaturen w\u00e4hrend unserer Hochzeit bedanken!\u201c Ber\u00fchmtheiten hat Kasli viele gezeichnet \u2013 Fu\u00dfballer wie Thomas M\u00fcller, Angela Merkel, Bert Brecht. Einige wie Thomas Gottschalk und Karl Dall traf er pers\u00f6nlich, andere \u2013 wie Wolfgang Amadeus Mozart mit der markanten Nase \u2013 zeichnete nach einem Foto oder einem Portrait. Wer noch fehlt? \u201eKeine Ahnung, ich hab so viele gemacht\u201c, sagt er lachend.<\/p>\n<p>Die k\u00fcnstlerische Ader liegt in der Familie: Tochter Esma, heute 17, hat beim Europ\u00e4ischen Wettbewerb den Bundespreis gewonnen, berichtet er stolz. Ihr Stil? Etwas mehr Manga. Stand jetzt will die Sch\u00fclerin auch beruflich zeichnen.<\/p>\n<p><img loading=\"lazy\" decoding=\"async\" width=\"653\" height=\"1024\" src=\"data:image\/svg+xml,%3Csvg%20xmlns=\" http:=\"\" alt=\"\" data-lazy- data-lazy- data-lazy-src=\"https:\/\/www.europesays.com\/de\/wp-content\/uploads\/2025\/05\/Esma_KASLI-653x1024.jpg\"\/><\/p>\n<p>Fevzi Kaslis Tochter Esma mit dem Pokal und Bild vom Europ\u00e4ischen Wettbewerb. Sie widmete sich dem Zuzug von Gastarbeitern in Deutschland vor Jahrzehnten.  <\/p>\n","protected":false},"excerpt":{"rendered":"Worauf der Karikaturist Fevzi Kasli aus Augsburg wohl achtet, w\u00e4hrend er mich, die Reporterin, \u00fcber den Rand seiner&hellip;\n","protected":false},"author":2,"featured_media":148712,"comment_status":"","ping_status":"","sticky":false,"template":"","format":"standard","meta":{"footnotes":""},"categories":[1846],"tags":[680,772,3364,29,548,663,3934,30,13,1292,53219,14,15,12],"class_list":{"0":"post-148711","1":"post","2":"type-post","3":"status-publish","4":"format-standard","5":"has-post-thumbnail","7":"category-augsburg","8":"tag-augsburg","9":"tag-bayern","10":"tag-de","11":"tag-deutschland","12":"tag-eu","13":"tag-europa","14":"tag-europe","15":"tag-germany","16":"tag-headlines","17":"tag-hochzeit","18":"tag-karikaturist","19":"tag-nachrichten","20":"tag-news","21":"tag-schlagzeilen"},"share_on_mastodon":{"url":"https:\/\/pubeurope.com\/@de\/114590795210636170","error":""},"_links":{"self":[{"href":"https:\/\/www.europesays.com\/de\/wp-json\/wp\/v2\/posts\/148711","targetHints":{"allow":["GET"]}}],"collection":[{"href":"https:\/\/www.europesays.com\/de\/wp-json\/wp\/v2\/posts"}],"about":[{"href":"https:\/\/www.europesays.com\/de\/wp-json\/wp\/v2\/types\/post"}],"author":[{"embeddable":true,"href":"https:\/\/www.europesays.com\/de\/wp-json\/wp\/v2\/users\/2"}],"replies":[{"embeddable":true,"href":"https:\/\/www.europesays.com\/de\/wp-json\/wp\/v2\/comments?post=148711"}],"version-history":[{"count":0,"href":"https:\/\/www.europesays.com\/de\/wp-json\/wp\/v2\/posts\/148711\/revisions"}],"wp:featuredmedia":[{"embeddable":true,"href":"https:\/\/www.europesays.com\/de\/wp-json\/wp\/v2\/media\/148712"}],"wp:attachment":[{"href":"https:\/\/www.europesays.com\/de\/wp-json\/wp\/v2\/media?parent=148711"}],"wp:term":[{"taxonomy":"category","embeddable":true,"href":"https:\/\/www.europesays.com\/de\/wp-json\/wp\/v2\/categories?post=148711"},{"taxonomy":"post_tag","embeddable":true,"href":"https:\/\/www.europesays.com\/de\/wp-json\/wp\/v2\/tags?post=148711"}],"curies":[{"name":"wp","href":"https:\/\/api.w.org\/{rel}","templated":true}]}}