{"id":148815,"date":"2025-05-29T12:01:09","date_gmt":"2025-05-29T12:01:09","guid":{"rendered":"https:\/\/www.europesays.com\/de\/148815\/"},"modified":"2025-05-29T12:01:09","modified_gmt":"2025-05-29T12:01:09","slug":"wie-sich-einsatzstellen-in-berlin-und-brandenburg-fuer-den-vatertag-wappnen","status":"publish","type":"post","link":"https:\/\/www.europesays.com\/de\/148815\/","title":{"rendered":"Wie sich Einsatzstellen in Berlin und Brandenburg f\u00fcr den Vatertag wappnen"},"content":{"rendered":"<p class=\"tspBYlv tspBYlw\">Das Wetter ist sch\u00f6n, der Alkohol flie\u00dft: Erfahrungsgem\u00e4\u00df kommt es f\u00fcr die Polizei in Brandenburg am <a href=\"https:\/\/www.tagesspiegel.de\/berlin\/geheimtipps-der-tagesspiegel-redaktion-sechs-dinge-die-sie-am-vatertag-ohne-bollerwagen-in-berlin-erleben-konnen-13768405.html?icid=in-text-link_13774498\" class=\"link link--internal\" data-gtm-class=\"article-text-link\" data-gtm-val=\"internal\" target=\"_blank\" rel=\"noopener\">Vatertag <\/a>vermehrt zu Eins\u00e4tzen, die Polizeipr\u00e4senz wird hier planm\u00e4\u00dfig hochgefahren. Tats\u00e4chlich ist das Berliner Umland allem Anschein nach von den Herausforderungen st\u00e4rker betroffen als die Hauptstadt selbst: Im Vergleich zu anderen Tagen mit Gro\u00dfveranstaltungen rechnet etwa die Berliner Feuerwehr nicht mit einer sp\u00fcrbaren H\u00e4ufung der Eins\u00e4tze.<\/p>\n<p><a href=\"https:\/\/abo.tagesspiegel.de\/tagesspiegel-app?icid=single-topic_13774498___\" data-gtm-class=\"article-mzt-link\" class=\"tspB5mf\" target=\"_blank\" rel=\"noopener\">Die Tagesspiegel-App Aktuelle Nachrichten, Hintergr\u00fcnde und Analysen direkt auf Ihr Smartphone. Dazu die digitale Zeitung. Hier gratis herunterladen.  <\/a><\/p>\n<p class=\"tspBYlv\">Ein bundesweiter Trend ist insbesondere ein Anstieg der Stra\u00dfenverkehrsunf\u00e4lle unter Alkoholeinfluss an Christi Himmelfahrt, <a href=\"https:\/\/www.destatis.de\/DE\/Presse\/Pressemitteilungen\/Zahl-der-Woche\/2025\/PD25_22_p002.html\" target=\"_blank\" rel=\"noopener\" class=\"link link--external\" data-gtm-class=\"article-text-link\" data-gtm-val=\"external\" aria-describedby=\"message-target-blank\">wie das Statistische Bundesamt ermittelte<\/a>. Demnach ereignen sich am sogenannten Vatertag die meisten Alkoholunf\u00e4lle im Jahr: W\u00e4hrend sich 2024 an einem durchschnittlichen Tag 95 solcher Unf\u00e4lle ereigneten, waren es am Vatertag 287.<\/p>\n<p> Mehr Polizeipr\u00e4senz in Brandenburg am Feiertag <\/p>\n<p class=\"tspBYlv\">Bei der Polizeiinspektion Oder-Spree beobachtet man ebenfalls eine H\u00e4ufung der Unf\u00e4lle zu Christi Himmelfahrt. In den vergangenen zehn Jahren habe es am Vatertag durchschnittlich 21 Unf\u00e4lle gegeben \u2013 doppelt so viele wie an normalen Tagen mit zehn Unf\u00e4llen im Schnitt.<\/p>\n<p> Ergebnisse der Auswertung des Statistischen Bundesamts <\/p>\n<ul data-qa-hook=\"story-list-ul\" class=\"tspB7mq\">\n<li class=\"tspB7g0 tspB7g0\">287 Alkoholunf\u00e4lle im Stra\u00dfenverkehr am Vatertag 2024<\/li>\n<li class=\"tspB7g0 tspB7g0\">Bei 204 der Unf\u00e4lle kamen Menschen zu Schaden, 58 Verletzte, ein Toter<\/li>\n<li class=\"tspB7g0 tspB7g0\">Weniger Alkoholunf\u00e4lle als 2023 (340) und 2022 (319) <\/li>\n<\/ul>\n<p class=\"tspBYlv\"><a href=\"https:\/\/www.destatis.de\/DE\/Presse\/Pressemitteilungen\/Zahl-der-Woche\/2025\/PD25_22_p002.html\" target=\"_blank\" rel=\"noopener\" class=\"link link--external\" data-gtm-class=\"article-text-link\" data-gtm-val=\"external\" aria-describedby=\"message-target-blank\">Link<\/a> zur Mitteilung.<\/p>\n<p class=\"tspBYlv\">In den Landkreisen Uckermark, Barnim und <a href=\"https:\/\/www.tagesspiegel.de\/potsdam\/brandenburg\/gewaltvolle-auseinandersetzung-15-jahriger-soll-zwei-manner-verletzt-haben-13761571.html?icid=in-text-link_13774498\" class=\"link link--internal\" data-gtm-class=\"article-text-link\" data-gtm-val=\"internal\" target=\"_blank\" rel=\"noopener\">M\u00e4rkisch-Oderland<\/a> beobachtet man keine auff\u00e4llige H\u00e4ufung der Autounf\u00e4lle an Vatertagen. Stattdessen berichtet die Polizei aber jeweils von Erfahrungen mit Zwischenf\u00e4llen betrunkener Radfahrer. Radler w\u00fcrden sich selbst \u00fcbersch\u00e4tzen, h\u00e4ufig komme es zu \u201erauschbedingten St\u00fcrzen\u201c.<\/p>\n<p class=\"tspSdi\">Empfohlener redaktioneller Inhalt<\/p>\n<p> An dieser Stelle finden Sie einen von unseren Redakteuren ausgew\u00e4hlten, externen Inhalt, der den Artikel f\u00fcr Sie mit zus\u00e4tzlichen Informationen anreichert. Sie k\u00f6nnen sich hier den externen Inhalt mit einem Klick anzeigen lassen oder wieder ausblenden. <\/p>\n<p> Externen Inhalt anzeigen <\/p>\n<p class=\"tspSdo\"> Ich bin damit einverstanden, dass mir der externe Inhalt angezeigt wird. Damit k\u00f6nnen personenbezogene Daten an Drittplattformen \u00fcbermittelt werden.  Mehr Informationen dazu erhalten Sie in den Datenschutz-Einstellungen. Diese finden Sie ganz unten auf unserer Seite im Footer, sodass Sie Ihre Einstellungen jederzeit verwalten oder widerrufen k\u00f6nnen. <\/p>\n<p class=\"tspBYlv\">Insgesamt wird in Brandenburg mehr Polizei unterwegs sein, um Alkoholkontrollen im Verkehr durchzuf\u00fchren und Veranstaltungen zu begleiten. Auch mit mehr Straftaten wird gerechnet: \u201eAlkohol enthemmt, sodass es immer wieder auch zu K\u00f6rperverletzungen kommt\u201c, hie\u00df es von der Polizeiinspektion Uckermark.<\/p>\n<p class=\"tspBYlv\">Bei der <a href=\"https:\/\/www.tagesspiegel.de\/berlin\/dachstuhlbrand-in-berlin-spandau-loscharbeiten-an-einfamilienhaus--rauchentwicklung-stadteinwarts-13774180.html?icid=in-text-link_13774498\" class=\"link link--internal\" data-gtm-class=\"article-text-link\" data-gtm-val=\"internal\" target=\"_blank\" rel=\"noopener\">Berliner Feuerwehr <\/a>dagegen erwartet man keinen Einsatzrekord am Vatertag. An Tagen mit Gro\u00dfveranstaltungen wie Fu\u00dfballspielen oder Stra\u00dfenfesten habe man mit Sicherheit weitaus mehr Alkoholeins\u00e4tze, hie\u00df es auf Nachfrage. In Berlin gebe es grunds\u00e4tzlich viele Feiernde \u2013 das Umland sei daher von Tagen wie Christi Himmelfahrt st\u00e4rker betroffen. Die Berliner Polizei konnte kurzfristig keine Auskunft geben. <\/p>\n<p> Mehr zum Thema <a href=\"https:\/\/www.tagesspiegel.de\/berlin\/geheimtipps-der-tagesspiegel-redaktion-sechs-dinge-die-sie-am-vatertag-ohne-bollerwagen-in-berlin-erleben-konnen-13768405.html?icid=topic-list_13774498___\" data-gtm-class=\"article-mzt-link\" class=\"tspB5mf\" target=\"_blank\" rel=\"noopener\">Abseits von Bier und Bollerwagen Sechs Geheimtipps f\u00fcr den Vatertag in Berlin <\/a><a href=\"https:\/\/www.tagesspiegel.de\/berlin\/quiz-was-wissen-sie-uber-den-vatertag-in-berlin-13762387.html?icid=topic-list_13774498___\" data-gtm-class=\"article-mzt-link\" class=\"tspB5mf\" target=\"_blank\" rel=\"noopener\">Quiz Was wissen Sie \u00fcber den Vatertag in Berlin? <\/a><a href=\"https:\/\/www.tagesspiegel.de\/wissen\/ein-land-im-rausch-deutschland-verdrangt-sein-alkoholproblem-13681975.html?icid=topic-list_13774498___\" data-gtm-class=\"article-mzt-link\" class=\"tspB5mf\" target=\"_blank\" rel=\"noopener\">Ein Land im Rausch Deutschland verdr\u00e4ngt sein Alkoholproblem <\/a><\/p>\n<p class=\"tspBYlv\"><a href=\"https:\/\/www.dvr.de\/presse\/christi-himmelfahrt-auch-auf-dem-rad-oder-e-scooter-keinen-alkohol\" target=\"_blank\" rel=\"noopener\" class=\"link link--external\" data-gtm-class=\"article-text-link\" data-gtm-val=\"external\" aria-describedby=\"message-target-blank\">Der Deutsche Verkehrssicherheitsrat (DVR)<\/a> weist darauf hin, dass auch Fahrrad- oder E-Scooter-Fahrer nicht alkoholisiert fahren sollten. Ansonsten drohen ihnen Bu\u00dfgelder. Wer mit 0,5 bis 1,09 Promille einen E-Scooter f\u00e4hrt, begeht laut DVR eine Ordnungswidrigkeit. Die Folge sei ein Bu\u00dfgeldbescheid, meist in H\u00f6he von 500 Euro, ein Monat Fahrverbot sowie zwei Punkte im Flensburger Fahreignungsregister. <\/p>\n<p class=\"tspBYlv\">Wer mit mindestens 1,1 Promille Alkohol im Blut E-Scooter f\u00e4hrt, begeht eine Straftat. In der Probezeit des Autof\u00fchrerscheins und unter 21 Jahren gelte zudem das absolute Alkoholverbot. (kko, KNA)<\/p>\n","protected":false},"excerpt":{"rendered":"Das Wetter ist sch\u00f6n, der Alkohol flie\u00dft: Erfahrungsgem\u00e4\u00df kommt es f\u00fcr die Polizei in Brandenburg am Vatertag vermehrt&hellip;\n","protected":false},"author":2,"featured_media":148816,"comment_status":"","ping_status":"","sticky":false,"template":"","format":"standard","meta":{"footnotes":""},"categories":[1825],"tags":[6789,296,2240,1890,29,985,30,121,4908,634,12088],"class_list":{"0":"post-148815","1":"post","2":"type-post","3":"status-publish","4":"format-standard","5":"has-post-thumbnail","7":"category-berlin","8":"tag-alkohol","9":"tag-berlin","10":"tag-berliner-umland","11":"tag-brandenburg","12":"tag-deutschland","13":"tag-feuerwehr","14":"tag-germany","15":"tag-polizei","16":"tag-polizeieinsatz","17":"tag-strassenverkehr","18":"tag-uckermark"},"share_on_mastodon":{"url":"https:\/\/pubeurope.com\/@de\/114591018964046549","error":""},"_links":{"self":[{"href":"https:\/\/www.europesays.com\/de\/wp-json\/wp\/v2\/posts\/148815","targetHints":{"allow":["GET"]}}],"collection":[{"href":"https:\/\/www.europesays.com\/de\/wp-json\/wp\/v2\/posts"}],"about":[{"href":"https:\/\/www.europesays.com\/de\/wp-json\/wp\/v2\/types\/post"}],"author":[{"embeddable":true,"href":"https:\/\/www.europesays.com\/de\/wp-json\/wp\/v2\/users\/2"}],"replies":[{"embeddable":true,"href":"https:\/\/www.europesays.com\/de\/wp-json\/wp\/v2\/comments?post=148815"}],"version-history":[{"count":0,"href":"https:\/\/www.europesays.com\/de\/wp-json\/wp\/v2\/posts\/148815\/revisions"}],"wp:featuredmedia":[{"embeddable":true,"href":"https:\/\/www.europesays.com\/de\/wp-json\/wp\/v2\/media\/148816"}],"wp:attachment":[{"href":"https:\/\/www.europesays.com\/de\/wp-json\/wp\/v2\/media?parent=148815"}],"wp:term":[{"taxonomy":"category","embeddable":true,"href":"https:\/\/www.europesays.com\/de\/wp-json\/wp\/v2\/categories?post=148815"},{"taxonomy":"post_tag","embeddable":true,"href":"https:\/\/www.europesays.com\/de\/wp-json\/wp\/v2\/tags?post=148815"}],"curies":[{"name":"wp","href":"https:\/\/api.w.org\/{rel}","templated":true}]}}