{"id":148834,"date":"2025-05-29T12:12:20","date_gmt":"2025-05-29T12:12:20","guid":{"rendered":"https:\/\/www.europesays.com\/de\/148834\/"},"modified":"2025-05-29T12:12:20","modified_gmt":"2025-05-29T12:12:20","slug":"action-enthuellt-geheimnis-des-erfolgs-in-deutschland-geld","status":"publish","type":"post","link":"https:\/\/www.europesays.com\/de\/148834\/","title":{"rendered":"Action enth\u00fcllt: Geheimnis des Erfolgs in Deutschland | Geld"},"content":{"rendered":"<p><b>Action! Der niederl\u00e4ndische Discounter erobert Europa und f\u00fcllt Wohnungen mit g\u00fcnstigen Produkten. Doch wie schafft das Unternehmen es, trotz Konkurrenz und wachsender Expansion so erfolgreich zu sein? Von der cleveren Kalkulation bis zur strategischen Standortwahl. <\/b><\/p>\n<p><b>Erfahren Sie alle Hintergr\u00fcnde und Expertenmeinungen. Lesen Sie mit BILDplus, wie Action zum Marktf\u00fchrer aufstieg und welche Pl\u00e4ne f\u00fcr die Zukunft geschmiedet werden.<\/b><\/p>\n","protected":false},"excerpt":{"rendered":"Action! Der niederl\u00e4ndische Discounter erobert Europa und f\u00fcllt Wohnungen mit g\u00fcnstigen Produkten. Doch wie schafft das Unternehmen es,&hellip;\n","protected":false},"author":2,"featured_media":148835,"comment_status":"","ping_status":"","sticky":false,"template":"","format":"standard","meta":{"footnotes":""},"categories":[134],"tags":[364,175,170,169,29,1072,30,3986,15268,3768,11445,2939,171,174,45,173,172],"class_list":{"0":"post-148834","1":"post","2":"type-post","3":"status-publish","4":"format-standard","5":"has-post-thumbnail","7":"category-unternehmen-maerkte","8":"tag-aldi","9":"tag-business","10":"tag-companies","11":"tag-companies-markets","12":"tag-deutschland","13":"tag-einzelhandel","14":"tag-germany","15":"tag-handel","16":"tag-holland","17":"tag-kaufen","18":"tag-lebensmittel-discounter","19":"tag-lidl","20":"tag-markets","21":"tag-maerkte","22":"tag-texttospeech","23":"tag-unternehmen","24":"tag-unternehmen-maerkte"},"share_on_mastodon":{"url":"https:\/\/pubeurope.com\/@de\/114591062321246256","error":""},"_links":{"self":[{"href":"https:\/\/www.europesays.com\/de\/wp-json\/wp\/v2\/posts\/148834","targetHints":{"allow":["GET"]}}],"collection":[{"href":"https:\/\/www.europesays.com\/de\/wp-json\/wp\/v2\/posts"}],"about":[{"href":"https:\/\/www.europesays.com\/de\/wp-json\/wp\/v2\/types\/post"}],"author":[{"embeddable":true,"href":"https:\/\/www.europesays.com\/de\/wp-json\/wp\/v2\/users\/2"}],"replies":[{"embeddable":true,"href":"https:\/\/www.europesays.com\/de\/wp-json\/wp\/v2\/comments?post=148834"}],"version-history":[{"count":0,"href":"https:\/\/www.europesays.com\/de\/wp-json\/wp\/v2\/posts\/148834\/revisions"}],"wp:featuredmedia":[{"embeddable":true,"href":"https:\/\/www.europesays.com\/de\/wp-json\/wp\/v2\/media\/148835"}],"wp:attachment":[{"href":"https:\/\/www.europesays.com\/de\/wp-json\/wp\/v2\/media?parent=148834"}],"wp:term":[{"taxonomy":"category","embeddable":true,"href":"https:\/\/www.europesays.com\/de\/wp-json\/wp\/v2\/categories?post=148834"},{"taxonomy":"post_tag","embeddable":true,"href":"https:\/\/www.europesays.com\/de\/wp-json\/wp\/v2\/tags?post=148834"}],"curies":[{"name":"wp","href":"https:\/\/api.w.org\/{rel}","templated":true}]}}