{"id":148858,"date":"2025-05-29T12:24:45","date_gmt":"2025-05-29T12:24:45","guid":{"rendered":"https:\/\/www.europesays.com\/de\/148858\/"},"modified":"2025-05-29T12:24:45","modified_gmt":"2025-05-29T12:24:45","slug":"sandro-wagner-beim-fc-augsburg-eine-gewagte-wette","status":"publish","type":"post","link":"https:\/\/www.europesays.com\/de\/148858\/","title":{"rendered":"Sandro Wagner beim FC Augsburg: Eine gewagte Wette"},"content":{"rendered":"<p class=\"css-1q8kfuz\">Sandro Wagner \u00fcbernimmt als Cheftrainer beim FC Augsburg. Doch warum tut sich der Nagelsmann-Co die Fuggerst\u00e4dter an und was kann man in in der kommenden Saison von der grauen Maus erwarten?<\/p>\n<p class=\"css-1cmglxz\">Nach dem Aus von Jess Thorup beim FC Augsburg verdichteten sich die Zeichen in der Suche nach einem Nachfolger schnell. \u00dcber Wochen hielten die Ger\u00fcchte um eine Anstellung von Sandro Wagner als neuen Cheftrainer an.<\/p>\n<p class=\"css-1cmglxz\">Nun herrscht Gewissheit: <a data-li-document-ref=\"541714\" href=\"https:\/\/www.ran.de\/sports\/fussball\/bundesliga\/news\/sandro-wagner-wird-trainer-beim-fc-augsburg-langfristiger-vertrag-fuer-ex-profi-541714\" target=\"_blank\" rel=\"noopener\">Der 37-J\u00e4hrige \u00fcbernimmt die Fuggerst\u00e4dter<\/a> zur neuen Saison. Nach der <a href=\"https:\/\/www.ran.de\/sports\/fussball\/nations-league-a\" target=\"_blank\" rel=\"noopener\">Nations League Final-Four<\/a> wird Wagner den <a href=\"https:\/\/www.ran.de\/sports\/fussball\/dfb-nationalmannschaft-elf\" target=\"_blank\" rel=\"noopener\">DFB<\/a> verlassen und seine Arbeit in der Fuggerstadt aufnehmen.<\/p>\n<p class=\"css-1cmglxz\">In der vereinseigenen Pressemitteilung zum Transfer erkl\u00e4rt er: &#8222;Der FCA hat eine klare Philosophie, die sehr gut zu meiner Spielidee passt. Ich bin ein junger Trainer, der sich gemeinsam mit dem Verein entwickeln m\u00f6chte. Die Rahmenbedingungen daf\u00fcr sind in Augsburg hervorragend.&#8220;<\/p>\n<p class=\"css-1cmglxz\">Von\u00a0FCA-Gesch\u00e4ftsf\u00fchrer Michael Str\u00f6ll hagelt es Lob f\u00fcr den dreimaligen deutschen Meister: &#8222;Bei seinen bisherigen Stationen hat er bereits unter Beweis gestellt, dass er Mannschaften besser machen und Spieler entwickeln kann. Sandro ist sehr akribisch und kann eine Mannschaft auch mit seiner Emotion packen.&#8220;<\/p>\n<p class=\"css-1cmglxz\">F\u00fcr den ambitionierten Trainer die erste Vereins-Station im deutschen Profi-Fu\u00dfball. Zuvor war er einzig in Unterhaching in der Regionalliga als Chefcoach t\u00e4tig. Die Spielvereinigung trainierte er f\u00fcr zwei Saisons. Nun folgt der Sprung in das deutsche Oberhaus &#8211; ein gro\u00dfer Schritt f\u00fcr den jungen \u00dcbungsleiter.<\/p>\n<p>Sandro Wagner: Kaum Mediendruck in Augsburg<\/p>\n<p class=\"css-1cmglxz\">Doch warum genau jetzt der Schritt weg vom DFB und warum die Entscheidung f\u00fcr den FCA? Unter <a href=\"https:\/\/www.ran.de\/sports\/stars\/julian-nagelsmann\" target=\"_blank\" rel=\"noopener\">Julian Nagelsmann<\/a> h\u00e4tte Wagner noch weiter reifen und lernen k\u00f6nnen. Stattdessen geht er den Weg in die\u00a0<a href=\"https:\/\/www.ran.de\/sports\/fussball\/bundesliga\" target=\"_blank\" rel=\"noopener\">Bundesliga<\/a>\u00a0&#8211; ein Verein, der bei vielen Fans mit dem Image als &#8222;Graue Maus&#8220; zu k\u00e4mpfen. Seit zehn Jahren pendeln die Augsburger im unteren Mittelfeld der Liga. Mal landet man auf dem 11. Rang, mal nur auf Platz 15 &#8211; zuletzt auf der 12: Pures Mittelma\u00df.<\/p>\n<p class=\"css-1cmglxz\">Doch vielleicht ist genau dieser Schritt die perfekte \u00dcbergangstation f\u00fcr den ambitionierten Trainer, der sich mit dem Job den ersten Traum erf\u00fcllt. Im Gespr\u00e4ch mit &#8222;Sport1&#8220; verriet Wagner 2021 &#8211; kurz nach seiner Festanstellung bei Unterhaching &#8211; mit Blick auf die Bundesliga: &#8222;Ich m\u00f6chte dort irgendwann trainieren.&#8220;<\/p>\n<p class=\"css-1cmglxz\">Vier Jahre &#8211; und 105 Spiele an der Seitenlinie &#8211; sp\u00e4ter kann der geb\u00fcrtige M\u00fcnchner dieses Ziel abhaken. In Augsburg soll nun seine Karriere als Cheftrainer so richtig ins Laufen geraten. Mit dem FCA geht der Trainer dabei dem gro\u00dfen Rampenlicht gekonnt aus dem Weg.<\/p>\n<p class=\"css-1cmglxz\">Bei diesem Verein l\u00e4sst es sich verh\u00e4ltnism\u00e4\u00dfig ruhig arbeiten &#8211; ohne den gro\u00dfen Druck der Medienlandschaft in M\u00fcnchen oder Hamburg, ohne \u00fcbertriebenen Anforderungen aus der Vereinsebene. Die Augsburger liegen mit 27.000 Mitgliedern im Bundesliga-Mittelma\u00df hinter den Fan- und Medienmagneten aus K\u00f6ln, <a href=\"https:\/\/www.ran.de\/sports\/fussball\/hamburger-sv\" target=\"_blank\" rel=\"noopener\">Hamburg<\/a>, M\u00fcnchen und Co.<\/p>\n<p class=\"css-1cmglxz\">Zudem wei\u00df Wagner ganz genau wie er arbeiten will, um Erfolge einzufahren. Bei &#8222;Sky&#8220; erkl\u00e4rte der Ex-Profi: &#8222;Ich habe eine ganz klare Philosophie, wie ich eine Mannschaft f\u00fchren will \u2013 vom sozialen Bereich, vom Motivationsbereich und vom inhaltlich-taktischen Bereich.&#8220;<\/p>\n<p>FC Augsburg: Die Chance f\u00fcr Ver\u00e4nderung<\/p>\n<p class=\"css-1cmglxz\">Klar ist dennoch: F\u00fcr die Schwaben birgt die Verpflichtung des ehemaligen St\u00fcrmers ein Risiko. Auf Klubebene hat Wagner kaum etwas vorzuweisen. Der Deutsche trainierte lediglich in der Regionalliga. Die Bundesliga ist da nat\u00fcrlich noch einmal ein ganz anderes Pflaster &#8211; eine gewisse Eingew\u00f6hnungszeit wird man ihm geben. Doch im Profi-Business reichen Emotionen und gro\u00dfe Reden allein nicht &#8211; auch Wagner muss letztlich Resultate liefern. Euphorie hin oder her.<\/p>\n<p>Dieser Inhalt stammt von externen Anbietern wie Facebook, Instagram oder Youtube. Aktiviere bitte Personalisierte Anzeigen und Inhalte sowie Anbieter au\u00dferhalb des CMP Standards, um diese Inhalte anzuzeigen.Privatsph\u00e4re-EinstellungenDas Wichtigste in K\u00fcrze<\/p>\n<p class=\"css-1cmglxz\">F\u00fcr den Bundesligist k\u00f6nnte Wagner jedoch zum Gl\u00fccksgriff werden. Der ehemalige St\u00fcrmer setzt auf Offensivfu\u00dfball: &#8222;Grunds\u00e4tzlich ist mir wichtig, dass unser Fu\u00dfball offensiv ausgerichtet ist und wir zum Gro\u00dfteil auf uns schauen&#8220;, zitiert ihn &#8222;Sport1&#8220;<\/p>\n<p class=\"css-1cmglxz\">Zudem will er seinen eigenen Stiefel durchdr\u00fccken: &#8222;L\u00f6sungen f\u00fcr den Gegner zu haben, ist wichtig. Die eigene St\u00e4rke auf den Rasen zu bringen ist aber noch wichtiger.&#8220; Eine Philosophie die Ex-Trainer Thorup vermehrt vermissen lie\u00df &#8211; und ihn letztlich auch seinen Job kostete.<\/p>\n<p class=\"css-1cmglxz\">Unter dem D\u00e4nen zeigte sich die Mannschaft zwar defensiv zumeist sehr stabil, lie\u00df jedoch offensiven Spielwitz und Gefahr im letzten Drittel g\u00e4nzlich missen. Mit einer defensiven Dreierkette und zwei klaren Abr\u00e4umern davor lag das Augenmerk mitunter nur auf der Defensive.<\/p>\n<p>FC Augsburg: Desastr\u00f6se Statistiken unter Thorup<\/p>\n<p class=\"css-1cmglxz\">Nur folglich: In der abgelaufenen Bundesliga-Saison erzielte der FCA mickrige 35 Tore &#8211; einzig Absteiger VfL Bochum und der FC St. Pauli haben diese Marke unterboten.<\/p>\n<p class=\"css-1cmglxz\">Zudem sammelte die Elf von Thorup laut den offiziellen &#8222;Bundesliga&#8220;-Statistiken die dritt wenigsten Torsch\u00fcsse (395), traf am zweitwenigsten Aluminium (6) und erhielt die wenigsten Elfmeter (2) zugesprochen. Werte, die zeigen, dass man es pflegte, einen gro\u00dfen Bogen um den gegnerischen Strafraum zu nehmen.<\/p>\n<p>U21: The Boys of Germany &#8211; Die U21-Nationalmannschaft auf dem Weg zum EM-Titel<\/p>\n<p class=\"css-1cmglxz\">Auch mit Ballbesitz konnte der Ex-Trainer wenig anfangen. Augsburg erreichte im Schnitt lediglich 45 Prozent &#8211; nur f\u00fcnf Mannschaften haben diesen Wert unterboten. Stattdessen galt oftmals das Motto: Kratzen, bei\u00dfen, treten.<\/p>\n<p class=\"css-1cmglxz\">Deswegen auch kaum verwunderlich: Die Fuggerst\u00e4dter sammelten die meisten Karten (79) und zweitmeisten gelben Karten (74) der Liga.<\/p>\n<p class=\"css-1cmglxz\">Ein weiteres Problem: mangelnde Laufleistung. Die ligaweit wenigsten Sprints (7249) und zweitwenigsten intensiven L\u00e4ufe (23213) sprechen eine klare Sprache. Auch mit Blick auf die Laufdistanz (3932 km) liegt der FC im unteren Drittel der Liga.<\/p>\n<p>Bundesliga: Bringt Wagner attraktiven Offensivfu\u00dfball nach Augsburg?<\/p>\n<p class=\"css-1cmglxz\">Mit Wagner soll sich das \u00e4ndern. Der Trainer fordert &#8222;Leistung und Leidenschaft&#8220; von seinen Profis, &#8222;Diese alte Schule bleibt immer gleich, denn man muss erstmal immer alles in die Waagschale werfen. Falls nicht, werde ich fuchsig.&#8220;<\/p>\n<p class=\"css-1cmglxz\">Die neue Spielphilosophie zeigt sich auch im ersten Transferziel des neuen Trainers. Laut der &#8222;Bild&#8220; soll sich dieser Florian Neuhaus w\u00fcnschen. Ein Kreativspieler im Zentrum, der vor allem im Spiel mit dem Ball seine Qualit\u00e4ten hat. Denn Wagner will einen offensiv-orientierten Ballbesitzfu\u00dfball nach Augsburg bringen.<\/p>\n<p class=\"css-1cmglxz\">Als Spieler zeichnete den 1.94-Meter-H\u00fcnen seine Torgefahr aus &#8211; in der Bundesliga traf er f\u00fcr Hoffenheim und Darmstadt zweistellig und zeigte sich auch beim <a href=\"https:\/\/www.ran.de\/sports\/fussball\/fc-bayern-muenchen\" target=\"_blank\" rel=\"noopener\">FC Bayern<\/a> eiskalt vor dem Kasten. F\u00fcr die deutsche Nationalmannschaft traf er in lediglich acht Spielen f\u00fcnfmal.<\/p>\n<p class=\"css-1cmglxz\">Mit Unterhaching konnte er als Trainer im zweiten Anlauf aufsteigen: In der Saison 2022\/23 landete die Mannschaft an der Tabellenspitze &#8211; und stellte dabei neben der drittbesten Offensive (86 Tore) auch die st\u00e4rkste Abwehr (33 Gegentore) der Liga.<\/p>\n<p class=\"css-1cmglxz\">Auch die deutsche Nationalmannschaft begeisterte unter Nagelsmann und Wagner mit attraktivem Fu\u00dfball.<\/p>\n<p class=\"css-1cmglxz\">Nagelsmann traut seinem Noch-Co dabei einiges zu. &#8222;Er ist sensationell gut, unfassbar flei\u00dfig, strukturiert,&#8220; verriet der Chefcoach am Rande der DFB-Reise in die USA 2023.<\/p>\n<p class=\"css-1cmglxz\">Potenzial, dass dem Trainer auch Sportdirektor Rudi V\u00f6ller im &#8222;ZDF-Sportstudio&#8220; attestierte: &#8222;Er ist ein hoch sympathischer Trainer, der eine gro\u00dfe Trainer-Zukunft haben wird.&#8220;<\/p>\n<p>Zuschauertabelle 2024\/25 im deutschen Fu\u00dfball: Zahlreiche Zweitligisten in den Top 20<img alt=\"&lt;strong&gt;Zuschauertabelle 2024\/25r: Diese Klubs lockten die meisten Fans ins Stadion&lt;\/strong&gt;&lt;br&gt;&lt;em&gt;Der deutsche Fu\u00dfball boomt weiterhin, Woche f\u00fcr Woche pilgerten in der Saison 2024\/25 zehntausende Fans in die Stadien der Republik. Welche Klubs durften in der Saison 2024\/25 im Schnitt die meisten Fans in ihren Arenen begr\u00fc\u00dfen? &lt;strong&gt;ran&lt;\/strong&gt; zeigt die Zuschauertabelle - in der auch viele Zweitligisten vorkommen. (Quelle: transfermarkt.de; Hinweis: Nur Ligaspiele ber\u00fccksichtigt)&lt;\/em&gt;\" loading=\"lazy\" decoding=\"async\" data-nimg=\"fill\" style=\"position:absolute;height:100%;width:100%;left:0;top:0;right:0;bottom:0;object-fit:contain;color:transparent\" src=\"https:\/\/www.europesays.com\/de\/wp-content\/uploads\/2025\/05\/1748521451_503_profile:original\"\/>\u00a9 NurPhoto<\/p>\n<p class=\"css-1cmglxz\"><strong>Zuschauertabelle 2024\/25r: Diese Klubs lockten die meisten Fans ins Stadion<\/strong><br \/>Der deutsche Fu\u00dfball boomt weiterhin, Woche f\u00fcr Woche pilgerten in der Saison 2024\/25 zehntausende Fans in die Stadien der Republik. Welche Klubs durften in der Saison 2024\/25 im Schnitt die meisten Fans in ihren Arenen begr\u00fc\u00dfen? <strong>ran<\/strong> zeigt die Zuschauertabelle &#8211; in der auch viele Zweitligisten vorkommen. (Quelle: transfermarkt.de; Hinweis: Nur Ligaspiele ber\u00fccksichtigt)<\/p>\n<p><img alt=\"&lt;strong&gt;20. Platz: FC St. Pauli - Schnitt: 29.506&lt;\/strong&gt;&lt;br&gt;- Stadion: Millerntor-Stadion&lt;br&gt;- Kapazit\u00e4t: 29.546\" loading=\"lazy\" decoding=\"async\" data-nimg=\"fill\" style=\"position:absolute;height:100%;width:100%;left:0;top:0;right:0;bottom:0;object-fit:contain;color:transparent\" src=\"https:\/\/www.europesays.com\/de\/wp-content\/uploads\/2025\/05\/1748521452_410_profile:original\"\/>\u00a9 MIS<\/p>\n<p class=\"css-1cmglxz\"><strong>20. Platz: FC St. Pauli &#8211; Schnitt: 29.506<\/strong><br \/>&#8211; Stadion: Millerntor-Stadion<br \/>&#8211; Kapazit\u00e4t: 29.546<\/p>\n<p><img alt=\"&lt;strong&gt;19. Platz: FC Augsburg - Schnitt: 29.820&lt;\/strong&gt;&lt;br&gt;- Stadion: WWK Arena&lt;br&gt;- Kapazit\u00e4t: 30.660\" loading=\"lazy\" decoding=\"async\" data-nimg=\"fill\" style=\"position:absolute;height:100%;width:100%;left:0;top:0;right:0;bottom:0;object-fit:contain;color:transparent\" src=\"https:\/\/www.europesays.com\/de\/wp-content\/uploads\/2025\/05\/1748521454_932_profile:original\"\/>\u00a9 MIS<\/p>\n<p class=\"css-1cmglxz\"><strong>19. Platz: FC Augsburg &#8211; Schnitt: 29.820<\/strong><br \/>&#8211; Stadion: WWK Arena<br \/>&#8211; Kapazit\u00e4t: 30.660<\/p>\n<p><img alt=\"&lt;strong&gt;18. Platz: Bayer Leverkusen - Schnitt: 29.961&lt;\/strong&gt;&lt;br&gt;- Stadion: BayArena&lt;br&gt;- Kapazit\u00e4t: 30.210\" loading=\"lazy\" decoding=\"async\" data-nimg=\"fill\" style=\"position:absolute;height:100%;width:100%;left:0;top:0;right:0;bottom:0;object-fit:contain;color:transparent\" src=\"https:\/\/www.europesays.com\/de\/wp-content\/uploads\/2025\/05\/1748521456_33_profile:original\"\/>\u00a9 Vitalii Kliuiev<\/p>\n<p class=\"css-1cmglxz\"><strong>18. Platz: Bayer Leverkusen &#8211; Schnitt: 29.961<\/strong><br \/>&#8211; Stadion: BayArena<br \/>&#8211; Kapazit\u00e4t: 30.210<\/p>\n<p><img alt=\"&lt;strong&gt;17. Platz: 1. FSV Mainz 05 - Schnitt: 32.390&lt;\/strong&gt;&lt;br&gt;- Stadion: MEWA Arena&lt;br&gt;- Kapazit\u00e4t: 33.305\" loading=\"lazy\" decoding=\"async\" data-nimg=\"fill\" style=\"position:absolute;height:100%;width:100%;left:0;top:0;right:0;bottom:0;object-fit:contain;color:transparent\" src=\"https:\/\/www.europesays.com\/de\/wp-content\/uploads\/2025\/05\/1748521457_771_profile:original\"\/>\u00a9 2024 Getty Images<\/p>\n<p class=\"css-1cmglxz\"><strong>17. Platz: 1. FSV Mainz 05 &#8211; Schnitt: 32.390<\/strong><br \/>&#8211; Stadion: MEWA Arena<br \/>&#8211; Kapazit\u00e4t: 33.305<\/p>\n<p><img alt=\"&lt;strong&gt;16. Platz: SC Freiburg - Schnitt: 34.188&lt;\/strong&gt;&lt;br&gt;- Stadion: Europa-Park Stadion&lt;br&gt;- Kapazit\u00e4t: 34.700\" loading=\"lazy\" decoding=\"async\" data-nimg=\"fill\" style=\"position:absolute;height:100%;width:100%;left:0;top:0;right:0;bottom:0;object-fit:contain;color:transparent\" src=\"https:\/\/www.europesays.com\/de\/wp-content\/uploads\/2025\/05\/1748521459_82_profile:original\"\/>\u00a9 Fotostand<\/p>\n<p class=\"css-1cmglxz\"><strong>16. Platz: SC Freiburg &#8211; Schnitt: 34.188<\/strong><br \/>&#8211; Stadion: Europa-Park Stadion<br \/>&#8211; Kapazit\u00e4t: 34.700<\/p>\n<p><img alt=\"&lt;strong&gt;15. Platz: 1. FC N\u00fcrnberg - Schnitt: 37.408&lt;\/strong&gt;&lt;br&gt;- Stadion: Max-Morlock-Stadion&lt;br&gt;- Kapazit\u00e4t: 50.000\" loading=\"lazy\" decoding=\"async\" data-nimg=\"fill\" style=\"position:absolute;height:100%;width:100%;left:0;top:0;right:0;bottom:0;object-fit:contain;color:transparent\" src=\"https:\/\/www.europesays.com\/de\/wp-content\/uploads\/2025\/05\/1748521461_277_profile:original\"\/>\u00a9 Zink<\/p>\n<p class=\"css-1cmglxz\"><strong>15. Platz: 1. FC N\u00fcrnberg &#8211; Schnitt: 37.408<\/strong><br \/>&#8211; Stadion: Max-Morlock-Stadion<br \/>&#8211; Kapazit\u00e4t: 50.000<\/p>\n<p><img alt=\"&lt;strong&gt;14. Platz: Hannover 96 - Schnitt: 38.300&lt;\/strong&gt;&lt;br&gt;- Stadion: Heinz-von-Heiden-Arena&lt;br&gt;- Kapazit\u00e4t: 49.000\" loading=\"lazy\" decoding=\"async\" data-nimg=\"fill\" style=\"position:absolute;height:100%;width:100%;left:0;top:0;right:0;bottom:0;object-fit:contain;color:transparent\" src=\"https:\/\/www.europesays.com\/de\/wp-content\/uploads\/2025\/05\/1748521463_737_profile:original\"\/>\u00a9 Noah Wedel<\/p>\n<p class=\"css-1cmglxz\"><strong>14. Platz: Hannover 96 &#8211; Schnitt: 38.300<\/strong><br \/>&#8211; Stadion: Heinz-von-Heiden-Arena<br \/>&#8211; Kapazit\u00e4t: 49.000<\/p>\n<p><img alt=\"&lt;strong&gt;13. Platz: SV Werder Bremen - Schnitt: 41.403&lt;\/strong&gt;&lt;br&gt;- Stadion: Weserstadion&lt;br&gt;- Kapazit\u00e4t: 42.100\" loading=\"lazy\" decoding=\"async\" data-nimg=\"fill\" style=\"position:absolute;height:100%;width:100%;left:0;top:0;right:0;bottom:0;object-fit:contain;color:transparent\" src=\"https:\/\/www.europesays.com\/de\/wp-content\/uploads\/2025\/05\/1748521465_754_profile:original\"\/>\u00a9 2024 Getty Images<\/p>\n<p class=\"css-1cmglxz\"><strong>13. Platz: SV Werder Bremen &#8211; Schnitt: 41.403<\/strong><br \/>&#8211; Stadion: Weserstadion<br \/>&#8211; Kapazit\u00e4t: 42.100<\/p>\n<p><img alt=\"&lt;strong&gt;12. Platz: Fortuna D\u00fcsseldorf - Schnitt: 41.488&lt;\/strong&gt;&lt;br&gt;- Stadion: Merkur Spiel-Arena&lt;br&gt;- Kapazit\u00e4t: 54.600\" loading=\"lazy\" decoding=\"async\" data-nimg=\"fill\" style=\"position:absolute;height:100%;width:100%;left:0;top:0;right:0;bottom:0;object-fit:contain;color:transparent\" src=\"https:\/\/www.europesays.com\/de\/wp-content\/uploads\/2025\/05\/1748521466_517_profile:original\"\/>\u00a9 2024 Getty Images<\/p>\n<p class=\"css-1cmglxz\"><strong>12. Platz: Fortuna D\u00fcsseldorf &#8211; Schnitt: 41.488<\/strong><br \/>&#8211; Stadion: Merkur Spiel-Arena<br \/>&#8211; Kapazit\u00e4t: 54.600<\/p>\n<p><img alt=\"&lt;strong&gt;11. Platz: RB Leipzig - Schnitt: 45.045&lt;\/strong&gt;&lt;br&gt;- Stadion: Red Bull Arena&lt;br&gt;- Kapazit\u00e4t: 47.000\" loading=\"lazy\" decoding=\"async\" data-nimg=\"fill\" style=\"position:absolute;height:100%;width:100%;left:0;top:0;right:0;bottom:0;object-fit:contain;color:transparent\" src=\"https:\/\/www.europesays.com\/de\/wp-content\/uploads\/2025\/05\/1748521468_499_profile:original\"\/>\u00a9 2024 Getty Images<\/p>\n<p class=\"css-1cmglxz\"><strong>11. Platz: RB Leipzig &#8211; Schnitt: 45.045<\/strong><br \/>&#8211; Stadion: Red Bull Arena<br \/>&#8211; Kapazit\u00e4t: 47.000<\/p>\n<p><img alt=\"&lt;strong&gt;10. Platz: 1. FC Kaiserslautern - Schnitt: 46.348&lt;\/strong&gt;&lt;br&gt;- Stadion: Fritz-Walter-Stadion&lt;br&gt;- Kapazit\u00e4t: 49.350\" loading=\"lazy\" decoding=\"async\" data-nimg=\"fill\" style=\"position:absolute;height:100%;width:100%;left:0;top:0;right:0;bottom:0;object-fit:contain;color:transparent\" src=\"https:\/\/www.europesays.com\/de\/wp-content\/uploads\/2025\/05\/1748521470_545_profile:original\"\/>\u00a9 Thomas Frey<\/p>\n<p class=\"css-1cmglxz\"><strong>10. Platz: 1. FC Kaiserslautern &#8211; Schnitt: 46.348<\/strong><br \/>&#8211; Stadion: Fritz-Walter-Stadion<br \/>&#8211; Kapazit\u00e4t: 49.350<\/p>\n<p><img alt=\"&lt;strong&gt;9. Platz: 1. FC K\u00f6ln - Schnitt: 49.929&lt;\/strong&gt;&lt;br&gt;- Stadion: Rheinenergiestadion&lt;br&gt;- Kapazit\u00e4t: 50.000\" loading=\"lazy\" decoding=\"async\" data-nimg=\"fill\" style=\"position:absolute;height:100%;width:100%;left:0;top:0;right:0;bottom:0;object-fit:contain;color:transparent\" src=\"https:\/\/www.europesays.com\/de\/wp-content\/uploads\/2025\/05\/1748521471_947_profile:original\"\/>\u00a9 Mika Volkmann<\/p>\n<p class=\"css-1cmglxz\"><strong>9. Platz: 1. FC K\u00f6ln &#8211; Schnitt: 49.929<\/strong><br \/>&#8211; Stadion: Rheinenergiestadion<br \/>&#8211; Kapazit\u00e4t: 50.000<\/p>\n<p><img alt=\"&lt;strong&gt;8. Platz: Borussia M\u00f6nchengladbach - Schnitt: 53.078&lt;\/strong&gt;&lt;br&gt;- Stadion: Borussia-Park&lt;br&gt;- Kapazit\u00e4t: 54.042\" loading=\"lazy\" decoding=\"async\" data-nimg=\"fill\" style=\"position:absolute;height:100%;width:100%;left:0;top:0;right:0;bottom:0;object-fit:contain;color:transparent\" src=\"https:\/\/www.europesays.com\/de\/wp-content\/uploads\/2025\/05\/1748521473_164_profile:original\"\/>\u00a9 2024 Getty Images<\/p>\n<p class=\"css-1cmglxz\"><strong>8. Platz: Borussia M\u00f6nchengladbach &#8211; Schnitt: 53.078<\/strong><br \/>&#8211; Stadion: Borussia-Park<br \/>&#8211; Kapazit\u00e4t: 54.042<\/p>\n<p><img alt=\"&lt;strong&gt;7. Platz: Hertha BSC - Schnitt: 53.191&lt;\/strong&gt;&lt;br&gt;- Stadion: Olympiastadion&lt;br&gt;- Kapazit\u00e4t: 74.667\" loading=\"lazy\" decoding=\"async\" data-nimg=\"fill\" style=\"position:absolute;height:100%;width:100%;left:0;top:0;right:0;bottom:0;object-fit:contain;color:transparent\" src=\"https:\/\/www.europesays.com\/de\/wp-content\/uploads\/2025\/05\/1748521476_857_profile:original\"\/>\u00a9 Metodi Popow<\/p>\n<p class=\"css-1cmglxz\"><strong>7. Platz: Hertha BSC &#8211; Schnitt: 53.191<\/strong><br \/>&#8211; Stadion: Olympiastadion<br \/>&#8211; Kapazit\u00e4t: 74.667<\/p>\n<p><img alt=\"&lt;strong&gt;6. Platz: Hamburger SV - Schnitt: 56.324&lt;\/strong&gt;&lt;br&gt;- Stadion: Volksparkstadion&lt;br&gt;- Kapazit\u00e4t: 57.000\" loading=\"lazy\" decoding=\"async\" data-nimg=\"fill\" style=\"position:absolute;height:100%;width:100%;left:0;top:0;right:0;bottom:0;object-fit:contain;color:transparent\" src=\"https:\/\/www.europesays.com\/de\/wp-content\/uploads\/2025\/05\/1748521477_110_profile:original\"\/>\u00a9 2024 Getty Images<\/p>\n<p class=\"css-1cmglxz\"><strong>6. Platz: Hamburger SV &#8211; Schnitt: 56.324<\/strong><br \/>&#8211; Stadion: Volksparkstadion<br \/>&#8211; Kapazit\u00e4t: 57.000<\/p>\n<p><img alt=\"&lt;strong&gt;5. Platz: Eintracht Frankfurt - Schnitt: 57.600&lt;\/strong&gt;&lt;br&gt;- Stadion: Deutsche Bank Park&lt;br&gt;- Kapazit\u00e4t: 58.000\" loading=\"lazy\" decoding=\"async\" data-nimg=\"fill\" style=\"position:absolute;height:100%;width:100%;left:0;top:0;right:0;bottom:0;object-fit:contain;color:transparent\" src=\"https:\/\/www.europesays.com\/de\/wp-content\/uploads\/2025\/05\/1748521478_999_profile:original\"\/>\u00a9 2024 Getty Images<\/p>\n<p class=\"css-1cmglxz\"><strong>5. Platz: Eintracht Frankfurt &#8211; Schnitt: 57.600<\/strong><br \/>&#8211; Stadion: Deutsche Bank Park<br \/>&#8211; Kapazit\u00e4t: 58.000<\/p>\n<p><img alt=\"&lt;strong&gt;4. Platz: VfB Stuttgart - Schnitt: 59.265&lt;\/strong&gt;&lt;br&gt;- Stadion: MHPArena&lt;br&gt;- Kapazit\u00e4t: 60.449\" loading=\"lazy\" decoding=\"async\" data-nimg=\"fill\" style=\"position:absolute;height:100%;width:100%;left:0;top:0;right:0;bottom:0;object-fit:contain;color:transparent\" src=\"https:\/\/www.europesays.com\/de\/wp-content\/uploads\/2025\/05\/1748521480_962_profile:original\"\/>\u00a9 Michael Weber<\/p>\n<p class=\"css-1cmglxz\"><strong>4. Platz: VfB Stuttgart &#8211; Schnitt: 59.265<\/strong><br \/>&#8211; Stadion: MHPArena<br \/>&#8211; Kapazit\u00e4t: 60.449<\/p>\n<p><img alt=\"&lt;strong&gt;3. Platz: FC Schalke 04 - Schnitt: 61.639&lt;\/strong&gt;&lt;br&gt;- Stadion: Veltins-Arena&lt;br&gt;- Kapazit\u00e4t: 62.271\" loading=\"lazy\" decoding=\"async\" data-nimg=\"fill\" style=\"position:absolute;height:100%;width:100%;left:0;top:0;right:0;bottom:0;object-fit:contain;color:transparent\" src=\"https:\/\/www.europesays.com\/de\/wp-content\/uploads\/2025\/05\/1748521482_545_profile:original\"\/>\u00a9 2024 Getty Images<\/p>\n<p class=\"css-1cmglxz\"><strong>3. Platz: FC Schalke 04 &#8211; Schnitt: 61.639<\/strong><br \/>&#8211; Stadion: Veltins-Arena<br \/>&#8211; Kapazit\u00e4t: 62.271<\/p>\n<p><img alt=\"&lt;strong&gt;2. Platz: FC Bayern M\u00fcnchen - Schnitt: 75.000&lt;\/strong&gt;&lt;br&gt;- Stadion: Allianz Arena&lt;br&gt;- Kapazit\u00e4t: 75.000\" loading=\"lazy\" decoding=\"async\" data-nimg=\"fill\" style=\"position:absolute;height:100%;width:100%;left:0;top:0;right:0;bottom:0;object-fit:contain;color:transparent\" src=\"https:\/\/www.europesays.com\/de\/wp-content\/uploads\/2025\/05\/1748521484_389_profile:original\"\/>\u00a9 Picture Point LE<\/p>\n<p class=\"css-1cmglxz\"><strong>2. Platz: FC Bayern M\u00fcnchen &#8211; Schnitt: 75.000<\/strong><br \/>&#8211; Stadion: Allianz Arena<br \/>&#8211; Kapazit\u00e4t: 75.000<\/p>\n<p><img alt=\"&lt;strong&gt;1. Platz: Borussia Dortmund - Schnitt: 81.365&lt;\/strong&gt;&lt;br&gt;- Stadion: Signal Iduna Park&lt;br&gt;- Kapazit\u00e4t: 81.365\" loading=\"lazy\" decoding=\"async\" data-nimg=\"fill\" style=\"position:absolute;height:100%;width:100%;left:0;top:0;right:0;bottom:0;object-fit:contain;color:transparent\" src=\"https:\/\/www.europesays.com\/de\/wp-content\/uploads\/2025\/05\/1748521485_785_profile:original\"\/>\u00a9 osnapix<\/p>\n<p class=\"css-1cmglxz\"><strong>1. Platz: Borussia Dortmund &#8211; Schnitt: 81.365<\/strong><br \/>&#8211; Stadion: Signal Iduna Park<br \/>&#8211; Kapazit\u00e4t: 81.365<\/p>\n<p>Wagner in Augsburg: Eine Win-Win-Situation<\/p>\n<p class=\"css-1cmglxz\">F\u00fcr beide Seiten ist es ein gewagter Schritt &#8211; und dennoch k\u00f6nnte eine Win-Win-Situation entstehen. Wagner bekommt die Chance, seine ersten Schritte in der Bundesliga zu gehen, ohne dabei aber direkt unter dem gro\u00dfen Mediendruck zerquetscht zu werden. Bei einem Team, dass sich nach Offensivfu\u00dfball sehnt und seine Philosophie entsprechend st\u00fctzt.<\/p>\n<p class=\"css-1cmglxz\">Auch seine aktive Zeit als Fu\u00dfballer wird Wagner dabei helfen. Wagner sammelte 180 Eins\u00e4tze in der Bundesliga, kommt dabei auf fast 10.000 Spielminuten. &#8222;Er kennt das Gesch\u00e4ft,&#8220; ordnet Lothar Matth\u00e4us die Situation bei &#8222;Bild&#8220; ein. Der deutsche Rekord-Nationalspieler traut seinem Landsmann &#8222;viel und auch gro\u00dfe Aufgaben zu.\u201c<\/p>\n<p class=\"css-1cmglxz\">F\u00fcr die bayerischen Schwaben ist der talentierte Trainer eine Chance, endlich das Image als &#8222;Graue Maus&#8220; abzulegen. W\u00e4hrend die Mannschaft zuletzt vermehrt Angsthasenfu\u00dfball spielten, k\u00f6nnte Wagner der Offensive neuen Schwung verleihen.<\/p>\n","protected":false},"excerpt":{"rendered":"Sandro Wagner \u00fcbernimmt als Cheftrainer beim FC Augsburg. Doch warum tut sich der Nagelsmann-Co die Fuggerst\u00e4dter an und&hellip;\n","protected":false},"author":2,"featured_media":148859,"comment_status":"","ping_status":"","sticky":false,"template":"","format":"standard","meta":{"footnotes":""},"categories":[1846],"tags":[680,772,299,8087,3364,29,548,663,3934,483,40722,30,13,14,15,26191,34776,15179,12,5843],"class_list":{"0":"post-148858","1":"post","2":"type-post","3":"status-publish","4":"format-standard","5":"has-post-thumbnail","7":"category-augsburg","8":"tag-augsburg","9":"tag-bayern","10":"tag-bundesliga","11":"tag-chance","12":"tag-de","13":"tag-deutschland","14":"tag-eu","15":"tag-europa","16":"tag-europe","17":"tag-fc-augsburg","18":"tag-fca","19":"tag-germany","20":"tag-headlines","21":"tag-nachrichten","22":"tag-news","23":"tag-offiziell","24":"tag-risiko","25":"tag-sandro-wagner","26":"tag-schlagzeilen","27":"tag-trainer"},"share_on_mastodon":{"url":"https:\/\/pubeurope.com\/@de\/114591109356911299","error":""},"_links":{"self":[{"href":"https:\/\/www.europesays.com\/de\/wp-json\/wp\/v2\/posts\/148858","targetHints":{"allow":["GET"]}}],"collection":[{"href":"https:\/\/www.europesays.com\/de\/wp-json\/wp\/v2\/posts"}],"about":[{"href":"https:\/\/www.europesays.com\/de\/wp-json\/wp\/v2\/types\/post"}],"author":[{"embeddable":true,"href":"https:\/\/www.europesays.com\/de\/wp-json\/wp\/v2\/users\/2"}],"replies":[{"embeddable":true,"href":"https:\/\/www.europesays.com\/de\/wp-json\/wp\/v2\/comments?post=148858"}],"version-history":[{"count":0,"href":"https:\/\/www.europesays.com\/de\/wp-json\/wp\/v2\/posts\/148858\/revisions"}],"wp:featuredmedia":[{"embeddable":true,"href":"https:\/\/www.europesays.com\/de\/wp-json\/wp\/v2\/media\/148859"}],"wp:attachment":[{"href":"https:\/\/www.europesays.com\/de\/wp-json\/wp\/v2\/media?parent=148858"}],"wp:term":[{"taxonomy":"category","embeddable":true,"href":"https:\/\/www.europesays.com\/de\/wp-json\/wp\/v2\/categories?post=148858"},{"taxonomy":"post_tag","embeddable":true,"href":"https:\/\/www.europesays.com\/de\/wp-json\/wp\/v2\/tags?post=148858"}],"curies":[{"name":"wp","href":"https:\/\/api.w.org\/{rel}","templated":true}]}}