{"id":148890,"date":"2025-05-29T12:42:12","date_gmt":"2025-05-29T12:42:12","guid":{"rendered":"https:\/\/www.europesays.com\/de\/148890\/"},"modified":"2025-05-29T12:42:12","modified_gmt":"2025-05-29T12:42:12","slug":"internationale-tourismusausgaben-in-europa-steigen-laut-bericht-in-diesem-jahr-um-11","status":"publish","type":"post","link":"https:\/\/www.europesays.com\/de\/148890\/","title":{"rendered":"Internationale Tourismusausgaben in Europa steigen laut Bericht in diesem Jahr um 11 %"},"content":{"rendered":"<p>                    Die internationalen Reiseausgaben in Europa werden in diesem Jahr voraussichtlich um 11 % auf 838 Milliarden US-Dollar steigen, wobei Frankreich und Spanien laut einem Bericht des World Travel and Tourism Council zu den L\u00e4ndern mit den h\u00f6chsten Besucherzahlen z\u00e4hlen werden.<\/p>\n<p>Die optimistische Prognose k\u00f6nnte teilweise dadurch beeinflusst sein, dass einige Touristen die Vereinigten Staaten meiden, da der WTTC f\u00fcr dieses Jahr einen R\u00fcckgang der Ausgaben ausl\u00e4ndischer Besucher in den USA um etwa 7 % erwartet.<\/p>\n<p>Die Gesch\u00e4ftsf\u00fchrerin der Organisation, Julia Simpson, erkl\u00e4rte auf einer Pressekonferenz, dass die Nachbarn aus Kanada und Mexiko angesichts der Handels- und Einwanderungspolitik von Pr\u00e4sident Donald Trump oder der ung\u00fcnstigen Wechselkurse m\u00f6glicherweise auf Reisen in die USA verzichten werden, &#8222;was bedeutet, dass mehr Menschen nach Europa kommen werden&#8220;.<\/p>\n<p>Der WTTC, der den privaten Sektor der Reisebranche vertritt, sch\u00e4tzt, dass Touristen in diesem Jahr 6 % \u2013 oder 113,2 Milliarden Euro (127,7 Milliarden US-Dollar) \u2013 mehr in Spanien ausgeben werden als 2024, wobei zwischen 98 und 100 Millionen Besucher den Rekordwert des Vorjahres von 94 Millionen \u00fcbertreffen werden.<\/p>\n<p>&#8222;Die Amerikaner werden weiterhin ins Ausland reisen &#8230; und sie werden in Spanien sehr willkommen sein&#8220;, sagte Simpson.<\/p>\n<p>Laut WTTC wird Frankreich weiterhin mehr Touristen empfangen als Spanien, w\u00e4hrend die USA der weltweit gr\u00f6\u00dfte Reise- und Tourismusmarkt bleiben.<\/p>\n<p>(1 Dollar = 0,8865 Euro) (Berichterstattung von Corina Pons. Redaktion: David Latona und Mark Potter)<\/p>\n","protected":false},"excerpt":{"rendered":"Die internationalen Reiseausgaben in Europa werden in diesem Jahr voraussichtlich um 11 % auf 838 Milliarden US-Dollar steigen,&hellip;\n","protected":false},"author":2,"featured_media":148891,"comment_status":"","ping_status":"","sticky":false,"template":"","format":"standard","meta":{"footnotes":""},"categories":[3933],"tags":[331,332,665,548,663,158,3934,3935,13,14,15,12],"class_list":{"0":"post-148890","1":"post","2":"type-post","3":"status-publish","4":"format-standard","5":"has-post-thumbnail","7":"category-eu","8":"tag-aktuelle-nachrichten","9":"tag-aktuelle-news","10":"tag-boerse","11":"tag-eu","12":"tag-europa","13":"tag-europaeische-union","14":"tag-europe","15":"tag-european-union","16":"tag-headlines","17":"tag-nachrichten","18":"tag-news","19":"tag-schlagzeilen"},"share_on_mastodon":{"url":"https:\/\/pubeurope.com\/@de\/114591179986006887","error":""},"_links":{"self":[{"href":"https:\/\/www.europesays.com\/de\/wp-json\/wp\/v2\/posts\/148890","targetHints":{"allow":["GET"]}}],"collection":[{"href":"https:\/\/www.europesays.com\/de\/wp-json\/wp\/v2\/posts"}],"about":[{"href":"https:\/\/www.europesays.com\/de\/wp-json\/wp\/v2\/types\/post"}],"author":[{"embeddable":true,"href":"https:\/\/www.europesays.com\/de\/wp-json\/wp\/v2\/users\/2"}],"replies":[{"embeddable":true,"href":"https:\/\/www.europesays.com\/de\/wp-json\/wp\/v2\/comments?post=148890"}],"version-history":[{"count":0,"href":"https:\/\/www.europesays.com\/de\/wp-json\/wp\/v2\/posts\/148890\/revisions"}],"wp:featuredmedia":[{"embeddable":true,"href":"https:\/\/www.europesays.com\/de\/wp-json\/wp\/v2\/media\/148891"}],"wp:attachment":[{"href":"https:\/\/www.europesays.com\/de\/wp-json\/wp\/v2\/media?parent=148890"}],"wp:term":[{"taxonomy":"category","embeddable":true,"href":"https:\/\/www.europesays.com\/de\/wp-json\/wp\/v2\/categories?post=148890"},{"taxonomy":"post_tag","embeddable":true,"href":"https:\/\/www.europesays.com\/de\/wp-json\/wp\/v2\/tags?post=148890"}],"curies":[{"name":"wp","href":"https:\/\/api.w.org\/{rel}","templated":true}]}}