{"id":148966,"date":"2025-05-29T13:22:11","date_gmt":"2025-05-29T13:22:11","guid":{"rendered":"https:\/\/www.europesays.com\/de\/148966\/"},"modified":"2025-05-29T13:22:11","modified_gmt":"2025-05-29T13:22:11","slug":"veronica-ferres-ruehrender-post-im-hochzeitskleid","status":"publish","type":"post","link":"https:\/\/www.europesays.com\/de\/148966\/","title":{"rendered":"Veronica Ferres: R\u00fchrender Post im Hochzeitskleid"},"content":{"rendered":"<p>&#8222;Ich vermisse dich f\u00fcr immer&#8220; <\/p>\n<p>Veronica Ferres zeigt sich in r\u00fchrendem Post im Hochzeitskleid<\/p>\n<p>29.05.2025 &#8211; 13:46 UhrLesedauer: 2 Min.<\/p>\n<p><a href=\"#focus-0\" class=\"transition-colors duration-200 focus-within:text-magenta block text-current relative\" data-sctrack=\"FocusGalleryImage.Reference\"><img fetchpriority=\"high\" data-testid=\"Opener.Image\" style=\"--lqipURL:url('https:\/\/images.t-online.de\/2025\/03\/D2FycaCXQliH\/955x197:1436x808\/fit-in\/150x0\/filters:blur(25)\/veronica-ferres-sie-steht-seit-37-jahren-vor-der-kamera.jpg')\"   loading=\"eager\" src=\"https:\/\/www.europesays.com\/de\/wp-content\/uploads\/2025\/05\/veronica-ferres-sie-steht-seit-37-jahren-vor-der-kamera.jpg\" alt=\"Veronica Ferres: Sie steht seit 37 Jahren vor der Kamera.\" title=\"Veronica Ferres: Sie steht seit 37 Jahren vor der Kamera.\" width=\"1436\" height=\"808\" class=\"bg-[url:var(--lqipURL)] bg-cover bg-center flex w-full max-w-full h-full\" decoding=\"async\"\/><img style=\"--width:32;--height:32\" loading=\"lazy\" src=\"https:\/\/www.europesays.com\/de\/wp-content\/uploads\/2025\/05\/zoom-in.f7dae02f.svg.svg+xml\" alt=\"Vergr\u00f6\u00dfern des Bildes\" title=\"Vergr\u00f6\u00dfern des Bildes\" class=\"&#10;        block&#10;        h-[calc(var(--height)_\/_16_*_1rem)]&#10;        w-[calc(var(--width)_\/_16_*_1rem)]&#10;        max-w-none&#10;        absolute bottom-8 right-8 rounded-4 bg-snow p-8\" decoding=\"async\"\/><\/a><\/p>\n<p>Veronica Ferres: Sie steht seit 37 Jahren vor der Kamera. (Quelle: IMAGO\/Dave Bedrosian)<\/p>\n<p class=\"font-bold text-18 leading-17\">Schauspielerin Veronica Ferres erinnert zum Vatertag an einen bewegenden Moment in ihrem Leben. Sie zeigt sich an ihrem Hochzeitstag ganz in Wei\u00df.<\/p>\n<p class=\"text-18 leading-17\"><a class=\"transition-colors duration-200 cursor-pointer text-inherit no-underline text-salemsfur md:hover:text-magenta md:hover:border-magenta md:focus:text-magenta border-current border-b border-solid break-words\" href=\"https:\/\/www.t-online.de\/themen\/veronica-ferres\/\" data-sctrack=\"BodyAnchor\" rel=\"nofollow noopener\" target=\"_blank\">Veronica Ferres<\/a> gibt zum Vatertag einen Einblick in ihre Gef\u00fchlswelt. Vor zehn Jahren musste sie einen schweren Schicksalsschlag verkraften. Ihr Vater Peter Ferres verstarb im April 2015 im Alter von 85 Jahren. Nun erinnert die Schauspielerin an einen besonderen gemeinsamen Moment.<\/p>\n<p class=\"text-18 leading-17\">Im September 2014 hatte Veronica Ferres &#8222;Die H\u00f6hle der L\u00f6wen&#8220;-Investor Carsten Maschmeyer das Jawort gegeben. An der Zeremonie nahm auch ihr Vater teil \u2013 und eine traditionelle Rolle dabei ein: Er f\u00fchrte seine Tochter zum Traualtar. Ein Erinnerungsfoto des Moments teilt Ferres nun, elf Jahre sp\u00e4ter, auf ihrem Instagram-Account. Sie ist auf dem Bild in einem wei\u00dfen Brautkleid zu sehen, das mit floraler Spitze verziert ist, und h\u00e4lt einen Strau\u00df wei\u00dfer Rosen in der Hand. Ihr Vater l\u00e4uft an ihrer Seite mit einem Gehstock, tr\u00e4gt einen dunklen Anzug. &#8222;Heute ist Vatertag \u2013 und mein Herz ist schwer&#8220;, schreibt sie zu dem Post.<\/p>\n<p class=\"text-18 leading-17\">In der Bildunterschrift macht Veronica Ferres deutlich, welche L\u00fccke ihr Vater hinterlassen hat: &#8222;Du fehlst jeden Tag, aber an Tagen wie diesen ganz besonders. Ich denke an dein Lachen, deine St\u00e4rke und all die kleinen Dinge, die dich so einzigartig gemacht haben.&#8220;<\/p>\n<p class=\"text-18 leading-17\">&#8222;Danke f\u00fcr alles, was du mir mitgegeben hast. Du lebst in meinen Erinnerungen und in allem, was ich bin. Ich vermisse dich, Papa \u2013 f\u00fcr immer&#8220;, schlie\u00dft sie ihren Post ab, der von vielen ihrer Follower kommentiert wird. &#8222;Eine wundersch\u00f6ne Erinnerung&#8220;, &#8222;So ein sch\u00f6nes Foto&#8220; und &#8222;Im Herzen immer vereint&#8220;, schreiben sie. Ein Fan ist sich zudem sicher: &#8222;Aber er ist bestimmt stolz, so eine h\u00fcbsche Tochter zum Altar gef\u00fchrt zu haben.&#8220;<\/p>\n","protected":false},"excerpt":{"rendered":"&#8222;Ich vermisse dich f\u00fcr immer&#8220; Veronica Ferres zeigt sich in r\u00fchrendem Post im Hochzeitskleid 29.05.2025 &#8211; 13:46 UhrLesedauer:&hellip;\n","protected":false},"author":2,"featured_media":148967,"comment_status":"","ping_status":"","sticky":false,"template":"","format":"standard","meta":{"footnotes":""},"categories":[1776],"tags":[30721,1801,29,23366,214,30,11118,7621,3523,1802,215,28332,35742],"class_list":{"0":"post-148966","1":"post","2":"type-post","3":"status-publish","4":"format-standard","5":"has-post-thumbnail","7":"category-prominente","8":"tag-carsten-maschmeyer","9":"tag-celebrities","10":"tag-deutschland","11":"tag-die-hoehle-der-loewen","12":"tag-entertainment","13":"tag-germany","14":"tag-hochzeitskleid","15":"tag-hochzeitstag","16":"tag-kamera","17":"tag-prominente","18":"tag-unterhaltung","19":"tag-vatertag","20":"tag-veronica-ferres"},"share_on_mastodon":{"url":"https:\/\/pubeurope.com\/@de\/114591337464026463","error":""},"_links":{"self":[{"href":"https:\/\/www.europesays.com\/de\/wp-json\/wp\/v2\/posts\/148966","targetHints":{"allow":["GET"]}}],"collection":[{"href":"https:\/\/www.europesays.com\/de\/wp-json\/wp\/v2\/posts"}],"about":[{"href":"https:\/\/www.europesays.com\/de\/wp-json\/wp\/v2\/types\/post"}],"author":[{"embeddable":true,"href":"https:\/\/www.europesays.com\/de\/wp-json\/wp\/v2\/users\/2"}],"replies":[{"embeddable":true,"href":"https:\/\/www.europesays.com\/de\/wp-json\/wp\/v2\/comments?post=148966"}],"version-history":[{"count":0,"href":"https:\/\/www.europesays.com\/de\/wp-json\/wp\/v2\/posts\/148966\/revisions"}],"wp:featuredmedia":[{"embeddable":true,"href":"https:\/\/www.europesays.com\/de\/wp-json\/wp\/v2\/media\/148967"}],"wp:attachment":[{"href":"https:\/\/www.europesays.com\/de\/wp-json\/wp\/v2\/media?parent=148966"}],"wp:term":[{"taxonomy":"category","embeddable":true,"href":"https:\/\/www.europesays.com\/de\/wp-json\/wp\/v2\/categories?post=148966"},{"taxonomy":"post_tag","embeddable":true,"href":"https:\/\/www.europesays.com\/de\/wp-json\/wp\/v2\/tags?post=148966"}],"curies":[{"name":"wp","href":"https:\/\/api.w.org\/{rel}","templated":true}]}}