{"id":149025,"date":"2025-05-29T13:55:12","date_gmt":"2025-05-29T13:55:12","guid":{"rendered":"https:\/\/www.europesays.com\/de\/149025\/"},"modified":"2025-05-29T13:55:12","modified_gmt":"2025-05-29T13:55:12","slug":"bayer-leverkusen-verpflichtet-dfb-talent-tim-oermann-vom-vfl-bochum","status":"publish","type":"post","link":"https:\/\/www.europesays.com\/de\/149025\/","title":{"rendered":"Bayer Leverkusen verpflichtet DFB-Talent Tim Oermann vom VfL Bochum"},"content":{"rendered":"<p>Transferticker <\/p>\n<p>Deutscher U21-Nationalspieler wechselt nach Leverkusen<\/p>\n<p>Aktualisiert am 29.05.2025 &#8211; 11:01 UhrLesedauer: 16 Min.<\/p>\n<p><a href=\"#focus-0\" class=\"transition-colors duration-200 focus-within:text-magenta block text-current relative\" data-sctrack=\"FocusGalleryImage.Reference\"><img fetchpriority=\"high\" data-testid=\"Opener.Image\" style=\"--lqipURL:url('https:\/\/images.t-online.de\/2025\/05\/HNVn34-Oyd1k\/576x117:1276x718\/fit-in\/150x0\/filters:blur(25)\/tim-oermann-vfl-bochum-schaut-waehrend-des-spiels-der-1-bundesliga-zwischen-vfl-bochum-1848-und-1-fc-union-berlin-vonovia-ruhrstadion-am-27-april-2025-in-bochum-deutschland-foto-von-mario-hommes-defodi-images-tim-oermann-vfl-bochum-looks-on-during-the-bundesliga-match-between-vfl-bochum-1848-and-1-fc-union-berlin-at-vonovia-ruhrstadion-on-april-27-2025-in-bochum-germany-photo-by-mario-hommes-defodi-images-dfl-regulations-prohibit-any-use-of-photographs-as-image-sequences-and-or-quasi-v.jpg')\"   loading=\"eager\" src=\"https:\/\/www.europesays.com\/de\/wp-content\/uploads\/2025\/05\/tim-oermann-vfl-bochum-schaut-waehrend-des-spiels-der-1-bundesliga-zwischen-vfl-bochum-1848-und-1-fc.jpeg\" alt=\"imago images 1061460932\" title=\"imago images 1061460932\" width=\"1276\" height=\"718\" class=\"bg-[url:var(--lqipURL)] bg-cover bg-center flex w-full max-w-full h-full\" decoding=\"async\"\/><img style=\"--width:32;--height:32\" loading=\"lazy\" src=\"https:\/\/www.europesays.com\/de\/wp-content\/uploads\/2025\/05\/zoom-in.f7dae02f.svg.svg+xml\" alt=\"Vergr\u00f6\u00dfern des Bildes\" title=\"Vergr\u00f6\u00dfern des Bildes\" class=\"&#10;        block&#10;        h-[calc(var(--height)_\/_16_*_1rem)]&#10;        w-[calc(var(--width)_\/_16_*_1rem)]&#10;        max-w-none&#10;        absolute bottom-8 right-8 rounded-4 bg-snow p-8\" decoding=\"async\"\/><\/a><\/p>\n<p>Tim Oermann: F\u00fcr Bochum absolvierte er vergangene Saison 29 Spiele in der Bundesliga. (Quelle: IMAGO\/Mario Hommes\/DeFodi Images\/imago)<\/p>\n<p class=\"font-bold text-18 leading-17\">Die Bundesligasaison ist gerade erst vorbei. Doch bei den Klubs laufen schon die Planungen f\u00fcr die kommende Spielzeit. Alle wichtigen News im Transferticker.<\/p>\n<p class=\"text-18 leading-17\">Der diesj\u00e4hrige Transfersommer hat es in sich. Das liegt daran, dass die Klubs erstmals in zwei verschiedenen Zeitr\u00e4umen Spieler verpflichten d\u00fcrfen. Aufgrund der Klub-WM \u00f6ffnet das erste Transferfenster f\u00fcr die teilnehmenden Vereine bereits am 1. Juni und schlie\u00dft dann wieder am 10. Juni. Das regul\u00e4re Transferfenster erstreckt sich dann von 1. Juli bis zum 1. September.<\/p>\n<p class=\"text-18 leading-17\">Bayer Leverkusen hat sich die Dienste von Tim Oermann gesichert. Der 21 Jahre alte Abwehrspieler kommt vom Bundesliga-Absteiger <a class=\"transition-colors duration-200 cursor-pointer text-inherit no-underline text-salemsfur md:hover:text-magenta md:hover:border-magenta md:focus:text-magenta border-current border-b border-solid break-words\" href=\"https:\/\/www.t-online.de\/themen\/vfl-bochum\/\" data-sctrack=\"BodyAnchor\" target=\"_blank\" rel=\"noopener\">VfL Bochum<\/a> und unterschreibt beim Vizemeister einen Vertrag bis zum 30. Juni 2029. In der kommenden Saison wird Oermann jedoch noch nicht f\u00fcr die &#8222;Werkself&#8220; auflaufen. Der Klub verleiht den U21-Nationalspieler zun\u00e4chst zum \u00f6sterreichischen Meister <a class=\"transition-colors duration-200 cursor-pointer text-inherit no-underline text-salemsfur md:hover:text-magenta md:hover:border-magenta md:focus:text-magenta border-current border-b border-solid break-words\" href=\"https:\/\/www.t-online.de\/themen\/sturm-graz\/\" data-sctrack=\"BodyAnchor\" target=\"_blank\" rel=\"noopener\">Sturm Graz<\/a>.<\/p>\n<p class=\"text-18 leading-17\">Leverkusens Sport-Gesch\u00e4ftsf\u00fchrer Simon Rolfes erkl\u00e4rte, die Leihe nach Graz biete Oermann die M\u00f6glichkeit, sich bei einem Topklub weiterzuentwickeln und internationale Erfahrung zu sammeln. Das werde ihn &#8222;auf lange Sicht zu einem sehr guten Zugang f\u00fcr Bayer 04 machen&#8220;, so Rolfes. \u00dcber die Abl\u00f6sesumme machten der VfL Bochum und Leverkusen keine Angaben.<\/p>\n<p class=\"text-18 leading-17\">Bevor es f\u00fcr Oermann nach \u00d6sterreich geht, wartet noch ein weiteres Highlight: Der Innenverteidiger steht im Aufgebot der deutschen U21-Nationalmannschaft f\u00fcr die Europameisterschaft im Juni in der Slowakei.<\/p>\n<p class=\"text-18 leading-17\">Der deutsche Vize-Meister Bayer Leverkusen steht offenbar vor der Verpflichtung von Torh\u00fcter Mark Flekken. Wie der TV-Sender Sky berichtet, haben sich die Rheinl\u00e4nder mit dem ehemaligen Freiburger Schlussmann auf einen Vertrag bis 2028 geeinigt. Im Gespr\u00e4ch ist eine Abl\u00f6sesumme zwischen 10 und 14 Millionen Euro.<\/p>\n<p class=\"text-18 leading-17\">Flekken, der acht L\u00e4nderspiele f\u00fcr die Niederlande bestritt, hat beim FC Brentford in der englischen <a class=\"transition-colors duration-200 cursor-pointer text-inherit no-underline text-salemsfur md:hover:text-magenta md:hover:border-magenta md:focus:text-magenta border-current border-b border-solid break-words\" href=\"https:\/\/www.t-online.de\/themen\/premier-league\/\" data-sctrack=\"BodyAnchor\" target=\"_blank\" rel=\"noopener\">Premier League<\/a> noch einen Vertrag bis Sommer 2027. Der 1,94 Meter gro\u00dfe Torh\u00fcter hat eine starke Spielzeit hinter sich und steht mit einem Wechsel nach Leverkusen vor dem Sprung in die <a class=\"transition-colors duration-200 cursor-pointer text-inherit no-underline text-salemsfur md:hover:text-magenta md:hover:border-magenta md:focus:text-magenta border-current border-b border-solid break-words\" href=\"https:\/\/www.t-online.de\/sport\/ergebnisse-tabelle\/fussball\/champions-league\/ergebnisse\/sdc_fmdo-5\/champions-league-aktueller-spieltag.html\" data-sctrack=\"BodyAnchor\" target=\"_blank\" rel=\"noopener\">Champions League<\/a>.<\/p>\n<p class=\"text-18 leading-17\">Auf der Torh\u00fcterposition besteht bei Bayer Bedarf. Kapit\u00e4n Lukas Hradecky ist bereits 35 Jahre und soll demn\u00e4chst abgel\u00f6st werden. Der Versuch, Mat\u011bj Kov\u00e1\u0159 als Nachfolger aufzubauen, ist offenbar nicht zur Zufriedenheit der Bayer-Bosse gelungen. Kov\u00e1\u0159 soll bei einer Verpflichtung von Flekken wieder abgegeben werden.<\/p>\n<p class=\"text-18 leading-17\">Der FC Bayern verkauft Talent Frans Kr\u00e4tzig an Red Bull Salzburg. Das gab der deutsche Rekordmeister am Mittwoch bekannt. Der Defensivspieler war zuletzt an den <a class=\"transition-colors duration-200 cursor-pointer text-inherit no-underline text-salemsfur md:hover:text-magenta md:hover:border-magenta md:focus:text-magenta border-current border-b border-solid break-words\" href=\"https:\/\/www.t-online.de\/themen\/vfb-stuttgart\/\" data-sctrack=\"BodyAnchor\" target=\"_blank\" rel=\"noopener\">VfB Stuttgart<\/a> und den <a class=\"transition-colors duration-200 cursor-pointer text-inherit no-underline text-salemsfur md:hover:text-magenta md:hover:border-magenta md:focus:text-magenta border-current border-b border-solid break-words\" href=\"https:\/\/www.t-online.de\/themen\/1-fc-heidenheim\/\" data-sctrack=\"BodyAnchor\" target=\"_blank\" rel=\"noopener\">1. FC Heidenheim<\/a> ausgeliehen. Nun trennt sich Bayern dauerhaft von dem 22-J\u00e4hrigen. In Salzburg erh\u00e4lt er einen Vertrag bis 2028.<\/p>\n<p class=\"text-18 leading-17\">Kr\u00e4tzig lief bereits sieben Mal f\u00fcr die Profis des FC Bayern auf, konnte sich aber bislang nicht dauerhaft durchsetzen. &#8222;Er ist ein weiterer Spieler, der vom FC Bayern ausgebildet wurde und seinen Weg im Profifu\u00dfball macht. Wir w\u00fcnschen ihm alles Gute&#8220;, zitiert die Pressemitteilung Bayern-Sportdirektor <a class=\"transition-colors duration-200 cursor-pointer text-inherit no-underline text-salemsfur md:hover:text-magenta md:hover:border-magenta md:focus:text-magenta border-current border-b border-solid break-words\" href=\"https:\/\/www.t-online.de\/themen\/christoph-freund\/\" data-sctrack=\"BodyAnchor\" target=\"_blank\" rel=\"noopener\">Christoph Freund<\/a>. Welche Abl\u00f6sesumme Salzburg f\u00fcr die Dienste von Kr\u00e4tzig nach M\u00fcnchen \u00fcberweist, ist nicht bekannt.<\/p>\n","protected":false},"excerpt":{"rendered":"Transferticker Deutscher U21-Nationalspieler wechselt nach Leverkusen Aktualisiert am 29.05.2025 &#8211; 11:01 UhrLesedauer: 16 Min. Tim Oermann: F\u00fcr Bochum&hellip;\n","protected":false},"author":2,"featured_media":149026,"comment_status":"","ping_status":"","sticky":false,"template":"","format":"standard","meta":{"footnotes":""},"categories":[1839],"tags":[17188,623,722,52411,2367,772,7507,53290,468,35857,5077,3364,29,53288,954,34857,26315,295,52595,30,1664,41483,27963,53287,1420,53291,52412,53289,965,1209,1433,957,28676,3349,5206,15043,41150,16889,7376,26052,52413,2915,8173,10057],"class_list":{"0":"post-149025","1":"post","2":"type-post","3":"status-publish","4":"format-standard","5":"has-post-thumbnail","7":"category-bochum","8":"tag-1-fc-heidenheim","9":"tag-1-fc-koeln","10":"tag-722","11":"tag-aznou","12":"tag-bayer-04-leverkusen","13":"tag-bayern","14":"tag-bochum","15":"tag-brentford","16":"tag-champions-league","17":"tag-christoph-freund","18":"tag-davie-selke","19":"tag-de","20":"tag-deutschland","21":"tag-fc-brentford","22":"tag-fc-liverpool","23":"tag-fc-red-bull-salzburg","24":"tag-frans-kraetzig","25":"tag-freiburg","26":"tag-fussball-europameisterschaft","27":"tag-germany","28":"tag-graz","29":"tag-gregor-kobel","30":"tag-heidenheim","31":"tag-hugo-ekitike","32":"tag-koeln","33":"tag-lukas-hradecky","34":"tag-mark-flekken","35":"tag-matej-kovar","36":"tag-niederlande","37":"tag-nordrhein-westfalen","38":"tag-oesterreich","39":"tag-premier-league","40":"tag-ragnar-ache","41":"tag-real-madrid","42":"tag-rhein","43":"tag-salzburg","44":"tag-simon-rolfe","45":"tag-sk-sturm-graz","46":"tag-slowakei","47":"tag-tim-oermann","48":"tag-transfersommer","49":"tag-vfb-stuttgart","50":"tag-vfl-bochum","51":"tag-xabi-alonso"},"share_on_mastodon":{"url":"","error":"Validation failed: Text character limit of 500 exceeded"},"_links":{"self":[{"href":"https:\/\/www.europesays.com\/de\/wp-json\/wp\/v2\/posts\/149025","targetHints":{"allow":["GET"]}}],"collection":[{"href":"https:\/\/www.europesays.com\/de\/wp-json\/wp\/v2\/posts"}],"about":[{"href":"https:\/\/www.europesays.com\/de\/wp-json\/wp\/v2\/types\/post"}],"author":[{"embeddable":true,"href":"https:\/\/www.europesays.com\/de\/wp-json\/wp\/v2\/users\/2"}],"replies":[{"embeddable":true,"href":"https:\/\/www.europesays.com\/de\/wp-json\/wp\/v2\/comments?post=149025"}],"version-history":[{"count":0,"href":"https:\/\/www.europesays.com\/de\/wp-json\/wp\/v2\/posts\/149025\/revisions"}],"wp:featuredmedia":[{"embeddable":true,"href":"https:\/\/www.europesays.com\/de\/wp-json\/wp\/v2\/media\/149026"}],"wp:attachment":[{"href":"https:\/\/www.europesays.com\/de\/wp-json\/wp\/v2\/media?parent=149025"}],"wp:term":[{"taxonomy":"category","embeddable":true,"href":"https:\/\/www.europesays.com\/de\/wp-json\/wp\/v2\/categories?post=149025"},{"taxonomy":"post_tag","embeddable":true,"href":"https:\/\/www.europesays.com\/de\/wp-json\/wp\/v2\/tags?post=149025"}],"curies":[{"name":"wp","href":"https:\/\/api.w.org\/{rel}","templated":true}]}}