{"id":149410,"date":"2025-05-29T17:18:16","date_gmt":"2025-05-29T17:18:16","guid":{"rendered":"https:\/\/www.europesays.com\/de\/149410\/"},"modified":"2025-05-29T17:18:16","modified_gmt":"2025-05-29T17:18:16","slug":"hier-fallen-in-brandenburg-wochenlang-zuege-aus","status":"publish","type":"post","link":"https:\/\/www.europesays.com\/de\/149410\/","title":{"rendered":"Hier fallen in Brandenburg wochenlang Z\u00fcge aus"},"content":{"rendered":"<p class=\"font-sans font-medium\">Berlin. Pendler in Brandenburg m\u00fcssen sich im Juni und Juli auf deutlich l\u00e4ngere Fahrzeiten einstellen. Hier fallen wegen Arbeiten Z\u00fcge aus<\/p>\n<p>Bahnreisende der <strong>Linie RE1<\/strong> m\u00fcssen sich im Juni und Juli wegen Bauarbeiten auf massive Einschr\u00e4nkungen einstellen. Zwischen Brandenburg an der Havel und Potsdam f\u00e4llt die Verbindung wochenlang aus. Als Ersatz sollen Busse fahren.\u00a0<\/p>\n<p>Die Linie RE1 ist eine stark genutzte Strecke. Sie f\u00fchrt von Magdeburg \u00fcber <strong>Potsdam <\/strong>und <a href=\"https:\/\/morgenpost.de\/berlin\/\" target=\"_blank\" rel=\"nofollow noopener\">Berlin<\/a> bis nach Frankfurt (Oder) und Cottbus.<\/p>\n<p>Zwischen dem 6. und 23. Juni fallen alle Z\u00fcge der Linie zwischen Brandenburg Hauptbahnhof und Potsdam Hauptbahnhof aus, wie die <strong>Ostdeutsche Eisenbahngesellschaft (Odeg)<\/strong> ank\u00fcndigte. Auch die Strecke ab Berlin-Friedrichstra\u00dfe bis Brandenburg\/Havel ist zeitweise betroffen.\u00a0<\/p>\n<p>  Einschr\u00e4nkungen auch bei der Linie RE8  <\/p>\n<p>Vom 23. Juni bis 4. Juli gibt es zudem eine Sperrung der Verbindung Gro\u00df Kreutz &#8211; Brandenburg Hauptbahnhof. Auf dem Abschnitt Potsdam &#8211; Gro\u00df Kreutz verkehrt nur ein Zug pro Stunde und Richtung. Einschr\u00e4nkungen wurden auch bei der Linie RE8 angek\u00fcndigt.\u00a0<\/p>\n<p>   Morgenpost Sp\u00e4ti<\/p>\n<p class=\"text-body2 mt-2\">Hier steckt alles drin: Ihr Berlin-Update zum Feierabend \u2013 montags bis freitags um 18 Uhr.<\/p>\n<p class=\"text-caption text-copy-secondary\">\n          Mit meiner Anmeldung zum Newsletter stimme ich der<br \/>\n          <a href=\"https:\/\/www.morgenpost.de\/service\/newsletter-adconsent\" class=\"text-overline text-copy-accent-negative dark:underline\" rel=\"nofollow noopener\" target=\"_blank\">Werbevereinbarung<\/a><br \/>\n          zu.\n        <\/p>\n<p>Grund f\u00fcr die Vollsperrungen sind <strong>Gleiserneuerungen <\/strong>und Arbeiten an der Leit- und Sicherungstechnik. Reisende sollen mehr Zeit einplanen und sich vor Fahrtantritt \u00fcber m\u00f6gliche \u00c4nderungen informieren, hie\u00df es von der Odeg.<\/p>\n<p rel=\"author\" class=\"text-brand\">dpa<\/p>\n","protected":false},"excerpt":{"rendered":"Berlin. Pendler in Brandenburg m\u00fcssen sich im Juni und Juli auf deutlich l\u00e4ngere Fahrzeiten einstellen. Hier fallen wegen&hellip;\n","protected":false},"author":2,"featured_media":149411,"comment_status":"","ping_status":"","sticky":false,"template":"","format":"standard","meta":{"footnotes":""},"categories":[1825],"tags":[1941,1939,296,1937,29,30,1940,1938],"class_list":{"0":"post-149410","1":"post","2":"type-post","3":"status-publish","4":"format-standard","5":"has-post-thumbnail","7":"category-berlin","8":"tag-aktuelle-nachrichten-aus-berlin","9":"tag-aktuelle-news-aus-berlin","10":"tag-berlin","11":"tag-berlin-news","12":"tag-deutschland","13":"tag-germany","14":"tag-nachrichten-aus-berlin","15":"tag-news-aus-berlin"},"share_on_mastodon":{"url":"https:\/\/pubeurope.com\/@de\/114592265501113320","error":""},"_links":{"self":[{"href":"https:\/\/www.europesays.com\/de\/wp-json\/wp\/v2\/posts\/149410","targetHints":{"allow":["GET"]}}],"collection":[{"href":"https:\/\/www.europesays.com\/de\/wp-json\/wp\/v2\/posts"}],"about":[{"href":"https:\/\/www.europesays.com\/de\/wp-json\/wp\/v2\/types\/post"}],"author":[{"embeddable":true,"href":"https:\/\/www.europesays.com\/de\/wp-json\/wp\/v2\/users\/2"}],"replies":[{"embeddable":true,"href":"https:\/\/www.europesays.com\/de\/wp-json\/wp\/v2\/comments?post=149410"}],"version-history":[{"count":0,"href":"https:\/\/www.europesays.com\/de\/wp-json\/wp\/v2\/posts\/149410\/revisions"}],"wp:featuredmedia":[{"embeddable":true,"href":"https:\/\/www.europesays.com\/de\/wp-json\/wp\/v2\/media\/149411"}],"wp:attachment":[{"href":"https:\/\/www.europesays.com\/de\/wp-json\/wp\/v2\/media?parent=149410"}],"wp:term":[{"taxonomy":"category","embeddable":true,"href":"https:\/\/www.europesays.com\/de\/wp-json\/wp\/v2\/categories?post=149410"},{"taxonomy":"post_tag","embeddable":true,"href":"https:\/\/www.europesays.com\/de\/wp-json\/wp\/v2\/tags?post=149410"}],"curies":[{"name":"wp","href":"https:\/\/api.w.org\/{rel}","templated":true}]}}